{"id":19752,"date":"2025-06-05T04:28:53","date_gmt":"2025-06-05T01:28:53","guid":{"rendered":"https:\/\/antofapop.cl\/?p=19752"},"modified":"2025-06-05T04:31:16","modified_gmt":"2025-06-05T01:31:16","slug":"como-imaginas-el-futuro-de-maria-elena-partio-nueva-version-de-programa-participativo-de-minera-antucoya","status":"publish","type":"post","link":"https:\/\/antofapop.cl\/index.php\/2025\/06\/05\/como-imaginas-el-futuro-de-maria-elena-partio-nueva-version-de-programa-participativo-de-minera-antucoya\/","title":{"rendered":"\u00bfC\u00f3mo imaginas el futuro de Mar\u00eda Elena? Parti\u00f3 nueva versi\u00f3n de programa participativo de Minera Antucoya"},"content":{"rendered":"<div class='booster-block booster-read-block'>\n                <div class=\"twp-read-time\">\n                \t<i class=\"booster-icon twp-clock\"><\/i> <span>Tiempo de Lectura:<\/span>2 Minutos, 50 Segundos                <\/div>\n\n            <\/div>\n<p><strong><em>Este a\u00f1o incorpora nuevas formas de participaci\u00f3n y l\u00edneas de financiamiento que buscan mejorar la experiencia de vivir en la comuna a trav\u00e9s de la construcci\u00f3n participativa de iniciativas que respondan a las necesidades locales y contribuyan al desarrollo sustentable del territorio.<\/em><\/strong><\/p>\n\n\n\n<p>\u201cNuestra motivaci\u00f3n es ver una comuna diferente, con m\u00e1s vida, espacios limpios y donde las nuevas generaciones puedan disfrutar, por eso seguimos participando y agradecemos a Minera Antucoya por impulsar estos cambios con Di\u00e1logos para el Desarrollo\u201d. Miriam Araya es presidenta del Taller de Autoayuda \u2018La Esperanza\u2019, ha visto los impactos positivos y por eso a\u00f1o a a\u00f1o participa del programa comunitario que impulsa la compa\u00f1\u00eda en conjunto con la Ilustre Municipalidad en Mar\u00eda Elena.<\/p>\n\n\n\n<p>Ese esp\u00edritu fue reafirmado en el lanzamiento de la sexta versi\u00f3n de esta iniciativa, invitando a toda a la comunidad y actores locales en torno a la reflexi\u00f3n \u201c\u00bfC\u00f3mo imaginas el futuro de Maria Elena?\u201d Esta edici\u00f3n pone \u00e9nfasis en fortalecer la asociatividad entre organizaciones, promoviendo el trabajo conjunto como una herramienta para generar proyectos con mayor alcance, impacto y proyecci\u00f3n. Elizabeth Cort\u00e9s, dirigente de la Junta de Vecinos N\u00b0 2 \u2018Arturo Prat Chac\u00f3n\u2019, hizo eco de este llamado a la colaboraci\u00f3n: \u201cLa idea no es pensar individual, sino juntar varios pensamientos para lograr un proyecto que pueda tener un impacto a largo plazo en la comuna\u201d.<br><br>La ceremonia, realizada en el Teatro \u2018Jaime Guerra Y\u00e1\u00f1ez\u2019 de Mar\u00eda Elena, convoc\u00f3 a autoridades, ejecutivos de la compa\u00f1\u00eda, representantes comunitarios y organizaciones locales, quienes conocieron las nuevas l\u00edneas de financiamiento para este 2025, orientadas a bienestar comunitario, cultura, identidad y patrimonio, espacios p\u00fablicos y desarrollo de capacidades.&nbsp;<\/p>\n\n\n\n<p><strong>Rumbo al centenario<\/strong><br><br>La alcaldesa de Mar\u00eda Elena, Viviana Cuello, resalt\u00f3 que el trabajo colaborativo entre la empresa privada, lo p\u00fablico y la comunidad es fundamental para el desarrollo local, \u201cespecialmente pensando en nuestro camino al centenario. Invitamos a todas las organizaciones y personas con proyectos sustentables a participar, contar con mentor\u00eda y acompa\u00f1amiento para construir juntos el Mar\u00eda Elena que so\u00f1amos\u201d.&nbsp;<\/p>\n\n\n\n<p>Esta alianza de Minera Antucoya con distintos actores es parte del compromiso del Grupo con las comunidades vecinas. Al respecto, Felipe Alveal, gerente de Asuntos P\u00fablicos Norte de Antofagasta Minerals, destac\u00f3 la importancia del trabajo conjunto para levantar proyectos y soluciones de largo plazo: \u201cEste a\u00f1o quisimos poner el foco en dos conceptos: colaboraci\u00f3n y asociatividad, para que personas y organizaciones se sienten a trabajar en conjunto el futuro de su comuna\u201d.&nbsp;<\/p>\n\n\n\n<p><strong>Plazo de postulaci\u00f3n<\/strong><\/p>\n\n\n\n<p>Como parte del proceso 2025, la comunidad podr\u00e1 presentar las primeras ideas a contar del 5 de junio, las que pasar\u00e1n por etapas de an\u00e1lisis, mentor\u00eda y co-dise\u00f1o con el acompa\u00f1amiento de los equipos de Asuntos P\u00fablicos de Antucoya y organismos t\u00e9cnicos, para transformarlas en proyectos viables y sostenibles.<\/p>\n\n\n\n<p>Una vez maduradas las ideas como proyectos, deben postularse entre el 7 y 11 de julio a trav\u00e9s de la plataforma <a href=\"http:\/\/www.antucoyaparticipa.cl\">www.antucoyaparticipa.cl<\/a> y la votaci\u00f3n ciudadana ser\u00e1 entre el 6 y 11 de agosto. Las iniciativas seleccionadas ser\u00e1n ejecutadas entre septiembre de 2025 y marzo de 2026, con una inversi\u00f3n total de $80 millones.<\/p>\n\n\n\n<p>Desde su creaci\u00f3n en 2017, Di\u00e1logos para el Desarrollo se ha consolidado como una herramienta efectiva de vinculaci\u00f3n y participaci\u00f3n activa. En sus cinco ciclos previos ha impulsado 20 proyectos comunitarios, generando valor compartido y fortaleciendo el compromiso de la comunidad con el desarrollo sostenible de Mar\u00eda Elena.<\/p>\n","protected":false},"excerpt":{"rendered":"<p>Este a\u00f1o incorpora nuevas formas de participaci\u00f3n y l\u00edneas de financiamiento que buscan mejorar la experiencia de vivir en la comuna a trav\u00e9s de la construcci\u00f3n participativa de iniciativas que&hellip;<\/p>\n","protected":false},"author":1,"featured_media":19754,"comment_status":"closed","ping_status":"closed","sticky":false,"template":"","format":"standard","meta":{"_monsterinsights_skip_tracking":false,"_monsterinsights_sitenote_active":false,"_monsterinsights_sitenote_note":"","_monsterinsights_sitenote_category":0,"footnotes":""},"categories":[2237,9185],"tags":[6356,2238,3847,519,4610,2729,196,7684,1108,565],"class_list":["post-19752","post","type-post","status-publish","format-standard","has-post-thumbnail","hentry","category-maria-elena","category-mineria","tag-antucoya","tag-elena","tag-futuro","tag-maria","tag-maria-elena","tag-minera","tag-nueva","tag-participativo","tag-programa","tag-version"],"_links":{"self":[{"href":"https:\/\/antofapop.cl\/index.php\/wp-json\/wp\/v2\/posts\/19752"}],"collection":[{"href":"https:\/\/antofapop.cl\/index.php\/wp-json\/wp\/v2\/posts"}],"about":[{"href":"https:\/\/antofapop.cl\/index.php\/wp-json\/wp\/v2\/types\/post"}],"author":[{"embeddable":true,"href":"https:\/\/antofapop.cl\/index.php\/wp-json\/wp\/v2\/users\/1"}],"replies":[{"embeddable":true,"href":"https:\/\/antofapop.cl\/index.php\/wp-json\/wp\/v2\/comments?post=19752"}],"version-history":[{"count":1,"href":"https:\/\/antofapop.cl\/index.php\/wp-json\/wp\/v2\/posts\/19752\/revisions"}],"predecessor-version":[{"id":19753,"href":"https:\/\/antofapop.cl\/index.php\/wp-json\/wp\/v2\/posts\/19752\/revisions\/19753"}],"wp:featuredmedia":[{"embeddable":true,"href":"https:\/\/antofapop.cl\/index.php\/wp-json\/wp\/v2\/media\/19754"}],"wp:attachment":[{"href":"https:\/\/antofapop.cl\/index.php\/wp-json\/wp\/v2\/media?parent=19752"}],"wp:term":[{"taxonomy":"category","embeddable":true,"href":"https:\/\/antofapop.cl\/index.php\/wp-json\/wp\/v2\/categories?post=19752"},{"taxonomy":"post_tag","embeddable":true,"href":"https:\/\/antofapop.cl\/index.php\/wp-json\/wp\/v2\/tags?post=19752"}],"curies":[{"name":"wp","href":"https:\/\/api.w.org\/{rel}","templated":true}]}}