{"id":19791,"date":"2025-06-12T01:38:57","date_gmt":"2025-06-11T22:38:57","guid":{"rendered":"https:\/\/antofapop.cl\/?p=19791"},"modified":"2025-06-12T01:39:53","modified_gmt":"2025-06-11T22:39:53","slug":"foto-antofagasta-abre-su-convocatoria-para-jovenes-expositores-durante-el-2026","status":"publish","type":"post","link":"https:\/\/antofapop.cl\/index.php\/2025\/06\/12\/foto-antofagasta-abre-su-convocatoria-para-jovenes-expositores-durante-el-2026\/","title":{"rendered":"Foto Antofagasta abre su convocatoria para j\u00f3venes expositores durante el 2026"},"content":{"rendered":"<div class='booster-block booster-read-block'>\n                <div class=\"twp-read-time\">\n                \t<i class=\"booster-icon twp-clock\"><\/i> <span>Tiempo de Lectura:<\/span>2 Minutos, 24 Segundos                <\/div>\n\n            <\/div>\n<p><strong><em>La convocatoria est\u00e1 dirigida a j\u00f3venes entre 18 a 35 a\u00f1os, quienes deseen exponer sus trabajos fotogr\u00e1ficos de manera presencial junto a Balmaceda Arte Joven.<\/em><\/strong><\/p>\n\n\n\n<p>Balmaceda Arte Joven, junto a su iniciativa<strong> <\/strong>Foto Antofagasta<strong>,<\/strong> invitan a participar a todas las&nbsp;fot\u00f3grafas y fot\u00f3grafos j\u00f3venes, residentes o nacidos en la regi\u00f3n de Antofagasta, a la&nbsp;convocatoria abierta&nbsp;para su programaci\u00f3n expositiva del 2026.<\/p>\n\n\n\n<p>Foto Antofagasta es una plataforma creada en el a\u00f1o 2014 por Balmaceda Arte Joven, sede Antofagasta. Su objetivo es visibilizar el desarrollo del arte fotogr\u00e1fico regional, contribuyendo a la difusi\u00f3n de nuevos talentos, generando espacios de encuentro en torno a la fotograf\u00eda, y acercando al p\u00fablico a las im\u00e1genes y al lenguaje visual desarrollado por creadores de nuestra zona.<\/p>\n\n\n\n<p>Esta convocatoria entrega la posibilidad de realizar una&nbsp;exposici\u00f3n fotogr\u00e1fica presencial en la galer\u00eda de BAJ Antofagasta, durante el a\u00f1o 2026. Adem\u00e1s se realizar\u00e1 una exposici\u00f3n virtual mediante la web de BAJ.cl, y un soporte audiovisual sobre la muestra, sus obras y el autor\/a.<\/p>\n\n\n\n<p>El concurso est\u00e1 dirigido para <strong>creadoras\/es<\/strong> <strong>nacidos o residentes en la regi\u00f3n de Antofagasta<\/strong>, que posean trabajos en el \u00e1mbito de la fotograf\u00eda y las im\u00e1genes y que tengan&nbsp;<strong>entre 18 a 35 a\u00f1os al momento de postular<\/strong>. El&nbsp;<strong>plazo de postulaci\u00f3n es hasta el d\u00eda 04 de julio de 2025.<\/strong><\/p>\n\n\n\n<p>La tem\u00e1tica para la postulaci\u00f3n de este a\u00f1o, se centra en el concepto de <strong><em>Habitar el paisaje <\/em><\/strong>desde una mirada cr\u00edtica, sensible y colectiva. En la regi\u00f3n de Antofagasta, el paisaje es m\u00e1s que geograf\u00eda: es historia, cuerpo y conflicto, un espacio atravesado por tensiones sociales, ecol\u00f3gicas y pol\u00edticas. Se buscan propuestas frescas que cuestionen los relatos dominantes a trav\u00e9s de la experimentaci\u00f3n, la mezcla de lenguajes y la exploraci\u00f3n de nuevas formas de observar lo cotidiano.&nbsp;<\/p>\n\n\n\n<p>\u201cEl paisaje de la regi\u00f3n de Antofagasta, es un territorio cargado de historia, tensiones y posibilidades. Por esta raz\u00f3n nos interesa relevar miradas y voces emergentes, que entiendan la fotograf\u00eda como una herramienta para cuestionar, crear y transformar, invit\u00e1ndolos a imaginar el paisaje como protagonista, y no como un simple escenario de fondo\u201d, a\u00f1ade Jorge Wittwer, director de Balmaceda Arte Joven, sede Antofagasta.<\/p>\n\n\n\n<p>Por su parte, Fernanda S\u00e1nchez, artista expositora de Foto Antofagasta 2025, comenta sobre su experiencia participando en la iniciativa impulsada por BAJ, \u201cEstoy agradecida con la plataforma de Foto Antofagasta, porque ha logrado generar espacios y oportunidades para j\u00f3venes que exploran la fotograf\u00eda, logrando materializar sus visiones en propuestas expositivas cargadas de reflexiones s\u00faper significativas y de pertenencia local\u201d.<\/p>\n\n\n\n<p>Quienes deseen postular a la convocatoria para expositores 2026, deben revisar las bases y detalles sobre el proceso de <strong>postulaci\u00f3n, selecci\u00f3n y exposici\u00f3n<\/strong>, en la web de <a href=\"https:\/\/www.balmacedartejoven.cl\/site\/wp-content\/uploads\/2025\/06\/bases-convocatoria-foto-antofagasta-2026-v5-ok.pdf\"><strong>baj.cl<\/strong><\/a>. Para resolver dudas o consultas, pueden contactarnos al correo&nbsp;<a href=\"mailto:infoantofagasta@baj.cl\"><strong>infoantofagasta@baj.cl<\/strong><\/a>, o a los perfiles de instagram&nbsp;<a href=\"https:\/\/www.instagram.com\/fotoantofagasta.baj\/\"><strong>@fotoantofagasta.baj<\/strong><\/a>&nbsp;y&nbsp;<a href=\"https:\/\/www.instagram.com\/baj_antofagasta\/\"><strong>@baj_antofagasta<\/strong><\/a>.<\/p>\n","protected":false},"excerpt":{"rendered":"<p>La convocatoria est\u00e1 dirigida a j\u00f3venes entre 18 a 35 a\u00f1os, quienes deseen exponer sus trabajos fotogr\u00e1ficos de manera presencial junto a Balmaceda Arte Joven. Balmaceda Arte Joven, junto a&hellip;<\/p>\n","protected":false},"author":1,"featured_media":19792,"comment_status":"closed","ping_status":"closed","sticky":false,"template":"","format":"standard","meta":{"_monsterinsights_skip_tracking":false,"_monsterinsights_sitenote_active":false,"_monsterinsights_sitenote_note":"","_monsterinsights_sitenote_category":0,"footnotes":""},"categories":[2,178],"tags":[36,5,3383,7429,707],"class_list":["post-19791","post","type-post","status-publish","format-standard","has-post-thumbnail","hentry","category-antofagasta","category-arte-cultura","tag-antofagasta","tag-convocatoria","tag-expositores","tag-foto","tag-jovenes"],"_links":{"self":[{"href":"https:\/\/antofapop.cl\/index.php\/wp-json\/wp\/v2\/posts\/19791"}],"collection":[{"href":"https:\/\/antofapop.cl\/index.php\/wp-json\/wp\/v2\/posts"}],"about":[{"href":"https:\/\/antofapop.cl\/index.php\/wp-json\/wp\/v2\/types\/post"}],"author":[{"embeddable":true,"href":"https:\/\/antofapop.cl\/index.php\/wp-json\/wp\/v2\/users\/1"}],"replies":[{"embeddable":true,"href":"https:\/\/antofapop.cl\/index.php\/wp-json\/wp\/v2\/comments?post=19791"}],"version-history":[{"count":1,"href":"https:\/\/antofapop.cl\/index.php\/wp-json\/wp\/v2\/posts\/19791\/revisions"}],"predecessor-version":[{"id":19793,"href":"https:\/\/antofapop.cl\/index.php\/wp-json\/wp\/v2\/posts\/19791\/revisions\/19793"}],"wp:featuredmedia":[{"embeddable":true,"href":"https:\/\/antofapop.cl\/index.php\/wp-json\/wp\/v2\/media\/19792"}],"wp:attachment":[{"href":"https:\/\/antofapop.cl\/index.php\/wp-json\/wp\/v2\/media?parent=19791"}],"wp:term":[{"taxonomy":"category","embeddable":true,"href":"https:\/\/antofapop.cl\/index.php\/wp-json\/wp\/v2\/categories?post=19791"},{"taxonomy":"post_tag","embeddable":true,"href":"https:\/\/antofapop.cl\/index.php\/wp-json\/wp\/v2\/tags?post=19791"}],"curies":[{"name":"wp","href":"https:\/\/api.w.org\/{rel}","templated":true}]}}