{"id":19889,"date":"2025-07-19T00:28:32","date_gmt":"2025-07-18T21:28:32","guid":{"rendered":"https:\/\/antofapop.cl\/?p=19889"},"modified":"2025-07-19T00:32:20","modified_gmt":"2025-07-18T21:32:20","slug":"doce-proveedores-de-maria-elena-cuentan-con-mas-y-mejores-oportunidades-de-negocio","status":"publish","type":"post","link":"https:\/\/antofapop.cl\/index.php\/2025\/07\/19\/doce-proveedores-de-maria-elena-cuentan-con-mas-y-mejores-oportunidades-de-negocio\/","title":{"rendered":"Doce proveedores de Mar\u00eda Elena cuentan con m\u00e1s y mejores oportunidades de negocio"},"content":{"rendered":"<div class='booster-block booster-read-block'>\n                <div class=\"twp-read-time\">\n                \t<i class=\"booster-icon twp-clock\"><\/i> <span>Tiempo de Lectura:<\/span>3 Minutos, 16 Segundos                <\/div>\n\n            <\/div>\n<p><strong><em>Empresas locales participaron del Programa de Desarrollo de Proveedores Comunitarios de Minera Antucoya, fortaleci\u00e9ndose en \u00e1reas como gesti\u00f3n financiera, seguridad, estrategia y pitch comercial. Ejecutivos de la Compa\u00f1\u00eda fueron sus mentores durante ocho meses y participaron con ellos tambi\u00e9n en diferentes actividades.<\/em><\/strong><\/p>\n\n\n\n<p><strong><em>Ivo Fadic, gerente general de Minera Antucoya, precis\u00f3: \u201cSomos parte de esta comunidad y apoyar a quienes generan empleo y pueden llegar a trabajar colaborativamente con nosotros, es parte de nuestro prop\u00f3sito de desarrollar miner\u00eda para un futuro mejor\u201d.<\/em><\/strong><\/p>\n\n\n\n<p>Con renovadas herramientas y capacidades cuentan doce empresas de Mar\u00eda Elena, que finalizaron de manera exitosa su participaci\u00f3n en el programa de Desarrollo de Proveedores Comunitarios impulsado por Minera Antucoya, en colaboraci\u00f3n con el municipio local.<\/p>\n\n\n\n<p>La iniciativa busc\u00f3 el fortalecimiento de la formaci\u00f3n de los emprendedores locales y generar nuevas y mejores oportunidades de negocio en la comuna, prepar\u00e1ndolos para aprovechar oportunidades de licitaciones y negocios en cualquier empresa de la industria minera o de servicios.<\/p>\n\n\n\n<p>As\u00ed lo confirm\u00f3 la experiencia de Aracelli Alfaro, quien hace 32 a\u00f1os administra el Hospedaje \u2018Jor\u2019. \u201cTuvimos un acompa\u00f1amiento permanente de los mentores de Antucoya, quienes nos ense\u00f1aron incluso tecnolog\u00eda, en mi caso, para implementar en el negocio. Con las herramientas que nos dieron, ya estoy viendo muchos resultados. Fue un programa buen\u00edsimo\u201d.<\/p>\n\n\n\n<p>Durante las jornadas, las y los participantes fueron capacitados en diversas \u00e1reas, como gesti\u00f3n financiera, seguridad, desarrollo estrat\u00e9gico y pitch comercial, entregando junto a ello mentor\u00edas a cargo de ejecutivos y supervisores de la Compa\u00f1\u00eda y adem\u00e1s, tuvieron la oportunidad de ser los protagonistas de un networking donde presentaron sus servicios a \u00e1reas estrat\u00e9gicas de abastecimiento de la operaci\u00f3n.<\/p>\n\n\n\n<p>Resultados<\/p>\n\n\n\n<p>Entre los resultados relevantes del programa destac\u00f3 que el 82% de los proveedores locales logr\u00f3 reformular o fortalecer su propuesta de valor, el 92% aplic\u00f3 nuevas t\u00e9cnicas de venta, como la negociaci\u00f3n y fidelizaci\u00f3n de clientes y un 91% ampli\u00f3 su red de contactos, mientras que el 73% mejor\u00f3 su uso de redes sociales con fines comerciales.<\/p>\n\n\n\n<p>La instancia fue agradecida por Yukio Sato, gerente de YSC. \u201cPara m\u00ed fue muy gratificante y aprovech\u00e9 al m\u00e1ximo la oportunidad que me brindaron, los cursos y las mentor\u00edas. Pese a que tengo a\u00f1os en mi empresa, me faltaba aprender muchas cosas que mi mentor me ense\u00f1\u00f3. Inici\u00e9 un buen camino para el d\u00eda de ma\u00f1ana poder ser grande. De hecho, ya estoy postulando en dos licitaciones\u201d, asegur\u00f3.<\/p>\n\n\n\n<p>Al potenciar a los proveedores locales, con la preparaci\u00f3n necesaria para ofrecer sus servicios a la industria y ampliar su red de clientes, el programa reafirm\u00f3 el compromiso de la operaci\u00f3n de Antofagasta Minerals con el desarrollo sostenible de la comunidad de Mar\u00eda Elena.<\/p>\n\n\n\n<p>Lo anterior fue reforzado por Ivo Fadic, gerente general de Minera Antucoya: \u201cSomos parte de esta comunidad y apoyar a quienes generan empleo y pueden llegar a trabajar colaborativamente con nosotros, es parte de nuestro prop\u00f3sito de desarrollar miner\u00eda para un futuro mejor\u201d.<\/p>\n\n\n\n<p>El impacto del programa, tanto para los participantes como para el desarrollo sostenible de la localidad fue relevado tambi\u00e9n por su alcaldesa, Viviana Cuello. \u201cEs una alianza muy gratificante para nuestros proveedores locales, donde el trabajo en estos meses, la colaboraci\u00f3n, y todas las herramientas que se les entregaron, estamos seguros que vienen a sumar al desarrollo de nuestra comuna\u201d.<\/p>\n\n\n\n<p>Proceso<\/p>\n\n\n\n<p>El proceso formativo contempl\u00f3 capacitaciones t\u00e9cnicas y comerciales en ocho jornadas, m\u00e1s una sesi\u00f3n pr\u00e1ctica de elevator pitch, que les ense\u00f1\u00f3 a los beneficiados a mejorar la presentaci\u00f3n de sus empresas y propuestas de valor para futuras oportunidades de negocio. Adem\u00e1s, entreg\u00f3 asesor\u00edas personalizadas, con apoyo directo y espec\u00edfico a cada proveedor.&nbsp;<\/p>\n\n\n\n<p>Junto a ello fueron entregadas mentor\u00edas empresariales de 24 profesionales de Antucoya, quienes compartieron su experiencia y conocimientos durante siete u ocho sesiones por empresa. Otro de los componentes clave fue la red de contactos y networking, que les brind\u00f3 la oportunidad de vincularse con potenciales nuevos clientes, as\u00ed como fortalecer el posicionamiento de sus servicios.<\/p>\n","protected":false},"excerpt":{"rendered":"<p>Empresas locales participaron del Programa de Desarrollo de Proveedores Comunitarios de Minera Antucoya, fortaleci\u00e9ndose en \u00e1reas como gesti\u00f3n financiera, seguridad, estrategia y pitch comercial. Ejecutivos de la Compa\u00f1\u00eda fueron sus&hellip;<\/p>\n","protected":false},"author":1,"featured_media":19891,"comment_status":"closed","ping_status":"closed","sticky":false,"template":"","format":"standard","meta":{"_monsterinsights_skip_tracking":false,"_monsterinsights_sitenote_active":false,"_monsterinsights_sitenote_note":"","_monsterinsights_sitenote_category":0,"footnotes":""},"categories":[2237,9185],"tags":[10144,2238,4610,254,2468,8011,4117],"class_list":["post-19889","post","type-post","status-publish","format-standard","has-post-thumbnail","hentry","category-maria-elena","category-mineria","tag-doce","tag-elena","tag-maria-elena","tag-mas","tag-mejores","tag-negocio","tag-proveedores"],"_links":{"self":[{"href":"https:\/\/antofapop.cl\/index.php\/wp-json\/wp\/v2\/posts\/19889"}],"collection":[{"href":"https:\/\/antofapop.cl\/index.php\/wp-json\/wp\/v2\/posts"}],"about":[{"href":"https:\/\/antofapop.cl\/index.php\/wp-json\/wp\/v2\/types\/post"}],"author":[{"embeddable":true,"href":"https:\/\/antofapop.cl\/index.php\/wp-json\/wp\/v2\/users\/1"}],"replies":[{"embeddable":true,"href":"https:\/\/antofapop.cl\/index.php\/wp-json\/wp\/v2\/comments?post=19889"}],"version-history":[{"count":1,"href":"https:\/\/antofapop.cl\/index.php\/wp-json\/wp\/v2\/posts\/19889\/revisions"}],"predecessor-version":[{"id":19890,"href":"https:\/\/antofapop.cl\/index.php\/wp-json\/wp\/v2\/posts\/19889\/revisions\/19890"}],"wp:featuredmedia":[{"embeddable":true,"href":"https:\/\/antofapop.cl\/index.php\/wp-json\/wp\/v2\/media\/19891"}],"wp:attachment":[{"href":"https:\/\/antofapop.cl\/index.php\/wp-json\/wp\/v2\/media?parent=19889"}],"wp:term":[{"taxonomy":"category","embeddable":true,"href":"https:\/\/antofapop.cl\/index.php\/wp-json\/wp\/v2\/categories?post=19889"},{"taxonomy":"post_tag","embeddable":true,"href":"https:\/\/antofapop.cl\/index.php\/wp-json\/wp\/v2\/tags?post=19889"}],"curies":[{"name":"wp","href":"https:\/\/api.w.org\/{rel}","templated":true}]}}