{"id":20042,"date":"2025-09-02T00:48:27","date_gmt":"2025-09-01T21:48:27","guid":{"rendered":"https:\/\/antofapop.cl\/?p=20042"},"modified":"2025-09-02T00:48:27","modified_gmt":"2025-09-01T21:48:27","slug":"ninos-aprenden-a-cuidar-el-medio-ambiente","status":"publish","type":"post","link":"https:\/\/antofapop.cl\/index.php\/2025\/09\/02\/ninos-aprenden-a-cuidar-el-medio-ambiente\/","title":{"rendered":"Ni\u00f1os aprenden a cuidar el medio ambiente"},"content":{"rendered":"<div class='booster-block booster-read-block'>\n                <div class=\"twp-read-time\">\n                \t<i class=\"booster-icon twp-clock\"><\/i> <span>Tiempo de Lectura:<\/span>2 Minutos, 23 Segundos                <\/div>\n\n            <\/div>\n<p><strong><em>Lomas Bayas fortalece la educaci\u00f3n ambiental en Calama con nuevo programa para la primera infancia<\/em><\/strong>.<\/p>\n\n\n\n<p>Con el \u00e1nimo de incentivar el amor y el respeto por la naturaleza desde la primera infancia, Compa\u00f1\u00eda Minera Lomas Bayas dio inicio a un innovador programa educativo para los ni\u00f1os y ni\u00f1as de los jardines infantiles Tamarugo y Ckapin Panni de Calama. Esta iniciativa busca fortalecer el v\u00ednculo entre la comunidad local y el entorno natural del parque Explora Lomas.<\/p>\n\n\n\n<p>Durante una jornada, 50 ni\u00f1os y ni\u00f1as participaron activamente en talleres pr\u00e1cticos enfocados en el cultivo de huertos caseros. A trav\u00e9s de din\u00e1micas l\u00fadicas y educativas, exploraron el proceso de siembra, el cuidado de las plantas, el ciclo de vida de una semilla y la importancia de la biodiversidad. Esta experiencia se extendi\u00f3 a sus familias, quienes fueron parte del aprendizaje mediante la entrega de materiales y recomendaciones para crear huertos en casa, promoviendo as\u00ed una cultura ambiental que va m\u00e1s all\u00e1 del aula y se integra en la vida cotidiana.<\/p>\n\n\n\n<p>\u201cEnse\u00f1ar a plantar y comprender c\u00f3mo una semilla germina es tambi\u00e9n un s\u00edmbolo de transformaci\u00f3n personal y comunitaria. Creemos firmemente que este proyecto contribuye a mejorar la vida de las personas y fortalece nuestra relaci\u00f3n con el entorno\u201d, se\u00f1al\u00f3 <strong>Mariela Dahmen<\/strong>, jefa de Asuntos P\u00fablicos y Comunidades de Lomas Bayas.<\/p>\n\n\n\n<p>El programa contempla adem\u00e1s la apertura progresiva del parque <strong>Explora Lomas<\/strong>, un bosque xerof\u00edtico de 20 hect\u00e1reas que comenzar\u00e1 a recibir visitas guiadas de grupos escolares. En el corto plazo, se proyecta abrir sus puertas al p\u00fablico general, consolid\u00e1ndose como un espacio de encuentro, aprendizaje y conexi\u00f3n con la biodiversidad local.<\/p>\n\n\n\n<p>Desde los jardines infantiles participantes, se valor\u00f3 profundamente la experiencia.&nbsp;<\/p>\n\n\n\n<p>\u201cHa sido muy significativo para nuestros ni\u00f1os y ni\u00f1as. Incluir a las familias en esta actividad nos permiti\u00f3 generar un aprendizaje conjunto y acercarles a la importancia de cuidar la biodiversidad que nos rodea\u201d, expres\u00f3 <strong>Rosa Honores<\/strong>, directora del jard\u00edn Ckapin Panni.<\/p>\n\n\n\n<p>La implementaci\u00f3n del programa cuenta con el apoyo t\u00e9cnico de organizaciones especializadas en educaci\u00f3n ambiental, que colaboran en el dise\u00f1o de contenidos y metodolog\u00edas adaptadas a la edad de los participantes. \u201cApoyar el aprendizaje sobre siembra es clave para desarrollar habilidades que pueden contribuir a enfrentar desaf\u00edos como el hambre mundial\u201d, coment\u00f3 <strong>Daniela N\u00fa\u00f1ez<\/strong>, directora de proyectos de Verdical.<\/p>\n\n\n\n<p>Esta iniciativa se suma al trabajo que Lomas Bayas viene desarrollando para fortalecer la educaci\u00f3n ambiental en la comuna, mediante actividades que promueven la conexi\u00f3n con la naturaleza desde la infancia. El programa continuar\u00e1 en colaboraci\u00f3n con establecimientos educacionales de la regi\u00f3n, como parte de una estrategia de vinculaci\u00f3n que busca generar impactos positivos y sostenibles.<\/p>\n\n\n\n<p>As\u00ed, Lomas Bayas promueve valores que trascienden la operaci\u00f3n minera y aporta al desarrollo integral de Calama, impulsando experiencias formativas que incentivan el cuidado del medio ambiente como parte de una convivencia consciente y respetuosa con el lugar que habitamos.<\/p>\n","protected":false},"excerpt":{"rendered":"<p>Lomas Bayas fortalece la educaci\u00f3n ambiental en Calama con nuevo programa para la primera infancia. Con el \u00e1nimo de incentivar el amor y el respeto por la naturaleza desde la&hellip;<\/p>\n","protected":false},"author":1,"featured_media":20043,"comment_status":"closed","ping_status":"closed","sticky":false,"template":"","format":"standard","meta":{"_monsterinsights_skip_tracking":false,"_monsterinsights_sitenote_active":false,"_monsterinsights_sitenote_note":"","_monsterinsights_sitenote_category":0,"footnotes":""},"categories":[2221,897],"tags":[1174,2222,1173,1516,1788,706],"class_list":["post-20042","post","type-post","status-publish","format-standard","has-post-thumbnail","hentry","category-calama","category-medio-ambiente-y-sustentabilidad","tag-ambiente","tag-calama","tag-medio","tag-medioambiente","tag-ninas","tag-ninos"],"_links":{"self":[{"href":"https:\/\/antofapop.cl\/index.php\/wp-json\/wp\/v2\/posts\/20042"}],"collection":[{"href":"https:\/\/antofapop.cl\/index.php\/wp-json\/wp\/v2\/posts"}],"about":[{"href":"https:\/\/antofapop.cl\/index.php\/wp-json\/wp\/v2\/types\/post"}],"author":[{"embeddable":true,"href":"https:\/\/antofapop.cl\/index.php\/wp-json\/wp\/v2\/users\/1"}],"replies":[{"embeddable":true,"href":"https:\/\/antofapop.cl\/index.php\/wp-json\/wp\/v2\/comments?post=20042"}],"version-history":[{"count":1,"href":"https:\/\/antofapop.cl\/index.php\/wp-json\/wp\/v2\/posts\/20042\/revisions"}],"predecessor-version":[{"id":20044,"href":"https:\/\/antofapop.cl\/index.php\/wp-json\/wp\/v2\/posts\/20042\/revisions\/20044"}],"wp:featuredmedia":[{"embeddable":true,"href":"https:\/\/antofapop.cl\/index.php\/wp-json\/wp\/v2\/media\/20043"}],"wp:attachment":[{"href":"https:\/\/antofapop.cl\/index.php\/wp-json\/wp\/v2\/media?parent=20042"}],"wp:term":[{"taxonomy":"category","embeddable":true,"href":"https:\/\/antofapop.cl\/index.php\/wp-json\/wp\/v2\/categories?post=20042"},{"taxonomy":"post_tag","embeddable":true,"href":"https:\/\/antofapop.cl\/index.php\/wp-json\/wp\/v2\/tags?post=20042"}],"curies":[{"name":"wp","href":"https:\/\/api.w.org\/{rel}","templated":true}]}}