{"id":20125,"date":"2025-09-03T20:26:00","date_gmt":"2025-09-03T17:26:00","guid":{"rendered":"https:\/\/antofapop.cl\/?p=20125"},"modified":"2025-09-03T20:26:00","modified_gmt":"2025-09-03T17:26:00","slug":"destacan-pago-del-nuevo-monto-de-la-pension-garantizada-universal-a-250-mil","status":"publish","type":"post","link":"https:\/\/antofapop.cl\/index.php\/2025\/09\/03\/destacan-pago-del-nuevo-monto-de-la-pension-garantizada-universal-a-250-mil\/","title":{"rendered":"Destacan pago del nuevo monto de la Pensi\u00f3n Garantizada Universal a $250 mil"},"content":{"rendered":"<div class='booster-block booster-read-block'>\n                <div class=\"twp-read-time\">\n                \t<i class=\"booster-icon twp-clock\"><\/i> <span>Tiempo de Lectura:<\/span>3 Minutos, 30 Segundos                <\/div>\n\n            <\/div>\n<p><em><strong>Beneficio incorpora a beneficiarios de leyes reparatorias<\/strong>.<\/em><\/p>\n\n\n\n<p>Eleuterio Naranjo Meneses de 85 a\u00f1os forma parte del primer grupo de beneficiarios con el aumento de la Pensi\u00f3n Garantizada Universal, PGU, a $250.000.&nbsp;<\/p>\n\n\n\n<p>Casado hace 58 a\u00f1os con Ana Herrera Videla y ex trabajador de la Universidad de Chile por 20 a\u00f1os manifiesta estar feliz y agradecido con este incremento. \u201cMe parece una buena medida de Gobierno que favorece a mucha gente que lo tiene bien merecido, porque ha trabajado bastante tiempo y nos llega en un momento adecuado, es sin duda un aporte importante\u201d, recalc\u00f3.&nbsp;&nbsp;<\/p>\n\n\n\n<p>Esta buena noticia para m\u00e1s de 7 mil pensionados de la regi\u00f3n de Antofagasta fue dada a conocer por la Delegada Presidencial Regional, Karen Behrens, junto a la seremi del Trabajo y Previsi\u00f3n Social, Camila Cort\u00e9s y la directora regional del Instituto de Previsi\u00f3n Social, Ruth Rodr\u00edguez.<\/p>\n\n\n\n<p>Las autoridades llegaron hasta la sucursal de IPS-ChileAtiende donde compartieron con beneficiarios, ocasi\u00f3n donde la Delegada Presidencial Regional Karen Behrens Navarrete expres\u00f3 que \u201csin dudas, estamos siendo parte de un hito muy importante. Ya comenzamos con el aumento de la PGU a 250 mil pesos para los mayores de 82 a\u00f1os, en una reforma que tiene gradualidad. Hoy en la regi\u00f3n, m\u00e1s de 55 mil personas est\u00e1n recibiendo la PGU, por lo tanto es un beneficio que trae justicia a quienes han trabajado toda su vida, por nosotros y nosotras, y que hoy necesitan el apoyo del todo el pa\u00eds\u201d.<\/p>\n\n\n\n<p>La seremi del Trabajo y Previsi\u00f3n Social, Camila Cort\u00e9s Ruiz, recalc\u00f3 que \u201cel acceso de la Pensi\u00f3n Garantizada Universal (PGU) se ampl\u00eda a beneficiarios de leyes reparatorias (Exonerados, Ley Rettig, Ley Valech), que en la regi\u00f3n en esta primera instancia alcanza a 126 personas. Hay que recordar que la PGU no es un beneficio autom\u00e1tico hay que postular a trav\u00e9s de los canales de ChileAtiende y cumplir con los requisitos de ser mayor de 65 a\u00f1os con una residencia superior a 20 a\u00f1os en Chile. En la regi\u00f3n hemos detectado que m\u00e1s 400 personas que cumplen con los requisitos para acceder a la PGU a\u00fan no postulan, por lo que el llamado es a que puedan realizar el tr\u00e1mite\u201d.&nbsp;<\/p>\n\n\n\n<p>La autoridad laboral agreg\u00f3 que desde septiembre se benefician con el incremento las personas de 82 y m\u00e1s a\u00f1os que tienen PGU; el a\u00f1o 2026 corresponder\u00e1 el aumento para quienes tengan 75 o m\u00e1s a\u00f1os y el 2027 para las personas de 65 y m\u00e1s a\u00f1os.&nbsp;<\/p>\n\n\n\n<p><strong>Aguinaldo Fiestas Patrias&nbsp;&nbsp;&nbsp;<\/strong><\/p>\n\n\n\n<p>En la oportunidad, se dio a conocer el pago del Aguinaldo de Fiestas Patrias para los pensionados que en la regi\u00f3n beneficiar\u00e1 alrededor de 65 mil personas. En este sentido, la directora regional del IPS, Ruth Rodr\u00edguez Venegas, inform\u00f3 que para este a\u00f1o, el monto del beneficio es de $25.280 por persona pensionada.&nbsp;<\/p>\n\n\n\n<p>En algunos casos, cuando se registran cargas familiares acreditadas al 31 de agosto, al monto del aguinaldo se sumar\u00e1n $12.969 por cada una de esas cargas.&nbsp;<\/p>\n\n\n\n<p>Elvira Aguayo Reyes es una de las beneficiarias de este aporte, quien coment\u00f3 que \u201ceste aguinaldo es bueno porque ayuda en el consumo que tenemos muchas veces.&nbsp; A m\u00ed me ayuda para hacer comida m\u00e1s agradable en Fiestas Patrias, empanaditas o un asadito, para darle a mis hijos y mis nietos. Yo recibo la PGU y es una ayuda muy grande que se le da a las madres que nos dedicamos a criar a nuestros hijos\u201d.<\/p>\n\n\n\n<p>Es importante recordar que el Aguinaldo de Fiestas Patrias se paga directamente, sin necesidad de postulaciones, junto con la pensi\u00f3n del mes. Por ello, las autoridades llamaron a tener precauci\u00f3n ante eventuales intentos de fraude de sitios web no oficiales u otras formas de contacto que inviten a postular a este beneficio. En este contexto, la Delegada Presidencial Regional, Karen Behrens, manifest\u00f3 que \u201cse hizo una coordinaci\u00f3n a trav\u00e9s de la Seremi de Seguridad P\u00fablica con las polic\u00edas, para el resguardo de nuestros adultos mayores\u201d.&nbsp;<\/p>\n\n\n\n<p>Para m\u00e1s informaci\u00f3n los canales oficiales del IPS son los sitios web www.ips.gob.cl, www.chileatiende.cl, redes sociales @chileatiende, el Call Center 101 y las sucursales IPS-ChileAtiende a lo largo del pa\u00eds.<\/p>\n\n\n\n<p><\/p>\n","protected":false},"excerpt":{"rendered":"<p>Beneficio incorpora a beneficiarios de leyes reparatorias. Eleuterio Naranjo Meneses de 85 a\u00f1os forma parte del primer grupo de beneficiarios con el aumento de la Pensi\u00f3n Garantizada Universal, PGU, a&hellip;<\/p>\n","protected":false},"author":1,"featured_media":20126,"comment_status":"closed","ping_status":"closed","sticky":false,"template":"","format":"standard","meta":{"_monsterinsights_skip_tracking":false,"_monsterinsights_sitenote_active":false,"_monsterinsights_sitenote_note":"","_monsterinsights_sitenote_category":0,"footnotes":""},"categories":[2405,9263],"tags":[1032,10218,8775,10219,10220,9082],"class_list":["post-20125","post","type-post","status-publish","format-standard","has-post-thumbnail","hentry","category-region","category-sociedad","tag-mil","tag-monto","tag-pago","tag-pension","tag-pgu","tag-universal"],"_links":{"self":[{"href":"https:\/\/antofapop.cl\/index.php\/wp-json\/wp\/v2\/posts\/20125"}],"collection":[{"href":"https:\/\/antofapop.cl\/index.php\/wp-json\/wp\/v2\/posts"}],"about":[{"href":"https:\/\/antofapop.cl\/index.php\/wp-json\/wp\/v2\/types\/post"}],"author":[{"embeddable":true,"href":"https:\/\/antofapop.cl\/index.php\/wp-json\/wp\/v2\/users\/1"}],"replies":[{"embeddable":true,"href":"https:\/\/antofapop.cl\/index.php\/wp-json\/wp\/v2\/comments?post=20125"}],"version-history":[{"count":1,"href":"https:\/\/antofapop.cl\/index.php\/wp-json\/wp\/v2\/posts\/20125\/revisions"}],"predecessor-version":[{"id":20127,"href":"https:\/\/antofapop.cl\/index.php\/wp-json\/wp\/v2\/posts\/20125\/revisions\/20127"}],"wp:featuredmedia":[{"embeddable":true,"href":"https:\/\/antofapop.cl\/index.php\/wp-json\/wp\/v2\/media\/20126"}],"wp:attachment":[{"href":"https:\/\/antofapop.cl\/index.php\/wp-json\/wp\/v2\/media?parent=20125"}],"wp:term":[{"taxonomy":"category","embeddable":true,"href":"https:\/\/antofapop.cl\/index.php\/wp-json\/wp\/v2\/categories?post=20125"},{"taxonomy":"post_tag","embeddable":true,"href":"https:\/\/antofapop.cl\/index.php\/wp-json\/wp\/v2\/tags?post=20125"}],"curies":[{"name":"wp","href":"https:\/\/api.w.org\/{rel}","templated":true}]}}