{"id":20134,"date":"2025-09-03T21:06:37","date_gmt":"2025-09-03T18:06:37","guid":{"rendered":"https:\/\/antofapop.cl\/?p=20134"},"modified":"2025-09-03T21:06:38","modified_gmt":"2025-09-03T18:06:38","slug":"adjudican-proyecto-que-formara-a-especialistas-medicos-en-areas-criticas","status":"publish","type":"post","link":"https:\/\/antofapop.cl\/index.php\/2025\/09\/03\/adjudican-proyecto-que-formara-a-especialistas-medicos-en-areas-criticas\/","title":{"rendered":"Adjudican proyecto que formar\u00e1 a especialistas m\u00e9dicos en \u00e1reas cr\u00edticas"},"content":{"rendered":"<div class='booster-block booster-read-block'>\n                <div class=\"twp-read-time\">\n                \t<i class=\"booster-icon twp-clock\"><\/i> <span>Tiempo de Lectura:<\/span>2 Minutos, 45 Segundos                <\/div>\n\n            <\/div>\n<p><em><strong>M\u00e9dicos Generales, se perfeccionar\u00e1n en Psiquiatr\u00eda Infantojuvenil, Urgenciolog\u00eda y Cirug\u00eda General en universidades nacionales, quienes volver\u00e1n a la regi\u00f3n por al menos seis a\u00f1os, aportando a la equidad territorial y al desarrollo cient\u00edfico regional.<\/strong><\/em><\/p>\n\n\n\n<p>El Departamento de Ciencias M\u00e9dicas de la Facultad de Medicina y Odontolog\u00eda de la Universidad de Antofagasta (UA), se adjudic\u00f3 un innovador proyecto en los fondos del Gobierno Regional para la productividad y desarrollo de la regi\u00f3n, titulado \u201cFormaci\u00f3n de especialistas m\u00e9dicos con enfoque acad\u00e9mico para fortalecer la salud p\u00fablica en la regi\u00f3n de Antofagasta, impulsando el desarrollo territorial sostenible\u201d.<\/p>\n\n\n\n<p>La iniciativa, busca contribuir al desarrollo territorial mediante la formaci\u00f3n de tres m\u00e9dicos generales, los que se especializar\u00e1n en universidades del pa\u00eds en \u00e1reas cr\u00edticas como Psiquiatr\u00eda Infanto-juvenil, Urgenciolog\u00eda y Cirug\u00eda General, logrando adem\u00e1s fortalecer la educaci\u00f3n m\u00e9dica, la capacidad docente y la producci\u00f3n cient\u00edfica local.<\/p>\n\n\n\n<p>La ejecuci\u00f3n del proyecto cuenta con un financiamiento cercano a los 300 millones de pesos (297 millones), monto que ser\u00e1 destinado principalmente al pago de aranceles de formaci\u00f3n de los especialistas y a la contrataci\u00f3n de nuevos profesionales que reemplazar\u00e1n a los m\u00e9dicos que saldr\u00e1n a perfeccionarse.<strong>&nbsp;<\/strong><\/p>\n\n\n\n<p>Las o los m\u00e9dicos seleccionados, realizar\u00e1n sus especialidades en universidades nacionales. Posteriormente, deber\u00e1n retornar a Antofagasta durante al menos seis a\u00f1os, garantizando as\u00ed la fidelizaci\u00f3n del talento local y el fortalecimiento de la salud p\u00fablica regional.<\/p>\n\n\n\n<p>Cabe destacar que actualmente, la regi\u00f3n de Antofagasta carece de especialistas en Psiquiatr\u00eda Infanto-juvenil, adem\u00e1s existen dos emergenci\u00f3logos que enfrentan listas de espera quir\u00fargicas superiores a 6.000 pacientes.&nbsp;<\/p>\n\n\n\n<p>El proyecto, estar\u00e1 dirigido por las profesionales del Departamento de Ciencias M\u00e9dicas de la Facultad de Medicina y Odontolog\u00eda de la Universidad de Antofagasta, matrona B\u00e1rbara Guti\u00e9rrez Pereira como directora y de la enfermera Mar\u00eda Jos\u00e9 Navarro como subdirectora.&nbsp;<\/p>\n\n\n\n<p>\u201cEste proyecto, permitir\u00e1 no solo responder a las necesidades cr\u00edticas de salud de nuestra regi\u00f3n, sino tambi\u00e9n asegurar que las y los m\u00e9dicos que se especialicen en universidades nacionales regresen a la regi\u00f3n de Antofagasta para aportar con sus conocimientos\u201d, indic\u00f3 la directora del proyecto, B\u00e1rbara Guti\u00e9rrez.<\/p>\n\n\n\n<p>\u201cSu retorno fortalecer\u00e1 la red asistencial y, al mismo tiempo, la capacidad acad\u00e9mica y cient\u00edfica de nuestra universidad, contribuyendo a la formaci\u00f3n de nuevas generaciones de profesionales y al desarrollo de l\u00edneas de investigaci\u00f3n con enfoque regional\u201d, se\u00f1al\u00f3 B\u00e1rbara Guti\u00e9rrez.<\/p>\n\n\n\n<p>Asimismo, la directora del Departamento de Ciencias M\u00e9dicas de la UA, Karina D\u00edaz D\u00edaz, se\u00f1al\u00f3 que \u201cla adjudicaci\u00f3n de este proyecto es un hito muy importante, ya que demuestra el compromiso de la instituci\u00f3n con las necesidades reales de la regi\u00f3n. Quiero destacar adem\u00e1s, la gran labor que han realizado las colegas B\u00e1rbara Guti\u00e9rrez y Mar\u00eda Jos\u00e9 Navarro que dedicaci\u00f3n y compromiso, lograron el \u00e9xito del proyecto\u201d.<\/p>\n\n\n\n<p>\u201cSi bien la formaci\u00f3n de los especialistas, se desarrollar\u00e1 en universidades nacionales, su retorno a la UA y a la red asistencial por al menos seis a\u00f1os, permitir\u00e1 fortalecer la capacidad acad\u00e9mica, cient\u00edfica y asistencial en \u00e1reas cr\u00edticas para nuestra comunidad. Este proyecto, nos posiciona como un actor clave en el desarrollo territorial sostenible de Antofagasta\u201d, recalc\u00f3 Karina D\u00edaz.<\/p>\n\n\n\n<p>Cabe destacar que el proyecto promueve adem\u00e1s, la investigaci\u00f3n regional con la generaci\u00f3n de l\u00edneas de estudio centradas en patolog\u00edas prevalentes en la regi\u00f3n, contribuyendo al desarrollo cient\u00edfico y al fortalecimiento de los programas de especialidades m\u00e9dicas en la universidad.<\/p>\n","protected":false},"excerpt":{"rendered":"<p>M\u00e9dicos Generales, se perfeccionar\u00e1n en Psiquiatr\u00eda Infantojuvenil, Urgenciolog\u00eda y Cirug\u00eda General en universidades nacionales, quienes volver\u00e1n a la regi\u00f3n por al menos seis a\u00f1os, aportando a la equidad territorial y&hellip;<\/p>\n","protected":false},"author":1,"featured_media":20135,"comment_status":"closed","ping_status":"closed","sticky":false,"template":"","format":"standard","meta":{"_monsterinsights_skip_tracking":false,"_monsterinsights_sitenote_active":false,"_monsterinsights_sitenote_note":"","_monsterinsights_sitenote_category":0,"footnotes":""},"categories":[2405,6698],"tags":[5410,10221,7672,6899,373],"class_list":["post-20134","post","type-post","status-publish","format-standard","has-post-thumbnail","hentry","category-region","category-salud","tag-areas","tag-criticas","tag-especialistas","tag-medicos","tag-proyecto"],"_links":{"self":[{"href":"https:\/\/antofapop.cl\/index.php\/wp-json\/wp\/v2\/posts\/20134"}],"collection":[{"href":"https:\/\/antofapop.cl\/index.php\/wp-json\/wp\/v2\/posts"}],"about":[{"href":"https:\/\/antofapop.cl\/index.php\/wp-json\/wp\/v2\/types\/post"}],"author":[{"embeddable":true,"href":"https:\/\/antofapop.cl\/index.php\/wp-json\/wp\/v2\/users\/1"}],"replies":[{"embeddable":true,"href":"https:\/\/antofapop.cl\/index.php\/wp-json\/wp\/v2\/comments?post=20134"}],"version-history":[{"count":1,"href":"https:\/\/antofapop.cl\/index.php\/wp-json\/wp\/v2\/posts\/20134\/revisions"}],"predecessor-version":[{"id":20136,"href":"https:\/\/antofapop.cl\/index.php\/wp-json\/wp\/v2\/posts\/20134\/revisions\/20136"}],"wp:featuredmedia":[{"embeddable":true,"href":"https:\/\/antofapop.cl\/index.php\/wp-json\/wp\/v2\/media\/20135"}],"wp:attachment":[{"href":"https:\/\/antofapop.cl\/index.php\/wp-json\/wp\/v2\/media?parent=20134"}],"wp:term":[{"taxonomy":"category","embeddable":true,"href":"https:\/\/antofapop.cl\/index.php\/wp-json\/wp\/v2\/categories?post=20134"},{"taxonomy":"post_tag","embeddable":true,"href":"https:\/\/antofapop.cl\/index.php\/wp-json\/wp\/v2\/tags?post=20134"}],"curies":[{"name":"wp","href":"https:\/\/api.w.org\/{rel}","templated":true}]}}