{"id":20146,"date":"2025-09-03T23:35:33","date_gmt":"2025-09-03T20:35:33","guid":{"rendered":"https:\/\/antofapop.cl\/?p=20146"},"modified":"2025-09-03T23:41:21","modified_gmt":"2025-09-03T20:41:21","slug":"cft-conmemoro-el-dia-de-la-educacion-tecnico-profesional-con-charla-magistral-emprende-tp","status":"publish","type":"post","link":"https:\/\/antofapop.cl\/index.php\/2025\/09\/03\/cft-conmemoro-el-dia-de-la-educacion-tecnico-profesional-con-charla-magistral-emprende-tp\/","title":{"rendered":"CFT conmemor\u00f3 el D\u00eda de la Educaci\u00f3n T\u00e9cnico Profesional con Charla Magistral \u201cEmprende TP\u201d"},"content":{"rendered":"<div class='booster-block booster-read-block'>\n                <div class=\"twp-read-time\">\n                \t<i class=\"booster-icon twp-clock\"><\/i> <span>Tiempo de Lectura:<\/span>2 Minutos, 21 Segundos                <\/div>\n\n            <\/div>\n<p><em><strong>Actividad fue dictada por el Director Regional de Sercotec, Kevin Galleguillos, quien entreg\u00f3 herramientas pr\u00e1cticas y motivacionales, adem\u00e1s de responder a las inquietudes del p\u00fablico presente.<\/strong><\/em><\/p>\n\n\n\n<p>Ante un auditorio repleto, el \u00c1rea Acad\u00e9mica del CFT Estatal de la Regi\u00f3n de Antofagasta celebr\u00f3 el D\u00eda de la Educaci\u00f3n T\u00e9cnico Profesional con la Charla Magistral \u201cEmprende TP\u201d, dictada por el Director Regional de Sercotec, Kevin Galleguillos, en el Auditorio del Sindicato de Trabajadores N\u00b02 de Codelco.<\/p>\n\n\n\n<p>La jornada reuni\u00f3 a estudiantes del CFTE de distintas carreras, quienes pudieron conocer de primera mano la experiencia y conocimientos del Director Regional de Sercotec en materia de emprendimiento y desarrollo de proyectos. Durante su exposici\u00f3n, Galleguillos entreg\u00f3 herramientas pr\u00e1cticas y motivacionales, adem\u00e1s de responder a las inquietudes del p\u00fablico presente.<\/p>\n\n\n\n<p>En su intervenci\u00f3n, el Director Regional de Sercotec destac\u00f3 que \u201cfue una charla en relaci\u00f3n al emprendimiento m\u00e1s focalizado en la regi\u00f3n de Antofagasta y exclusivamente c\u00f3mo podemos emprender desde diferentes maneras en la comuna de Calama. El objetivo fue desarrollar distintas capacidades, ampliar miradas y motivar tanto a los y las estudiantes como a la comunidad que nos acompa\u00f1\u00f3\u201d.<\/p>\n\n\n\n<p>Asimismo, agreg\u00f3 que \u201cla idea fue que ellos\/as puedan ver distintas alternativas de emprendimientos que existen hoy en d\u00eda en sectores productivos como la miner\u00eda, la log\u00edstica, el turismo y la agricultura, ejes fundamentales para el desarrollo econ\u00f3mico de nuestra regi\u00f3n. Queremos fortalecer que los y las estudiantes puedan generar sus propios proyectos, sin dejar de lado la posibilidad de ingresar a la industria formal con un trabajo serio y sostenible\u201d.<\/p>\n\n\n\n<p>Al t\u00e9rmino de la actividad, la Directora Acad\u00e9mica (s) del CFT Estatal, Carolina Ovalle, entreg\u00f3 un presente a Kevin Galleguillos en reconocimiento a su disposici\u00f3n y por motivar a los y las estudiantes a mirar el emprendimiento como una oportunidad de desarrollo profesional y personal.<\/p>\n\n\n\n<p>Ovalle valor\u00f3 la iniciativa y expres\u00f3 que \u201cla idea fue relevar este d\u00eda de la formaci\u00f3n TP a trav\u00e9s de una charla magistral que permitiera compartir con nuestras y nuestros estudiantes los distintos instrumentos y herramientas que el gobierno regional y nacional ponen a disposici\u00f3n para el desarrollo de emprendimientos. Queremos que nuestros\/as futuros t\u00e9cnicos tengan claridad de qu\u00e9 apoyos pueden recibir al iniciar un proyecto propio\u201d.<\/p>\n\n\n\n<p>Finalmente, la Directora Acad\u00e9mica (s) subray\u00f3 la importancia de abrir la invitaci\u00f3n a estudiantes de los liceos t\u00e9cnicos profesionales, destacando que \u201cesta experiencia busca que ellos, desde la base de su formaci\u00f3n, puedan conocer las oportunidades que tienen para emprender o fortalecer sus futuros proyectos, especialmente en carreras afines al \u00e1rea de administraci\u00f3n y gesti\u00f3n\u201d.<\/p>\n\n\n\n<p>Con esta actividad, el CFT Estatal de la Regi\u00f3n de Antofagasta reafirma su compromiso con la formaci\u00f3n de profesionales t\u00e9cnicos preparados para asumir los desaf\u00edos productivos de la regi\u00f3n, promoviendo el emprendimiento como un motor clave para el desarrollo econ\u00f3mico y social.<\/p>\n","protected":false},"excerpt":{"rendered":"<p>Actividad fue dictada por el Director Regional de Sercotec, Kevin Galleguillos, quien entreg\u00f3 herramientas pr\u00e1cticas y motivacionales, adem\u00e1s de responder a las inquietudes del p\u00fablico presente. Ante un auditorio repleto,&hellip;<\/p>\n","protected":false},"author":1,"featured_media":20148,"comment_status":"closed","ping_status":"closed","sticky":false,"template":"","format":"standard","meta":{"_monsterinsights_skip_tracking":false,"_monsterinsights_sitenote_active":false,"_monsterinsights_sitenote_note":"","_monsterinsights_sitenote_category":0,"footnotes":""},"categories":[2221,5474],"tags":[3956,359,489,472,1800,8639,7681,6112,3530,10223],"class_list":["post-20146","post","type-post","status-publish","format-standard","has-post-thumbnail","hentry","category-calama","category-educacion","tag-cft","tag-charla","tag-dia","tag-educacion","tag-emprende","tag-estatal","tag-magistral","tag-profesional","tag-tecnico","tag-tp"],"_links":{"self":[{"href":"https:\/\/antofapop.cl\/index.php\/wp-json\/wp\/v2\/posts\/20146"}],"collection":[{"href":"https:\/\/antofapop.cl\/index.php\/wp-json\/wp\/v2\/posts"}],"about":[{"href":"https:\/\/antofapop.cl\/index.php\/wp-json\/wp\/v2\/types\/post"}],"author":[{"embeddable":true,"href":"https:\/\/antofapop.cl\/index.php\/wp-json\/wp\/v2\/users\/1"}],"replies":[{"embeddable":true,"href":"https:\/\/antofapop.cl\/index.php\/wp-json\/wp\/v2\/comments?post=20146"}],"version-history":[{"count":1,"href":"https:\/\/antofapop.cl\/index.php\/wp-json\/wp\/v2\/posts\/20146\/revisions"}],"predecessor-version":[{"id":20147,"href":"https:\/\/antofapop.cl\/index.php\/wp-json\/wp\/v2\/posts\/20146\/revisions\/20147"}],"wp:featuredmedia":[{"embeddable":true,"href":"https:\/\/antofapop.cl\/index.php\/wp-json\/wp\/v2\/media\/20148"}],"wp:attachment":[{"href":"https:\/\/antofapop.cl\/index.php\/wp-json\/wp\/v2\/media?parent=20146"}],"wp:term":[{"taxonomy":"category","embeddable":true,"href":"https:\/\/antofapop.cl\/index.php\/wp-json\/wp\/v2\/categories?post=20146"},{"taxonomy":"post_tag","embeddable":true,"href":"https:\/\/antofapop.cl\/index.php\/wp-json\/wp\/v2\/tags?post=20146"}],"curies":[{"name":"wp","href":"https:\/\/api.w.org\/{rel}","templated":true}]}}