{"id":20149,"date":"2025-09-03T23:42:53","date_gmt":"2025-09-03T20:42:53","guid":{"rendered":"https:\/\/antofapop.cl\/?p=20149"},"modified":"2025-09-03T23:42:55","modified_gmt":"2025-09-03T20:42:55","slug":"estudiantes-del-liceo-jorge-alessandri-viven-jornada-formativa-junto-a-sus-mentores-de-ministro-hales","status":"publish","type":"post","link":"https:\/\/antofapop.cl\/index.php\/2025\/09\/03\/estudiantes-del-liceo-jorge-alessandri-viven-jornada-formativa-junto-a-sus-mentores-de-ministro-hales\/","title":{"rendered":"Estudiantes del Liceo Jorge Alessandri viven jornada formativa junto a sus mentores de Ministro Hales"},"content":{"rendered":"<div class='booster-block booster-read-block'>\n                <div class=\"twp-read-time\">\n                \t<i class=\"booster-icon twp-clock\"><\/i> <span>Tiempo de Lectura:<\/span>2 Minutos, 28 Segundos                <\/div>\n\n            <\/div>\n<p><em><strong>Como parte de la Escuela de J\u00f3venes L\u00edderes que impulsa las Operaciones Norte de Codelco, se realiz\u00f3 una jornada dedicada al grupo de estudiantes, mentores y mentoras de Divisi\u00f3n Ministro Hales, donde se reflexion\u00f3 sobre habilidades, vocaciones y metas personales.<\/strong><\/em><\/p>\n\n\n\n<p>Con nerviosismo, pero tambi\u00e9n con entusiasmo y buen humor, estudiantes de cuarto a\u00f1o medio del Liceo Jorge Alessandri Rodr\u00edguez de Calama participaron junto a profesionales de Divisi\u00f3n Ministro Hales, en una nueva jornada del Programa \u201cEscuela de J\u00f3venes L\u00edderes para la Miner\u00eda 2025\u201d, iniciativa impulsada por las Operaciones Norte de Codelco y que cuenta con la participaci\u00f3n de m\u00e1s de 80 alumnos y alumnas de establecimientos t\u00e9cnico-profesionales de Calama, San Pedro de Atacama y Tocopilla.<\/p>\n\n\n\n<p>Durante esta actividad, las y los estudiantes compartieron experiencias junto a sus mentoras y mentores de la Divisi\u00f3n, enfoc\u00e1ndose en el desarrollo de habilidades personales, vocacionales y sociales. Estas primeras sesiones del programa han estado orientadas a fortalecer el autoconocimiento, la comunicaci\u00f3n efectiva y la planificaci\u00f3n de metas, tanto personales como laborales.<\/p>\n\n\n\n<p>Nelson Zambrano, del Liceo Jorge Alessandri, destac\u00f3 c\u00f3mo esta experiencia le ha contribuido para ampliar sus expectativas laborales en el futuro: \u201cHe aprendido mucha informaci\u00f3n de la miner\u00eda, como son los procesos, c\u00f3mo se llega al cobre puro y diversas cosas m\u00e1s\u201d.<\/p>\n\n\n\n<p>En tanto, la estudiante Anyis Fern\u00e1ndez, coment\u00f3 c\u00f3mo ya ha visto cambios en ella gracias al programa, asegurando que \u201cla escuela me ha influenciado mucho, adem\u00e1s que me ha ayudado en mi desarrollo personal con la comunicaci\u00f3n efectiva, me ha ayudado a planificarme, proyectarme y ver lo que quiero hacer en un futuro\u201d.&nbsp;<\/p>\n\n\n\n<p>\u201cYo les dir\u00eda que aprovechen mucho esta oportunidad porque es una oportunidad \u00fanica que no se les da a todos. Es muy especial e importante porque aprendes mucho\u201d, agreg\u00f3 la estudiante Antonella Castro.<\/p>\n\n\n\n<p><strong>Mentor\u00edas y formaci\u00f3n de talentos<\/strong><\/p>\n\n\n\n<p>A trav\u00e9s de mentor\u00edas y actividades de acompa\u00f1amiento, la Escuela de J\u00f3venes L\u00edderes para la Miner\u00eda busca fortalecer la formaci\u00f3n de las nuevas generaciones, promoviendo el liderazgo, la inclusi\u00f3n y la sustentabilidad como pilares del futuro de la industria. Adem\u00e1s, cada estudiante cuenta con un mentor o mentora, quienes los acompa\u00f1an en este proceso de aprendizaje y reflexi\u00f3n.&nbsp;<\/p>\n\n\n\n<p>Jessica Condori, ingeniera gestora de desarrollo de personas de Ministro Hales, reflexion\u00f3 sobre los alcances de la iniciativa, comentando que \u00e9sta \u201cno solo entrega herramientas vinculadas con nuestra industria, tambi\u00e9n nos permite conectarnos con las aspiraciones de los j\u00f3venes. Como divisi\u00f3n, estamos comprometidos con abrir puertas, sembrar vocaciones y ser parte activa del desarrollo educativo en nuestro territorio\u201d.<\/p>\n\n\n\n<p>La Escuela de J\u00f3venes L\u00edderes para la Miner\u00eda representa una oportunidad concreta para conectar a estudiantes de la zona con los desaf\u00edos de la miner\u00eda, fortalecer sus talentos y construir un camino de futuro con el apoyo de sus familias, establecimientos y mentores. Con estas iniciativas, Codelco y su Divisi\u00f3n Ministro Hales reafirma su compromiso con una educaci\u00f3n t\u00e9cnica profesional de calidad y con la generaci\u00f3n de valor compartido para el territorio y su gente.<\/p>\n","protected":false},"excerpt":{"rendered":"<p>Como parte de la Escuela de J\u00f3venes L\u00edderes que impulsa las Operaciones Norte de Codelco, se realiz\u00f3 una jornada dedicada al grupo de estudiantes, mentores y mentoras de Divisi\u00f3n Ministro&hellip;<\/p>\n","protected":false},"author":1,"featured_media":20150,"comment_status":"closed","ping_status":"closed","sticky":false,"template":"","format":"standard","meta":{"_monsterinsights_skip_tracking":false,"_monsterinsights_sitenote_active":false,"_monsterinsights_sitenote_note":"","_monsterinsights_sitenote_category":0,"footnotes":""},"categories":[2221,5474],"tags":[10224,268,5192,4911,2845,2159,2280,3076,4910],"class_list":["post-20149","post","type-post","status-publish","format-standard","has-post-thumbnail","hentry","category-calama","category-educacion","tag-alessandri","tag-estudiantes","tag-formativa","tag-hales","tag-jorge","tag-jornada","tag-liceo","tag-mentores","tag-ministro"],"_links":{"self":[{"href":"https:\/\/antofapop.cl\/index.php\/wp-json\/wp\/v2\/posts\/20149"}],"collection":[{"href":"https:\/\/antofapop.cl\/index.php\/wp-json\/wp\/v2\/posts"}],"about":[{"href":"https:\/\/antofapop.cl\/index.php\/wp-json\/wp\/v2\/types\/post"}],"author":[{"embeddable":true,"href":"https:\/\/antofapop.cl\/index.php\/wp-json\/wp\/v2\/users\/1"}],"replies":[{"embeddable":true,"href":"https:\/\/antofapop.cl\/index.php\/wp-json\/wp\/v2\/comments?post=20149"}],"version-history":[{"count":1,"href":"https:\/\/antofapop.cl\/index.php\/wp-json\/wp\/v2\/posts\/20149\/revisions"}],"predecessor-version":[{"id":20151,"href":"https:\/\/antofapop.cl\/index.php\/wp-json\/wp\/v2\/posts\/20149\/revisions\/20151"}],"wp:featuredmedia":[{"embeddable":true,"href":"https:\/\/antofapop.cl\/index.php\/wp-json\/wp\/v2\/media\/20150"}],"wp:attachment":[{"href":"https:\/\/antofapop.cl\/index.php\/wp-json\/wp\/v2\/media?parent=20149"}],"wp:term":[{"taxonomy":"category","embeddable":true,"href":"https:\/\/antofapop.cl\/index.php\/wp-json\/wp\/v2\/categories?post=20149"},{"taxonomy":"post_tag","embeddable":true,"href":"https:\/\/antofapop.cl\/index.php\/wp-json\/wp\/v2\/tags?post=20149"}],"curies":[{"name":"wp","href":"https:\/\/api.w.org\/{rel}","templated":true}]}}