{"id":20313,"date":"2025-09-10T14:57:23","date_gmt":"2025-09-10T11:57:23","guid":{"rendered":"https:\/\/antofapop.cl\/?p=20313"},"modified":"2025-09-12T03:46:13","modified_gmt":"2025-09-12T00:46:13","slug":"ven-a-vivir-la-feria-costumbrista-lickau-emprendedoras","status":"publish","type":"post","link":"https:\/\/antofapop.cl\/index.php\/2025\/09\/10\/ven-a-vivir-la-feria-costumbrista-lickau-emprendedoras\/","title":{"rendered":"Invitan a vivir la Feria Costumbrista Lickau Emprendedoras"},"content":{"rendered":"<div class='booster-block booster-read-block'>\n                <div class=\"twp-read-time\">\n                \t<i class=\"booster-icon twp-clock\"><\/i> <span>Tiempo de Lectura:<\/span>2 Minutos, 13 Segundos                <\/div>\n\n            <\/div>\n<p>Este&nbsp;<strong>viernes 12 de septiembre<\/strong>, San Pedro de Atacama vivir\u00e1 una jornada especial. En el Centro Comunitario Leritchitacks (Coraz\u00f3n del Pueblo) de SQM Litio, &nbsp;se celebrar\u00e1 la&nbsp;<strong>graduaci\u00f3n de la Academia Lickau Emprendedoras<\/strong>&nbsp;y, junto a ella, una&nbsp;<strong>feria costumbrista<\/strong>&nbsp;donde mujeres de distintos rincones de Atacama La Grande mostrar\u00e1n con orgullo el fruto de un mes y medio de aprendizaje, esfuerzo y sue\u00f1os compartidos.<\/p>\n\n\n\n<p>La&nbsp;<strong>Academia Lickau<\/strong>&nbsp;<strong>Emprendedoras<\/strong>&nbsp;naci\u00f3 a mediados de este a\u00f1o con un prop\u00f3sito claro: entregar herramientas y abrir oportunidades para que m\u00e1s mujeres del territorio fortalezcan sus negocios, hagan crecer sus ideas y se atrevan a dar el paso hacia la autonom\u00eda econ\u00f3mica. Impulsada por la&nbsp;<strong>Alianza Mujer Atacame\u00f1a AMA, SernamEG, Centro de Negocios Sercotec y SQM Litio<\/strong>, esta iniciativa capacit\u00f3 a emprendedoras locales en temas de gesti\u00f3n, digitalizaci\u00f3n, liderazgo y asociatividad, siempre con una mirada puesta en la identidad atacame\u00f1a y el trabajo colectivo.<\/p>\n\n\n\n<p>Pero la academia fue mucho m\u00e1s que talleres y clases. Se convirti\u00f3 en un espacio de confianza, donde cada mujer pudo compartir sus experiencias, aprender de otras y descubrir que no est\u00e1 sola en este camino. Como lo dijo&nbsp;<strong>Ruby Saire Rodr\u00edguez<\/strong>, propietaria de Masairi, \u201cla Alianza Mujer Atacame\u00f1a ha sido clave para motivar, acompa\u00f1ar y empoderar a mujeres que sue\u00f1an con formalizarse y sostener sus negocios en el tiempo\u201d.<\/p>\n\n\n\n<p>La directora regional de SernamEG,&nbsp;<strong>Gabriela Araya Seguel<\/strong>, subray\u00f3 que la academia \u201cresponde a una demanda hist\u00f3rica de las mujeres de San Pedro de Atacama por fortalecer su autonom\u00eda econ\u00f3mica. Gracias al trabajo colaborativo, hoy se concreta una oportunidad real\u201d.<\/p>\n\n\n\n<p>Ese esp\u00edritu de comunidad tambi\u00e9n fue destacado por&nbsp;<strong>Tamara Rebolledo Salamanca<\/strong>, jefa del programa AMA: \u201cUno de los objetivos de este programa es apoyar a las mujeres en el desarrollo de la autonom\u00eda econ\u00f3mica. Esto no s\u00f3lo les permite generar ingresos para sus familias, la autonom\u00eda abre la puerta a un futuro con m\u00e1s libertad y oportunidades\u201d.<\/p>\n\n\n\n<p><strong>Feria costumbrista Lickau Emprendedoras<\/strong><\/p>\n\n\n\n<p>Este&nbsp;<strong>12 de septiembre<\/strong>&nbsp;podremos recorrer la&nbsp;<strong>Feria Lickau Emprendedoras<\/strong>&nbsp;y conocer de cerca proyectos en artesan\u00eda, alimentos con identidad local, innovaci\u00f3n, talento y, sobre todo, historias de mujeres valientes que decidieron apostar por sus sue\u00f1os y transformar su realidad.<\/p>\n\n\n\n<p>La invitaci\u00f3n est\u00e1 abierta a todos:&nbsp;<strong>vecinos, vecinas, turistas y familias<\/strong>&nbsp;que quieran ser parte de un d\u00eda que quedar\u00e1 en la memoria de la comuna.<\/p>\n\n\n\n<p><strong>La cita es este viernes 12 de septiembre, a las 11:00 horas, en el Centro Cultural Comunitario de SQM Litio de San Pedro de Atacama. Ven a conocer, compartir y apoyar a nuestras emprendedoras locales.&nbsp;<\/strong><\/p>\n","protected":false},"excerpt":{"rendered":"<p>Este&nbsp;viernes 12 de septiembre, San Pedro de Atacama vivir\u00e1 una jornada especial. En el Centro Comunitario Leritchitacks (Coraz\u00f3n del Pueblo) de SQM Litio, &nbsp;se celebrar\u00e1 la&nbsp;graduaci\u00f3n de la Academia Lickau&hellip;<\/p>\n","protected":false},"author":1,"featured_media":20314,"comment_status":"closed","ping_status":"closed","sticky":false,"template":"","format":"standard","meta":{"_monsterinsights_skip_tracking":false,"_monsterinsights_sitenote_active":false,"_monsterinsights_sitenote_note":"","_monsterinsights_sitenote_category":0,"footnotes":""},"categories":[659,3017],"tags":[7431,1789,1752,10266],"class_list":["post-20313","post","type-post","status-publish","format-standard","has-post-thumbnail","hentry","category-emprendimiento","category-san-pedro-de-atacama","tag-costumbrista","tag-emprendedoras","tag-feria","tag-lickau"],"_links":{"self":[{"href":"https:\/\/antofapop.cl\/index.php\/wp-json\/wp\/v2\/posts\/20313"}],"collection":[{"href":"https:\/\/antofapop.cl\/index.php\/wp-json\/wp\/v2\/posts"}],"about":[{"href":"https:\/\/antofapop.cl\/index.php\/wp-json\/wp\/v2\/types\/post"}],"author":[{"embeddable":true,"href":"https:\/\/antofapop.cl\/index.php\/wp-json\/wp\/v2\/users\/1"}],"replies":[{"embeddable":true,"href":"https:\/\/antofapop.cl\/index.php\/wp-json\/wp\/v2\/comments?post=20313"}],"version-history":[{"count":2,"href":"https:\/\/antofapop.cl\/index.php\/wp-json\/wp\/v2\/posts\/20313\/revisions"}],"predecessor-version":[{"id":20326,"href":"https:\/\/antofapop.cl\/index.php\/wp-json\/wp\/v2\/posts\/20313\/revisions\/20326"}],"wp:featuredmedia":[{"embeddable":true,"href":"https:\/\/antofapop.cl\/index.php\/wp-json\/wp\/v2\/media\/20314"}],"wp:attachment":[{"href":"https:\/\/antofapop.cl\/index.php\/wp-json\/wp\/v2\/media?parent=20313"}],"wp:term":[{"taxonomy":"category","embeddable":true,"href":"https:\/\/antofapop.cl\/index.php\/wp-json\/wp\/v2\/categories?post=20313"},{"taxonomy":"post_tag","embeddable":true,"href":"https:\/\/antofapop.cl\/index.php\/wp-json\/wp\/v2\/tags?post=20313"}],"curies":[{"name":"wp","href":"https:\/\/api.w.org\/{rel}","templated":true}]}}