{"id":20323,"date":"2025-09-12T03:39:54","date_gmt":"2025-09-12T00:39:54","guid":{"rendered":"https:\/\/antofapop.cl\/?p=20323"},"modified":"2025-09-12T03:44:52","modified_gmt":"2025-09-12T00:44:52","slug":"realizan-acto-de-conmemoracion-del-52o-aniversario-del-golpe-de-estado-civico-militar","status":"publish","type":"post","link":"https:\/\/antofapop.cl\/index.php\/2025\/09\/12\/realizan-acto-de-conmemoracion-del-52o-aniversario-del-golpe-de-estado-civico-militar\/","title":{"rendered":"Realizan acto de conmemoraci\u00f3n del 52\u00ba Aniversario del Golpe de Estado C\u00edvico-Militar"},"content":{"rendered":"<div class='booster-block booster-read-block'>\n                <div class=\"twp-read-time\">\n                \t<i class=\"booster-icon twp-clock\"><\/i> <span>Tiempo de Lectura:<\/span>3 Minutos, 8 Segundos                <\/div>\n\n            <\/div>\n<p>En la Plaza de la Reforma del Campus Coloso de la Universidad de Antofagasta, se llev\u00f3 a cabo la ceremonia \u201c<strong>A 52 a\u00f1os del golpe c\u00edvico militar: La UA no olvida y se une en torno a la memoria<\/strong>\u201d, para conmemorar el golpe de Estado c\u00edvico-militar que derroc\u00f3 al gobierno del Presidente Salvador Allende, el 11 de septiembre de 1973. El acto tambi\u00e9n busc\u00f3 recordar especialmente a los estudiantes que fueron v\u00edctimas de cr\u00edmenes de lesa humanidad.<\/p>\n\n\n\n<p>La actividad fue encabezada por la Federaci\u00f3n de Estudiantes de la Universidad de Antofagasta (FEUA) y cont\u00f3 con la presencia del rector Dr. Marcos Cikutovic y los Cuerpos Colegiados de la casa de estudios superiores, con sus respectivos consejeros y consejeras, autoridades regionales, adem\u00e1s de representantes del Instituto de Derechos Humanos y la Agrupaci\u00f3n por la Memoria Hist\u00f3rica Providencia.<\/p>\n\n\n\n<p>&nbsp;\u201cDesde la Universidad de Antofagasta, como instituci\u00f3n estatal, pluralista y p\u00fablica, nos corresponde no solo recordar, sino tambi\u00e9n reflexionar y aprender de ese pasado. Honramos a las v\u00edctimas, a sus familias y a quienes sufrieron las consecuencias de la represi\u00f3n y reafirmamos nuestro compromiso con la verdad, la justicia y la defensa irrestricta de los derechos humanos&#8221;, expres\u00f3 el rector de la UA, Dr. Marcos Cikutovic Salas.<\/p>\n\n\n\n<p>Durante sus palabras de apertura de la ceremonia, la representante de la FEUA, Tamara Romero, agradeci\u00f3 a los asistentes e invit\u00f3 a \u201cconectar en este d\u00eda con lo m\u00e1s sensible de la memoria para que cada una de las personas presentes pueda lograr una reflexi\u00f3n profunda que nos invite a decir con convicci\u00f3n que nunca m\u00e1s en Chile volvamos a vivir los horrores de la dictadura\u201d.<\/p>\n\n\n\n<p>Por su parte, la secretaria regional ministerial de gobierno, Paulina Larrondo reflexion\u00f3 sobre el quiebre democr\u00e1tico y su impacto en la pol\u00edtica actual.<\/p>\n\n\n\n<p>\u201cCada a\u00f1o vemos que existe con mayor fuerza el negacionismo que quiere borrar la memoria. Eso exige que el Estado despliegue acciones concretas para avanzar en reparaci\u00f3n a las familias de v\u00edctimas de cr\u00edmenes de lesa humanidad, destacando siempre el importante rol que han desempe\u00f1ado los familiares de ejecutados pol\u00edticos y detenidos desaparecidos en la b\u00fasqueda de verdad y justicia\u201d, expres\u00f3.<\/p>\n\n\n\n<p><strong>Intervenciones art\u00edsticas&nbsp;<\/strong><\/p>\n\n\n\n<p>Durante el acto conmemorativo se realizaron diversas presentaciones art\u00edsticas que reflejaron la lucha por la democracia y los derechos humanos, destacando el director del grupo <strong>Los indios de todas las tribus<\/strong>, Luis Cortez y la <strong>Compa\u00f1\u00eda Ludo Teatro<\/strong>, fundada por estudiantes de Artes Esc\u00e9nicas de la Universidad de Antofagasta.<\/p>\n\n\n\n<p>Junto con lo anterior se ley\u00f3&nbsp; un fragmento del libro <strong>Cr\u00f3nicas de la impunidad<\/strong> de la acad\u00e9mica de la Facultad de Educaci\u00f3n de la Universidad de Antofagasta, Dra. Olga Grand\u00f3n, texto que aborda la lucha por la justicia y la memoria en Chile.&nbsp;<\/p>\n\n\n\n<p><strong>Voces y memoria&nbsp;<\/strong><\/p>\n\n\n\n<p>Representantes del Instituto de Derechos Humanos y del Sitio de Memoria Ex Centro de Detenci\u00f3n Providencia tambi\u00e9n participaron en la actividad, subrayando la importancia de preservar la memoria hist\u00f3rica y promover los derechos humanos.<\/p>\n\n\n\n<p>\u201cPara nosotros la memoria no es solamente un ejercicio del pasado, sino que es una herramienta pol\u00edtica del presente, recordar las experiencias de violencia, represi\u00f3n y resistencia, nos invita a preguntarnos: \u00bfqu\u00e9 estructuras hicieron posible estas injusticias y c\u00f3mo muchas de ellas siguen operando hoy en nuestra sociedad?, reflexion\u00f3 la coordinadora general del Sitio de Memoria Ex Centro de Detenci\u00f3n Providencia, Fernanda Villagr\u00e1n.<\/p>\n\n\n\n<p>La ceremonia concluy\u00f3 con el acto de memoria encabezado por la representante del estamento estudiantil, Elizabeth Mora, quien a viva voz nombr\u00f3 a los 25&nbsp; estudiantes de la Universidad&nbsp; de Antofagasta que fueron ejecutados o desaparecidos en Dictadura, mientras que una emotiva fotograf\u00eda general, en la que cada participante llevaba una imagen de detenidos desaparecidos, cerraba el acto con un compromiso de verdad y justicia para las v\u00edctimas del r\u00e9gimen militar.<\/p>\n","protected":false},"excerpt":{"rendered":"<p>En la Plaza de la Reforma del Campus Coloso de la Universidad de Antofagasta, se llev\u00f3 a cabo la ceremonia \u201cA 52 a\u00f1os del golpe c\u00edvico militar: La UA no&hellip;<\/p>\n","protected":false},"author":1,"featured_media":20325,"comment_status":"closed","ping_status":"closed","sticky":false,"template":"","format":"standard","meta":{"_monsterinsights_skip_tracking":false,"_monsterinsights_sitenote_active":false,"_monsterinsights_sitenote_note":"","_monsterinsights_sitenote_category":0,"footnotes":""},"categories":[2,9263],"tags":[1078,209,6723,5132,5259,5767,6577],"class_list":["post-20323","post","type-post","status-publish","format-standard","has-post-thumbnail","hentry","category-antofagasta","category-sociedad","tag-acto","tag-aniversario","tag-civico","tag-conmemoracion","tag-estado","tag-golpe","tag-militar"],"_links":{"self":[{"href":"https:\/\/antofapop.cl\/index.php\/wp-json\/wp\/v2\/posts\/20323"}],"collection":[{"href":"https:\/\/antofapop.cl\/index.php\/wp-json\/wp\/v2\/posts"}],"about":[{"href":"https:\/\/antofapop.cl\/index.php\/wp-json\/wp\/v2\/types\/post"}],"author":[{"embeddable":true,"href":"https:\/\/antofapop.cl\/index.php\/wp-json\/wp\/v2\/users\/1"}],"replies":[{"embeddable":true,"href":"https:\/\/antofapop.cl\/index.php\/wp-json\/wp\/v2\/comments?post=20323"}],"version-history":[{"count":1,"href":"https:\/\/antofapop.cl\/index.php\/wp-json\/wp\/v2\/posts\/20323\/revisions"}],"predecessor-version":[{"id":20324,"href":"https:\/\/antofapop.cl\/index.php\/wp-json\/wp\/v2\/posts\/20323\/revisions\/20324"}],"wp:featuredmedia":[{"embeddable":true,"href":"https:\/\/antofapop.cl\/index.php\/wp-json\/wp\/v2\/media\/20325"}],"wp:attachment":[{"href":"https:\/\/antofapop.cl\/index.php\/wp-json\/wp\/v2\/media?parent=20323"}],"wp:term":[{"taxonomy":"category","embeddable":true,"href":"https:\/\/antofapop.cl\/index.php\/wp-json\/wp\/v2\/categories?post=20323"},{"taxonomy":"post_tag","embeddable":true,"href":"https:\/\/antofapop.cl\/index.php\/wp-json\/wp\/v2\/tags?post=20323"}],"curies":[{"name":"wp","href":"https:\/\/api.w.org\/{rel}","templated":true}]}}