{"id":20678,"date":"2025-10-04T15:21:17","date_gmt":"2025-10-04T12:21:17","guid":{"rendered":"https:\/\/antofapop.cl\/?p=20678"},"modified":"2025-10-04T15:21:17","modified_gmt":"2025-10-04T12:21:17","slug":"charla-abordo-la-prevencion-del-suicidio","status":"publish","type":"post","link":"https:\/\/antofapop.cl\/index.php\/2025\/10\/04\/charla-abordo-la-prevencion-del-suicidio\/","title":{"rendered":"Charla abord\u00f3 la prevenci\u00f3n del suicidio"},"content":{"rendered":"<div class='booster-block booster-read-block'>\n                <div class=\"twp-read-time\">\n                \t<i class=\"booster-icon twp-clock\"><\/i> <span>Tiempo de Lectura:<\/span>2 Minutos, 52 Segundos                <\/div>\n\n            <\/div>\n<p><em><strong>Bajo el lema, \u201cPrevenir es tarea de todos\u201d el Hospital Cl\u00ednico de la Universidad de Antofagasta (HCUA), desarroll\u00f3 charla abierta a la comunidad.<\/strong><\/em><\/p>\n\n\n\n<p>Con el objetivo de abrir un espacio de di\u00e1logo y reflexi\u00f3n en torno a un tema sensible pero urgente, el Hospital Cl\u00ednico de la Universidad de Antofagasta (HCUA), realiz\u00f3 la charla \u201cHablemos del Suicidio: Prevenir es tarea de todos\u201d, instancia que reuni\u00f3 a la comunidad para entregar herramientas y perspectivas de prevenci\u00f3n, promoviendo el cuidado de la salud mental.<\/p>\n\n\n\n<p>La actividad, desarrollada en el auditorio del Hospital Cl\u00ednico de esta Casa de Estudios Superiores, estuvo dirigida por los m\u00e9dicos residentes del postgrado de Psiquiatr\u00eda de la Universidad de Antofagasta, Dra. Carolina Barr\u00eda Andrade y Dr. Mauricio Castro C\u00e1diz, quienes compartieron conocimientos y estrategias pr\u00e1cticas para reconocer factores de riesgo, se\u00f1ales de alerta y medidas de apoyo oportuno.<\/p>\n\n\n\n<p><strong>El suicidio: un problema prevenible<\/strong><\/p>\n\n\n\n<p>De acuerdo con la Organizaci\u00f3n Mundial de la Salud (OMS), el suicidio se define como un acto deliberado, realizado por una persona con pleno conocimiento de su desenlace fatal.&nbsp;<\/p>\n\n\n\n<p>El suicidio es un problema grave de salud p\u00fablica que afecta a todas las regiones del mundo y que, en muchos casos, puede prevenirse mediante la detecci\u00f3n temprana, la eliminaci\u00f3n del estigma y la implementaci\u00f3n de factores protectores.<\/p>\n\n\n\n<p>Durante la charla, se destac\u00f3 la importancia de las relaciones interpersonales, el apoyo familiar, la integraci\u00f3n social, la actividad f\u00edsica, una buena alimentaci\u00f3n y el cuidado del sue\u00f1o como elementos protectores frente al riesgo suicida. Asimismo, se enfatiz\u00f3 que mantener un sentido de valor personal, pedir ayuda y saber comunicar las emociones son pasos fundamentales en la prevenci\u00f3n.<\/p>\n\n\n\n<p><strong>C\u00f3mo actuar&nbsp; ante las se\u00f1ales de alerta&nbsp;&nbsp;<\/strong><\/p>\n\n\n\n<p>Los especialistas, se\u00f1alaron que es esencial reconocer ciertas se\u00f1ales de alarma, entre ellas: verbalizaciones de desesperanza, aislamiento social, p\u00e9rdida de inter\u00e9s, cambios bruscos de \u00e1nimo, consumo de alcohol o drogas, y conductas autodestructivas. Tambi\u00e9n se mencionaron las despedidas inusuales, como regalar objetos de valor o dejar mensajes, como indicadores de riesgo.<\/p>\n\n\n\n<p>Frente a estas situaciones, se recomend\u00f3 no dejar sola a la persona, eliminar medios que pudieran facilitar un intento suicida y acompa\u00f1arla de inmediato a un centro de salud o servicio de urgencias.<\/p>\n\n\n\n<p><strong>Voces desde la comunidad m\u00e9dica<\/strong><\/p>\n\n\n\n<p>La Dra. Carolina Barr\u00eda Andrade<strong>,<\/strong> destac\u00f3 que este tipo de actividades buscan sensibilizar a la comunidad, comentando que \u201cesta charla est\u00e1 enfocada en dar a conocer los principales factores de riesgo y c\u00f3mo abordarlos en caso de que un cercano est\u00e9 en peligro. El suicidio es prevenible, siempre que sepamos reconocer las se\u00f1ales y actuar a tiempo\u201d.<\/p>\n\n\n\n<p>La especialista tambi\u00e9n recalc\u00f3 la necesidad de hablar abiertamente del tema, derribando mitos y estigmas, \u201chablar de suicidio no es peligroso, callarlo s\u00ed. Los estudios, muestran que preguntar directamente no incrementa el riesgo, al contrario, abre una puerta de apoyo y acompa\u00f1amiento\u201d, dio la Dra. Barr\u00eda.<\/p>\n\n\n\n<p>Finalmente, la Dra. Carolina Barr\u00eda, hizo un llamado a continuar realizando este tipo de instancias en la comunidad, \u201ces fundamental garantizar acceso a la informaci\u00f3n y a la salud mental. Muchas veces la gente no sabe d\u00f3nde acudir o qu\u00e9 hacer en una emergencia, y espacios como este, nos permiten entregar esas herramientas\u201d.<\/p>\n\n\n\n<p><strong>L\u00edneas de apoyo<\/strong><\/p>\n\n\n\n<ul class=\"wp-block-list\">\n<li>Salud Responde (24 hrs.): 600 360 7777<\/li>\n\n\n\n<li>L\u00ednea de prevenci\u00f3n del suicidio: *4141<\/li>\n\n\n\n<li>Chat Hablemos de Todo (15 a 29 a\u00f1os): hablemosdetodo.injuv.gob.cl<\/li>\n\n\n\n<li>Fono Drogas y Alcohol: 1412<\/li>\n\n\n\n<li>Fono orientaci\u00f3n en violencia contra las mujeres: 1455<\/li>\n\n\n\n<li>Fono Mayor: 800 400 035<\/li>\n<\/ul>\n","protected":false},"excerpt":{"rendered":"<p>Bajo el lema, \u201cPrevenir es tarea de todos\u201d el Hospital Cl\u00ednico de la Universidad de Antofagasta (HCUA), desarroll\u00f3 charla abierta a la comunidad. Con el objetivo de abrir un espacio&hellip;<\/p>\n","protected":false},"author":1,"featured_media":20679,"comment_status":"closed","ping_status":"closed","sticky":false,"template":"","format":"standard","meta":{"_monsterinsights_skip_tracking":false,"_monsterinsights_sitenote_active":false,"_monsterinsights_sitenote_note":"","_monsterinsights_sitenote_category":0,"footnotes":""},"categories":[2,6698],"tags":[359,4233,10344],"class_list":["post-20678","post","type-post","status-publish","format-standard","has-post-thumbnail","hentry","category-antofagasta","category-salud","tag-charla","tag-prevencion","tag-suicidio"],"_links":{"self":[{"href":"https:\/\/antofapop.cl\/index.php\/wp-json\/wp\/v2\/posts\/20678"}],"collection":[{"href":"https:\/\/antofapop.cl\/index.php\/wp-json\/wp\/v2\/posts"}],"about":[{"href":"https:\/\/antofapop.cl\/index.php\/wp-json\/wp\/v2\/types\/post"}],"author":[{"embeddable":true,"href":"https:\/\/antofapop.cl\/index.php\/wp-json\/wp\/v2\/users\/1"}],"replies":[{"embeddable":true,"href":"https:\/\/antofapop.cl\/index.php\/wp-json\/wp\/v2\/comments?post=20678"}],"version-history":[{"count":1,"href":"https:\/\/antofapop.cl\/index.php\/wp-json\/wp\/v2\/posts\/20678\/revisions"}],"predecessor-version":[{"id":20680,"href":"https:\/\/antofapop.cl\/index.php\/wp-json\/wp\/v2\/posts\/20678\/revisions\/20680"}],"wp:featuredmedia":[{"embeddable":true,"href":"https:\/\/antofapop.cl\/index.php\/wp-json\/wp\/v2\/media\/20679"}],"wp:attachment":[{"href":"https:\/\/antofapop.cl\/index.php\/wp-json\/wp\/v2\/media?parent=20678"}],"wp:term":[{"taxonomy":"category","embeddable":true,"href":"https:\/\/antofapop.cl\/index.php\/wp-json\/wp\/v2\/categories?post=20678"},{"taxonomy":"post_tag","embeddable":true,"href":"https:\/\/antofapop.cl\/index.php\/wp-json\/wp\/v2\/tags?post=20678"}],"curies":[{"name":"wp","href":"https:\/\/api.w.org\/{rel}","templated":true}]}}