{"id":20863,"date":"2025-10-18T15:18:54","date_gmt":"2025-10-18T12:18:54","guid":{"rendered":"https:\/\/antofapop.cl\/?p=20863"},"modified":"2025-10-18T15:21:05","modified_gmt":"2025-10-18T12:21:05","slug":"escolares-y-comunidad-cientifica-aunan-esfuerzos-contra-el-cambio-climatico","status":"publish","type":"post","link":"https:\/\/antofapop.cl\/index.php\/2025\/10\/18\/escolares-y-comunidad-cientifica-aunan-esfuerzos-contra-el-cambio-climatico\/","title":{"rendered":"Escolares y comunidad cient\u00edfica a\u00fanan esfuerzos contra el cambio clim\u00e1tico"},"content":{"rendered":"<div class='booster-block booster-read-block'>\n                <div class=\"twp-read-time\">\n                \t<i class=\"booster-icon twp-clock\"><\/i> <span>Tiempo de Lectura:<\/span>2 Minutos, 45 Segundos                <\/div>\n\n            <\/div>\n<p><em><strong>Amplia participaci\u00f3n en talleres de la iniciativa \u201cDi\u00e1logos Cient\u00edficos por la Acci\u00f3n Clim\u00e1tica de Chile\u201d realizados en Antofagasta.<\/strong><\/em><\/p>\n\n\n\n<p>Escolares de ense\u00f1anza media, docentes y representantes de la comunidad cient\u00edfica de la regi\u00f3n de Antofagasta, contribuyeron con ideas, sugerencias y recomendaciones en el marco de los \u201cDi\u00e1logos Cient\u00edficos por la Acci\u00f3n Clim\u00e1tica de Chile 2025\u201d, instancia de participaci\u00f3n que por primera vez fue realizada en la Macrozona Norte del pa\u00eds.<\/p>\n\n\n\n<p>El taller presencial, desarrollado en las instalaciones del <a href=\"https:\/\/www.ucn.cl\/universidad\/entidades-relacionadas\/fundacion-parque-cientifico-tecnologico-de-la-region-de-antofagasta\/\">Parque Cient\u00edfico Tecnol\u00f3gico (PCT)<\/a> de la <a href=\"https:\/\/www.ucn.cl\/\">Universidad Cat\u00f3lica del Norte (UCN)<\/a>, incluy\u00f3 dos jornadas. La primera dedicada a estudiantes de 14 a 18 a\u00f1os, docentes y comunicadores de la ciencia; mientras que la segunda estuvo dirigida a la comunidad cient\u00edfica y de investigaci\u00f3n relacionada con tem\u00e1ticas como cambio clim\u00e1tico y medio ambiente, entre otras disciplinas afines.<\/p>\n\n\n\n<p>El espacio, organizado por el Comit\u00e9 Cient\u00edfico Asesor de Cambio Clim\u00e1tico; el Ministerio de Ciencia, Tecnolog\u00eda, Conocimiento e Innovaci\u00f3n; y la Secretar\u00eda Regional Ministerial de CTCI de la Macrozona Norte, constituy\u00f3 una oportunidad \u00fanica de di\u00e1logo e intercambio de ideas en materias relevantes para la preservaci\u00f3n y el futuro del pa\u00eds y el planeta.<\/p>\n\n\n\n<p>El encuentro busc\u00f3 identificar recomendaciones, buenas pr\u00e1cticas y herramientas para mejorar la comunicaci\u00f3n de la ciencia del cambio clim\u00e1tico, a partir del reconocimiento y la visibilizaci\u00f3n de las experiencias de distintas personas y entidades relacionadas con la ciencia y el conocimiento territorial.<\/p>\n\n\n\n<p>Estos talleres, desarrollados en Antofagasta, constituyeron la cuarta etapa de un ciclo a nivel nacional que ya incluy\u00f3 las ciudades de Concepci\u00f3n, Valdivia y Valpara\u00edso, y que pr\u00f3ximamente finalizar\u00e1 en Punta Arenas.<\/p>\n\n\n\n<p>Con la informaci\u00f3n levantada en los distintos talleres a lo largo del pa\u00eds, se espera generar un listado de recomendaciones para fortalecer las estrategias de comunicaci\u00f3n de la ciencia, tecnolog\u00eda y acci\u00f3n clim\u00e1tica por regi\u00f3n.<\/p>\n\n\n\n<p>La integrante del Comit\u00e9 Asesor Cient\u00edfico de Cambio Clim\u00e1tico de Chile y acad\u00e9mica de la UCN, Dra. Elizabeth Lam Esquenazi, indic\u00f3 que la idea es obtener una retroalimentaci\u00f3n y conocer distintas visiones para enfrentar los desaf\u00edos que implica el cambio clim\u00e1tico. \u201c<em>Queremos aportar una mirada desde el Norte para contribuir sobre el tema<\/em>\u201d, enfatiz\u00f3.<\/p>\n\n\n\n<p>La investigadora a\u00f1adi\u00f3 que la informaci\u00f3n levantada en el encuentro tendr\u00e1 un impacto directo en el pa\u00eds, ya que permite visibilizar necesidades espec\u00edficas de la zona, relacionadas con el sector industrial minero, aportando evidencia cient\u00edfica que ayudar\u00e1 a la elaboraci\u00f3n de la estrategia clim\u00e1tica a largo plazo.<\/p>\n\n\n\n<p>Agreg\u00f3 que esta instancia toma en cuenta la opini\u00f3n de escolares y docentes de la zona. Asimismo, incorpora la experiencia y conocimientos de la comunidad cient\u00edfica en cuatro nodos diferentes que incluyen: econom\u00eda circular, salud y clima, oc\u00e9anos-clima-biodiversidad; y agua-energ\u00eda-alimentos.<\/p>\n\n\n\n<p>En tanto, el secretario t\u00e9cnico del Comit\u00e9 Cient\u00edfico Asesor de Cambio Clim\u00e1tico, Carlos Morales, destac\u00f3 que los talleres forman parte de un trabajo que se ha desarrollado durante todo el a\u00f1o. \u201c<em>El comit\u00e9 se ha propuesto no solamente cumplir con el mandato que le encomienda la ley, sino tambi\u00e9n complementarlo y ampliarlo<\/em>\u201d, sostuvo.Agreg\u00f3 que un aspecto relevante tiene que ver con lo territorial, llegando a las distintas regiones del pa\u00eds, y tambi\u00e9n el poder ampliar el p\u00fablico, incluyendo no s\u00f3lo a los investigadores, sino tambi\u00e9n a divulgadores, comunicadores, educadores y escolares que puedan aportar para influir en la pol\u00edtica p\u00fablica \u201c<em>para promover la acci\u00f3n clim\u00e1tica en Chile<\/em>\u201d, especific\u00f3.<\/p>\n","protected":false},"excerpt":{"rendered":"<p>Amplia participaci\u00f3n en talleres de la iniciativa \u201cDi\u00e1logos Cient\u00edficos por la Acci\u00f3n Clim\u00e1tica de Chile\u201d realizados en Antofagasta. Escolares de ense\u00f1anza media, docentes y representantes de la comunidad cient\u00edfica de&hellip;<\/p>\n","protected":false},"author":1,"featured_media":20865,"comment_status":"closed","ping_status":"closed","sticky":false,"template":"","format":"standard","meta":{"_monsterinsights_skip_tracking":false,"_monsterinsights_sitenote_active":false,"_monsterinsights_sitenote_note":"","_monsterinsights_sitenote_category":0,"footnotes":""},"categories":[2,897],"tags":[427,381,2048,29,891,2563,8053],"class_list":["post-20863","post","type-post","status-publish","format-standard","has-post-thumbnail","hentry","category-antofagasta","category-medio-ambiente-y-sustentabilidad","tag-cambio","tag-cientifica","tag-climatico","tag-comunidad","tag-contra","tag-escolares","tag-esfuerzos"],"_links":{"self":[{"href":"https:\/\/antofapop.cl\/index.php\/wp-json\/wp\/v2\/posts\/20863"}],"collection":[{"href":"https:\/\/antofapop.cl\/index.php\/wp-json\/wp\/v2\/posts"}],"about":[{"href":"https:\/\/antofapop.cl\/index.php\/wp-json\/wp\/v2\/types\/post"}],"author":[{"embeddable":true,"href":"https:\/\/antofapop.cl\/index.php\/wp-json\/wp\/v2\/users\/1"}],"replies":[{"embeddable":true,"href":"https:\/\/antofapop.cl\/index.php\/wp-json\/wp\/v2\/comments?post=20863"}],"version-history":[{"count":1,"href":"https:\/\/antofapop.cl\/index.php\/wp-json\/wp\/v2\/posts\/20863\/revisions"}],"predecessor-version":[{"id":20864,"href":"https:\/\/antofapop.cl\/index.php\/wp-json\/wp\/v2\/posts\/20863\/revisions\/20864"}],"wp:featuredmedia":[{"embeddable":true,"href":"https:\/\/antofapop.cl\/index.php\/wp-json\/wp\/v2\/media\/20865"}],"wp:attachment":[{"href":"https:\/\/antofapop.cl\/index.php\/wp-json\/wp\/v2\/media?parent=20863"}],"wp:term":[{"taxonomy":"category","embeddable":true,"href":"https:\/\/antofapop.cl\/index.php\/wp-json\/wp\/v2\/categories?post=20863"},{"taxonomy":"post_tag","embeddable":true,"href":"https:\/\/antofapop.cl\/index.php\/wp-json\/wp\/v2\/tags?post=20863"}],"curies":[{"name":"wp","href":"https:\/\/api.w.org\/{rel}","templated":true}]}}