{"id":20872,"date":"2025-10-20T14:33:59","date_gmt":"2025-10-20T11:33:59","guid":{"rendered":"https:\/\/antofapop.cl\/?p=20872"},"modified":"2025-10-20T14:37:41","modified_gmt":"2025-10-20T11:37:41","slug":"direccion-de-salud-organizo-plaza-ciudadana-para-promover-la-salud-mental-positiva","status":"publish","type":"post","link":"https:\/\/antofapop.cl\/index.php\/2025\/10\/20\/direccion-de-salud-organizo-plaza-ciudadana-para-promover-la-salud-mental-positiva\/","title":{"rendered":"Direcci\u00f3n de salud organiz\u00f3 Plaza Ciudadana para promover la salud mental positiva"},"content":{"rendered":"<div class='booster-block booster-read-block'>\n                <div class=\"twp-read-time\">\n                \t<i class=\"booster-icon twp-clock\"><\/i> <span>Tiempo de Lectura:<\/span>1 Minutos, 56 Segundos                <\/div>\n\n            <\/div>\n<p><strong><em>En el d\u00eda mundial de la salud mental la APS dio a conocer las prestaciones que se ofrecen en esta materia en los ocho CESFAM.<\/em><\/strong><\/p>\n\n\n\n<p>Con el objetivo de promover la salud mental positiva y entregar informaci\u00f3n de la red intersectorial disponible a la comunidad, la Direcci\u00f3n de Salud de la Corporaci\u00f3n Municipal de Desarrollo Social realiz\u00f3 una plaza ciudadana para conmemorar el D\u00eda de la Salud Mental.<\/p>\n\n\n\n<p>La actividad desarrollada en dependencias del Espacio Urbano cont\u00f3 con la presencia de profesionales de los ocho CESFAM de la comuna, adem\u00e1s de otras instituciones que apoyan la salud mental de las personas.<\/p>\n\n\n\n<p>Para el secretario general ejecutivo de la CMDS, Jonathan Vergara, &#8220;la Atenci\u00f3n Primaria se hace presente para conmemorar el d\u00eda de la salud mental con diferentes mensajes e iniciativas. La salud mental no es un lujo, es un derecho, un deber y algo muy importante que desde la APS estamos entregando. Debemos preocuparnos por nuestra salud mental&#8221;.<\/p>\n\n\n\n<p>En tanto, la directora de APS, Rossana D\u00edaz, asegur\u00f3 que al conmemorarse el mes de la salud mental y &#8220;a trav\u00e9s de plazas ciudadanas y otras actividades queremos llegar a la gente y decirles que estamos para ayudarlos. Explicar que en los CESFAM de Atenci\u00f3n Primaria tenemos las atenciones necesarias para poder hacer este acompa\u00f1amiento y tratamiento&#8221;.<\/p>\n\n\n\n<p><strong>Atenci\u00f3n en los CESFAM<\/strong><\/p>\n\n\n\n<p>El psic\u00f3logo y referente t\u00e9cnico de salud mental de la Direcci\u00f3n de Salud de CMDS, Ra\u00fal Cuello, coment\u00f3 que con esta plaza ciudadana se busca acercar a la comunidad servicios, informaci\u00f3n y actividades orientadas a promover el bienestar emocional y la importancia de cuidar la salud mental.<\/p>\n\n\n\n<p>En relaci\u00f3n con las atenciones que se ofrecen en la Atenci\u00f3n Primaria de Salud, el profesional agreg\u00f3 que &#8220;en todos los establecimientos contamos con psic\u00f3logos, trabajadores sociales y m\u00e9dicos que forman parte del programa de salud mental integral que atiende a personas desde los 0 hasta los 99 a\u00f1os en distintas problem\u00e1ticas y patolog\u00edas como depresi\u00f3n, trastornos de ansiedad o ideaci\u00f3n suicida, que puedan afectar la salud mental de las personas&#8221;.<\/p>\n\n\n\n<p>A criterio del psic\u00f3logo, post pandemia se ha registrado un aumento en las consultas en esta materia por lo que &#8220;buscamos las formas de poder cubrir la demanda actual de la poblaci\u00f3n, por eso estamos optando tambi\u00e9n a actividades m\u00e1s comunitarias y grupales, sin dejar de lado las atenciones individuales&#8221;.<\/p>\n","protected":false},"excerpt":{"rendered":"<p>En el d\u00eda mundial de la salud mental la APS dio a conocer las prestaciones que se ofrecen en esta materia en los ocho CESFAM. Con el objetivo de promover&hellip;<\/p>\n","protected":false},"author":1,"featured_media":20874,"comment_status":"closed","ping_status":"closed","sticky":false,"template":"","format":"standard","meta":{"_monsterinsights_skip_tracking":false,"_monsterinsights_sitenote_active":false,"_monsterinsights_sitenote_note":"","_monsterinsights_sitenote_category":0,"footnotes":""},"categories":[2,6698],"tags":[1099,245,225,713,10416,224],"class_list":["post-20872","post","type-post","status-publish","format-standard","has-post-thumbnail","hentry","category-antofagasta","category-salud","tag-ciudadana","tag-direccion","tag-mental","tag-plaza","tag-positiva","tag-salud"],"_links":{"self":[{"href":"https:\/\/antofapop.cl\/index.php\/wp-json\/wp\/v2\/posts\/20872"}],"collection":[{"href":"https:\/\/antofapop.cl\/index.php\/wp-json\/wp\/v2\/posts"}],"about":[{"href":"https:\/\/antofapop.cl\/index.php\/wp-json\/wp\/v2\/types\/post"}],"author":[{"embeddable":true,"href":"https:\/\/antofapop.cl\/index.php\/wp-json\/wp\/v2\/users\/1"}],"replies":[{"embeddable":true,"href":"https:\/\/antofapop.cl\/index.php\/wp-json\/wp\/v2\/comments?post=20872"}],"version-history":[{"count":1,"href":"https:\/\/antofapop.cl\/index.php\/wp-json\/wp\/v2\/posts\/20872\/revisions"}],"predecessor-version":[{"id":20873,"href":"https:\/\/antofapop.cl\/index.php\/wp-json\/wp\/v2\/posts\/20872\/revisions\/20873"}],"wp:featuredmedia":[{"embeddable":true,"href":"https:\/\/antofapop.cl\/index.php\/wp-json\/wp\/v2\/media\/20874"}],"wp:attachment":[{"href":"https:\/\/antofapop.cl\/index.php\/wp-json\/wp\/v2\/media?parent=20872"}],"wp:term":[{"taxonomy":"category","embeddable":true,"href":"https:\/\/antofapop.cl\/index.php\/wp-json\/wp\/v2\/categories?post=20872"},{"taxonomy":"post_tag","embeddable":true,"href":"https:\/\/antofapop.cl\/index.php\/wp-json\/wp\/v2\/tags?post=20872"}],"curies":[{"name":"wp","href":"https:\/\/api.w.org\/{rel}","templated":true}]}}