{"id":20882,"date":"2025-10-22T04:59:41","date_gmt":"2025-10-22T01:59:41","guid":{"rendered":"https:\/\/antofapop.cl\/?p=20882"},"modified":"2025-10-22T04:59:42","modified_gmt":"2025-10-22T01:59:42","slug":"semana-de-la-antofagastinidad-celebrara-el-orgullo-la-historia-y-la-cultura","status":"publish","type":"post","link":"https:\/\/antofapop.cl\/index.php\/2025\/10\/22\/semana-de-la-antofagastinidad-celebrara-el-orgullo-la-historia-y-la-cultura\/","title":{"rendered":"Semana de la Antofagastinidad celebrar\u00e1 el orgullo, la\u00a0 historia y la cultura"},"content":{"rendered":"<div class='booster-block booster-read-block'>\n                <div class=\"twp-read-time\">\n                \t<i class=\"booster-icon twp-clock\"><\/i> <span>Tiempo de Lectura:<\/span>2 Minutos, 59 Segundos                <\/div>\n\n            <\/div>\n<p><strong><em>La Corporaci\u00f3n Cultural y Deportiva Identidad Puma organiz\u00f3 importantes actividades para toda\u00a0 la familia, con el objetivo de dar relevancia a esta importante fecha y destacar el pasado, presente y futuro de la ciudad y la construcci\u00f3n de la identidad local.<\/em><\/strong><\/p>\n\n\n\n<p>Una oportunidad para reencontrarse con sus ra\u00edces y poner en valor su riqueza cultural tendr\u00e1 la comunidad&nbsp; antofagastina, con una nueva versi\u00f3n de la Semana de la Antofagastinidad. La iniciativa es organizada por la&nbsp; Corporaci\u00f3n Cultural y Deportiva Identidad Puma y celebra la fundaci\u00f3n de la capital regional el 22 de octubre&nbsp; de 1868, con dos jornadas que relevar\u00e1n el pasado y presente de la capital regional y la importancia de construir juntos identidad.&nbsp;<\/p>\n\n\n\n<p>El evento, que cuenta con el apoyo de Antofagasta Minerals, ser\u00e1 una fiesta ciudadana gratuita y abierta a todo p\u00fablico, que ya es toda una tradici\u00f3n en la ciudad, al rescatar el esp\u00edritu antofagastino con coloridas&nbsp; presentaciones culturales y art\u00edsticas de diversas disciplinas, historia y patrimonio.&nbsp;<\/p>\n\n\n\n<p><strong>Antofagastinidad&nbsp;<\/strong><\/p>\n\n\n\n<p>Antofagastinidad, es un t\u00e9rmino que el maestro Andr\u00e9s Sabella defini\u00f3 como \u201cun sentimiento de amor por&nbsp; Antofagasta que debe traducirse en un servicio cotidiano de progreso y provecho de la ciudad\u201d. De ah\u00ed nace&nbsp; la idea de celebrar con toda una semana de actividades que rememoren la historia local. La Casa de la Cultura,&nbsp; ubicada en calle Latorre 2535, ser\u00e1 escenario de una representaci\u00f3n teatral sobre el Chango L\u00f3pez, una&nbsp; oratoria sobre la fundaci\u00f3n de Antofagasta y la presentaci\u00f3n de la Tuna Distrito de la Universidad Cat\u00f3lica&nbsp; del Norte (UCN).&nbsp;<\/p>\n\n\n\n<p>Para el s\u00e1bado 25 la cita es a partir de las 11:00 horas, en la explanada frente al Muelle Hist\u00f3rico Melbourne&nbsp; Clark, donde tendr\u00e1 lugar una feria con exhibici\u00f3n de material hist\u00f3rico, presentaciones de tunas, arte y cultura. Desde las 16.30 horas se presentar\u00e1 la banda de exalumnos del Colegio Coraz\u00f3n de Mar\u00eda, para&nbsp; continuar con un pasacalle con caporales, diabladas y bandas.&nbsp;&nbsp;<\/p>\n\n\n\n<p>El show final partir\u00e1 a las 18:00 horas y ser\u00e1 amenizado por los d\u00faos \u2019Sopranos Antofagasta\u2019 y \u2018Aura\u2019 y la&nbsp; agrupaci\u00f3n Mallku Andino, para finalizar con la Tuna Tabardos. Las restantes actividades ser\u00e1n difundidas en&nbsp; Facebook, a trav\u00e9s del grupo \u2018Antofagasta ayer, hoy y siempre\u2019 y la p\u00e1gina \u2018Semana de la Antofagastinidad\u2019,&nbsp; al igual que en las cuentas @identidadantofagastina y @elorgullodeserdeantofagasta.&nbsp;<\/p>\n\n\n\n<p>\u201cHemos preparado entretenidas actividades para que las familias vayan conociendo m\u00e1s de la historia de la&nbsp; ciudad, empap\u00e1ndose de este sentimiento de antofagastinidad y cultivando la identidad con nuestra tierra,&nbsp; especialmente en los m\u00e1s peque\u00f1os\u201d, explic\u00f3 Mauricio Marrod\u00e1n, presidente de la agrupaci\u00f3n e hijo de Juan&nbsp; Antonio Marrod\u00e1n, destacado periodista, deportista y Caballero del Ancla, quien con su incansable trabajo&nbsp; cultural fue su referente y motivaci\u00f3n para preservar su legado.<\/p>\n\n\n\n<p><strong>Fundaci\u00f3n de Antofagasta&nbsp;<\/strong><\/p>\n\n\n\n<p>El 22 de octubre de 1868, el gobierno de Bolivia \u2013bajo la presidencia de Mariano Melgarejo\u2013 fund\u00f3 el poblado&nbsp; costero de \u201cLa Chimba\u201d, que es el origen de la actual Antofagasta. De acuerdo con el acta de fundaci\u00f3n&nbsp; levantada ese d\u00eda por la Prefectura del Departamento del Litoral con sede en Cobija, se estableci\u00f3&nbsp; oficialmente el nuevo asentamiento que hoy es capital regional.&nbsp;&nbsp;<\/p>\n\n\n\n<p>Inicialmente se us\u00f3 el nombre local de \u201cLa Chimba\u201d para la poblaci\u00f3n, pero poco despu\u00e9s se adopt\u00f3 el\u00a0 nombre \u201cAntofagasta\u201d. Diversas fuentes se\u00f1alan que fue el propio Melgarejo quien aprob\u00f3 el nombre de\u00a0 Antofagasta en honor a unas tierras que su hijo pose\u00eda en Antofagasta de la Sierra (regi\u00f3n de Catamarca).<\/p>\n","protected":false},"excerpt":{"rendered":"<p>La Corporaci\u00f3n Cultural y Deportiva Identidad Puma organiz\u00f3 importantes actividades para toda\u00a0 la familia, con el objetivo de dar relevancia a esta importante fecha y destacar el pasado, presente y&hellip;<\/p>\n","protected":false},"author":1,"featured_media":20761,"comment_status":"closed","ping_status":"closed","sticky":false,"template":"","format":"standard","meta":{"_monsterinsights_skip_tracking":false,"_monsterinsights_sitenote_active":false,"_monsterinsights_sitenote_note":"","_monsterinsights_sitenote_category":0,"footnotes":""},"categories":[2,188],"tags":[3210,234,479,1246,308],"class_list":["post-20882","post","type-post","status-publish","format-standard","has-post-thumbnail","hentry","category-antofagasta","category-patrimonio","tag-antofagastinidad","tag-cultura","tag-historia","tag-orgullo","tag-semana"],"_links":{"self":[{"href":"https:\/\/antofapop.cl\/index.php\/wp-json\/wp\/v2\/posts\/20882"}],"collection":[{"href":"https:\/\/antofapop.cl\/index.php\/wp-json\/wp\/v2\/posts"}],"about":[{"href":"https:\/\/antofapop.cl\/index.php\/wp-json\/wp\/v2\/types\/post"}],"author":[{"embeddable":true,"href":"https:\/\/antofapop.cl\/index.php\/wp-json\/wp\/v2\/users\/1"}],"replies":[{"embeddable":true,"href":"https:\/\/antofapop.cl\/index.php\/wp-json\/wp\/v2\/comments?post=20882"}],"version-history":[{"count":1,"href":"https:\/\/antofapop.cl\/index.php\/wp-json\/wp\/v2\/posts\/20882\/revisions"}],"predecessor-version":[{"id":20883,"href":"https:\/\/antofapop.cl\/index.php\/wp-json\/wp\/v2\/posts\/20882\/revisions\/20883"}],"wp:featuredmedia":[{"embeddable":true,"href":"https:\/\/antofapop.cl\/index.php\/wp-json\/wp\/v2\/media\/20761"}],"wp:attachment":[{"href":"https:\/\/antofapop.cl\/index.php\/wp-json\/wp\/v2\/media?parent=20882"}],"wp:term":[{"taxonomy":"category","embeddable":true,"href":"https:\/\/antofapop.cl\/index.php\/wp-json\/wp\/v2\/categories?post=20882"},{"taxonomy":"post_tag","embeddable":true,"href":"https:\/\/antofapop.cl\/index.php\/wp-json\/wp\/v2\/tags?post=20882"}],"curies":[{"name":"wp","href":"https:\/\/api.w.org\/{rel}","templated":true}]}}