{"id":20901,"date":"2025-10-25T04:33:55","date_gmt":"2025-10-25T01:33:55","guid":{"rendered":"https:\/\/antofapop.cl\/?p=20901"},"modified":"2025-10-25T04:40:27","modified_gmt":"2025-10-25T01:40:27","slug":"vestigios-exposicion-fotografica-que-invita-a-reflexionar-sobre-la-memoria-del-paisaje-nortino","status":"publish","type":"post","link":"https:\/\/antofapop.cl\/index.php\/2025\/10\/25\/vestigios-exposicion-fotografica-que-invita-a-reflexionar-sobre-la-memoria-del-paisaje-nortino\/","title":{"rendered":"Vestigios: exposici\u00f3n fotogr\u00e1fica que invita a reflexionar sobre la memoria del paisaje nortino"},"content":{"rendered":"<div class='booster-block booster-read-block'>\n                <div class=\"twp-read-time\">\n                \t<i class=\"booster-icon twp-clock\"><\/i> <span>Tiempo de Lectura:<\/span>2 Minutos, 18 Segundos                <\/div>\n\n            <\/div>\n<p><em><strong>La muestra que es parte de Foto Antofagasta 2025, estar\u00e1 abierta al p\u00fablico hasta el 07 de noviembre, y propone una mirada \u00edntima a los rastros del tiempo y las huellas del extractivismo en la regi\u00f3n de Antofagasta.<\/strong><\/em><\/p>\n\n\n\n<p>El paso del tiempo, la historia del territorio y la memoria contenida en los objetos olvidados son los ejes que articulan <strong><em>\u201cVestigios\u201d<\/em><\/strong>, exposici\u00f3n fotogr\u00e1fica del artista <strong>Jos\u00e9 C\u00e1rdenas Lorca<\/strong>, que mediante una serie de im\u00e1genes capturadas en diversos puntos de la regi\u00f3n, invita a contemplar los restos del pasado como una forma de di\u00e1logo entre lo visible, lo ef\u00edmero y lo \u00edntimo del paisaje nortino.<\/p>\n\n\n\n<p>La muestra forma parte de la programaci\u00f3n de <strong>Foto Antofagasta 2025<\/strong>, una iniciativa impulsada por Balmaceda Arte Joven, que cuenta con el apoyo de la Seremi de las Culturas, las Artes y el Patrimonio, mediante el Fondo Nacional de Desarrollo Cultural y las Artes, Fondart, convocatoria 2025, regi\u00f3n de Antofagasta.<\/p>\n\n\n\n<p>La regi\u00f3n de Antofagasta ha sido moldeada por sucesivos ciclos de extracci\u00f3n industrial, cuyas huellas a\u00fan persisten en su geograf\u00eda y su memoria colectiva. <em>\u201cVestigios\u201d<\/em> pone en escena esa permanencia a trav\u00e9s de fotograf\u00edas que recorren ruinas industriales, objetos personales abandonados y paisajes marcados por la ausencia, proponiendo una reflexi\u00f3n visual sobre la historia y la fragilidad del tiempo.<\/p>\n\n\n\n<p>\u201c<em>Vestigios es una muestra que resalta y pone en valor aquello que consideramos deshecho, roto o inservible. A trav\u00e9s de la fotograf\u00eda busco encontrar lo bello en estos objetos y paisajes, donde veo memoria e historias sin contar<\/em>\u201d, comenta el artista <strong>Jos\u00e9 C\u00e1rdenas Lorca<\/strong>.<\/p>\n\n\n\n<p>El montaje fotogr\u00e1fico invita a la reflexi\u00f3n, donde los asistentes puede detenerse a observar una imagen que no entrega su mensaje inmediatamente a trav\u00e9s de la belleza o narrativa, lo que permite que cada espectador se reencuentre con sus propias memorias en estas im\u00e1genes indefinidas.<\/p>\n\n\n\n<p>\u201cDesde Balmaceda Arte Joven buscamos constantemente relevar el talento de las y los j\u00f3venes creadores del norte, generando espacios donde puedan compartir sus miradas sobre el territorio que habitan. En el caso de <em>Vestigios<\/em>, la obra de Jos\u00e9 C\u00e1rdenas nos invita a meditar sobre la memoria y las transformaciones del paisaje, proponiendo una lectura sensible y cr\u00edtica de nuestra relaci\u00f3n con la historia y el entorno\u201d, se\u00f1al\u00f3 Jorge Wittwer, director regional de Balmaceda Arte Joven Antofagasta<strong>.<\/strong><\/p>\n\n\n\n<p>La exposici\u00f3n estar\u00e1 abierta al p\u00fablico de manera gratuita <strong>hasta el 07 de noviembre, <\/strong>en la galer\u00eda de BAJ Antofagasta y Mattaprat, ubicada en <strong>Arturo Prat #712, cuarto piso<\/strong>. El horario de visita es de <strong>lunes a viernes de 11:00 a 17:00 horas<\/strong>. Para conocer m\u00e1s sobre \u201cVestigios\u201d trabajo de Jos\u00e9 C\u00e1rdenas Lorca, los invitamos a visitar las redes sociales de <a href=\"https:\/\/www.instagram.com\/fotoantofagasta.baj\/\"><strong>@fotoantofagasta.baj<\/strong><\/a>, <a href=\"https:\/\/www.instagram.com\/baj_antofagasta\/\"><strong>@baj_antofagasta<\/strong><\/a> y la web <a href=\"https:\/\/www.balmacedartejoven.cl\/portada\/foto-antofagasta-2025-vestigios\/\"><strong>baj.cl<\/strong><\/a>, donde tambi\u00e9n se podr\u00e1 acceder a la <strong>galer\u00eda virtual<\/strong> de la exposici\u00f3n.<\/p>\n","protected":false},"excerpt":{"rendered":"<p>La muestra que es parte de Foto Antofagasta 2025, estar\u00e1 abierta al p\u00fablico hasta el 07 de noviembre, y propone una mirada \u00edntima a los rastros del tiempo y las&hellip;<\/p>\n","protected":false},"author":1,"featured_media":20903,"comment_status":"closed","ping_status":"closed","sticky":false,"template":"","format":"standard","meta":{"_monsterinsights_skip_tracking":false,"_monsterinsights_sitenote_active":false,"_monsterinsights_sitenote_note":"","_monsterinsights_sitenote_category":0,"footnotes":""},"categories":[2,219],"tags":[449,2227,1844,34,3466,10057],"class_list":["post-20901","post","type-post","status-publish","format-standard","has-post-thumbnail","hentry","category-antofagasta","category-cartelera","tag-exposicion","tag-fotografica","tag-memoria","tag-nortino","tag-paisaje","tag-vestigios"],"_links":{"self":[{"href":"https:\/\/antofapop.cl\/index.php\/wp-json\/wp\/v2\/posts\/20901"}],"collection":[{"href":"https:\/\/antofapop.cl\/index.php\/wp-json\/wp\/v2\/posts"}],"about":[{"href":"https:\/\/antofapop.cl\/index.php\/wp-json\/wp\/v2\/types\/post"}],"author":[{"embeddable":true,"href":"https:\/\/antofapop.cl\/index.php\/wp-json\/wp\/v2\/users\/1"}],"replies":[{"embeddable":true,"href":"https:\/\/antofapop.cl\/index.php\/wp-json\/wp\/v2\/comments?post=20901"}],"version-history":[{"count":1,"href":"https:\/\/antofapop.cl\/index.php\/wp-json\/wp\/v2\/posts\/20901\/revisions"}],"predecessor-version":[{"id":20902,"href":"https:\/\/antofapop.cl\/index.php\/wp-json\/wp\/v2\/posts\/20901\/revisions\/20902"}],"wp:featuredmedia":[{"embeddable":true,"href":"https:\/\/antofapop.cl\/index.php\/wp-json\/wp\/v2\/media\/20903"}],"wp:attachment":[{"href":"https:\/\/antofapop.cl\/index.php\/wp-json\/wp\/v2\/media?parent=20901"}],"wp:term":[{"taxonomy":"category","embeddable":true,"href":"https:\/\/antofapop.cl\/index.php\/wp-json\/wp\/v2\/categories?post=20901"},{"taxonomy":"post_tag","embeddable":true,"href":"https:\/\/antofapop.cl\/index.php\/wp-json\/wp\/v2\/tags?post=20901"}],"curies":[{"name":"wp","href":"https:\/\/api.w.org\/{rel}","templated":true}]}}