{"id":20904,"date":"2025-10-25T15:10:24","date_gmt":"2025-10-25T12:10:24","guid":{"rendered":"https:\/\/antofapop.cl\/?p=20904"},"modified":"2025-10-25T15:10:24","modified_gmt":"2025-10-25T12:10:24","slug":"gira-teleton-inti-illimani-se-suma-a-show-gratuito-en-la-plaza-colon","status":"publish","type":"post","link":"https:\/\/antofapop.cl\/index.php\/2025\/10\/25\/gira-teleton-inti-illimani-se-suma-a-show-gratuito-en-la-plaza-colon\/","title":{"rendered":"Gira Telet\u00f3n: Inti Illimani se suma a show gratuito en la Plaza Col\u00f3n"},"content":{"rendered":"<div class='booster-block booster-read-block'>\n                <div class=\"twp-read-time\">\n                \t<i class=\"booster-icon twp-clock\"><\/i> <span>Tiempo de Lectura:<\/span>5 Minutos, 49 Segundos                <\/div>\n\n            <\/div>\n<p><strong><em>La agrupaci\u00f3n se sumar\u00e1 al show del 6 de noviembre y que contar\u00e1 con presentaciones de Pulentos, Polim\u00e1 Westcoast, Gino Mella y Z\u00fambale Primo.<\/em><\/strong><\/p>\n\n\n\n<p>La Gira Telet\u00f3n sigue sumando artistas para la caravana que recorrer\u00e1 el pa\u00eds entre el 4 y el 22 de noviembre, y que busca calentar motores para la cruzada solidaria del <strong>28 y 29 de noviembre<\/strong> que re\u00fane fondos para continuar con la rehabilitaci\u00f3n de m\u00e1s de 32 mil pacientes que asisten en los 14 institutos ubicados entre Arica a Ays\u00e9n.<\/p>\n\n\n\n<p>En el caso de Antofagasta, se sumar\u00e1 uno de los grupos m\u00e1s emblem\u00e1ticos y trascendentes de la m\u00fasica chilena y latinoamericana: <strong>Inti Illimani,<\/strong> quienes ser\u00e1n parte del evento gratuito que se realizar\u00e1 el jueves 6 de noviembre desde las 18 horas en la Plaza Col\u00f3n y que contar\u00e1 con la animaci\u00f3n de Jos\u00e9 Miguel Vi\u00f1uela.&nbsp;<\/p>\n\n\n\n<p>Los int\u00e9rpretes de \u201cSamba Lando\u201d se sumar\u00e1n a un espect\u00e1culo que ya tiene entre sus confirmados a <strong>Polim\u00e1 Westcoast, Gino Mella, Z\u00fambale Primo <\/strong>y la agrupaci\u00f3n infantil <strong>\u201cPulentos\u201d.&nbsp;<\/strong><\/p>\n\n\n\n<p>Entre los nuevos anuncios de otras ciudades destacan<strong> Jordan<\/strong> (Arica e Iquique), <strong>Sigrid Alegr\u00eda y Los Claveles<\/strong> (Temuco, Valdivia, Castro) y <strong>Franco \u201cEl Gorila\u201d<\/strong> (Temuco). A ellos se sumar\u00e1n artistas juveniles como <strong>Loyaltty <\/strong>(Curic\u00f3), <strong>Martinwhite<\/strong> (Copiap\u00f3), <strong>Q_Are <\/strong>(Arica e Iquique) y <strong>Katteyes<\/strong> (Copiap\u00f3 y Ovalle).<\/p>\n\n\n\n<p>Todos ellos se suman a los ya confirmados <strong>Paula Rivas<\/strong> (Curic\u00f3, Concepci\u00f3n, Temuco); <strong>Tomo como Rey<\/strong> (Valdivia y Castro); <strong>La Combo Tortuga<\/strong> (Curic\u00f3, Concepci\u00f3n y Temuco); <strong>King Savagge<\/strong> (Valdivia, Castro); <strong>Sinergia Kids con la T\u00eda Pucherito<\/strong>, desde Curic\u00f3 hasta Temuco; y <strong>El Mundo de Christell <\/strong>(Valdivia, Castro).&nbsp;<\/p>\n\n\n\n<p>A todos ellos se a\u00f1adir\u00e1n m\u00e1s artistas que ser\u00e1n anunciados a trav\u00e9s de las redes de Telet\u00f3n en los pr\u00f3ximos d\u00edas.&nbsp;<\/p>\n\n\n\n<p>La directora general de Fundaci\u00f3n Telet\u00f3n, <strong>Mar\u00eda Jos\u00e9 Zald\u00edvar<\/strong>, destac\u00f3 que \u201cestamos s\u00faper contentos por la recepci\u00f3n que ha tenido la gira Telet\u00f3n. La gente est\u00e1 motivada con las ciudades a las que vamos a ir, con los artistas que vamos a llegar y eso nos pone s\u00faper contentos\u201d.&nbsp;<\/p>\n\n\n\n<p><strong>\u201cLo que buscamos es que este sea un show totalmente familiar, <\/strong>que la familia se re\u00fana, que permita que todos lo pasen muy bien y por buscamos que hayan artistas para todos los gustos, para todas las edades, los distintos gustos musicales, para que de esta manera podamos convocar a la mayor cantidad de gente posible y que todos lo pasen muy bien, con un objetivo que es s\u00faper claro, que es darle mucha visibilidad a la Telet\u00f3n 2025, que va a ser el d\u00eda 28 y 29 de noviembre, y para que de esta forma nos podamos sentir todos parte de esta gran cruzada, que es la Gran Cruzada de Chile\u201d, a\u00f1adi\u00f3.&nbsp;<\/p>\n\n\n\n<p>La Gira Telet\u00f3n se desarrollar\u00e1 en dos tramos: d<strong>el 4 al 8 de noviembre en la zona norte<\/strong>, y del <strong>18 al 22 de noviembre en el sur<\/strong>, luego del receso por las elecciones presidenciales y parlamentarias. Este a\u00f1o, adem\u00e1s, se incorporan escenarios en ciudades que no sol\u00edan ser parte del recorrido principal, como Ovalle, Curic\u00f3 y Castro, en un gesto de descentralizaci\u00f3n y cercan\u00eda con las comunidades regionales.<\/p>\n\n\n\n<p>La gira adem\u00e1s contar\u00e1 con representantes de los rostros embajadores de la cruzada solidaria: entre sus primeros confirmados est\u00e1n<strong> Millaray Viera<\/strong> (Iquique),<strong> Juan Pablo Queralt\u00f3 <\/strong>(Antofagasta, Temuco),<strong> Jos\u00e9 Miguel Vi\u00f1uela <\/strong>(Antofagasta), <strong>Daniel Fuenzalida<\/strong> (Ovalle, Valdivia),<strong> Rafael Araneda<\/strong> (Curic\u00f3), <strong>Eduardo Fuentes <\/strong>(Valdivia, Castro).&nbsp;<\/p>\n\n\n\n<p>A los ya anunciados, esta semana se confirm\u00f3 la participaci\u00f3n de<strong> Ang\u00e9lica Castro <\/strong>(Curic\u00f3, Concepci\u00f3n), <strong>Priscilla Vargas <\/strong>(Valdivia), <strong>Mart\u00edn C\u00e1rcamo <\/strong>(Arica y Castro) y <strong>Francisco Saavedra<\/strong> (Temuco). La n\u00f3mina definitiva de animadores ser\u00e1 dada a conocer m\u00e1s adelante por Telet\u00f3n.&nbsp;<\/p>\n\n\n\n<p>Junto con ellos, la caravana contar\u00e1 con la participaci\u00f3n de reconocidos influencers, como <a href=\"https:\/\/www.instagram.com\/tatiifernandez\/\"><strong>Tati Fern\u00e1ndez<\/strong><\/a> y <a href=\"https:\/\/www.instagram.com\/carlosmenesess\/\"><strong>Carlos Meneses<\/strong><\/a>, quienes se tomar\u00e1n nuestras redes sociales en Temuco, Valdivia y Castro; mientras que Gast\u00f3n Guerrero <a href=\"https:\/\/www.instagram.com\/julitroz_\/\"><strong>(Julitroz)<\/strong><\/a> y Scarlette G\u00e1lvez <a href=\"https:\/\/www.instagram.com\/eskarcita\/\"><strong>(Eskarcita)<\/strong><\/a>, realizar\u00e1n transmisiones en <a href=\"https:\/\/www.instagram.com\/teleton_chile\/\"><strong>Instagram<\/strong><\/a> y <a href=\"https:\/\/www.tiktok.com\/@teletoncl?lang=es\"><strong>TikTok<\/strong><\/a><strong> <\/strong>desde Arica e Iquique. En tanto, <a href=\"https:\/\/www.instagram.com\/oliverbornercerda\/?hl=es\"><strong>Oliver Borner<\/strong><\/a> estar\u00e1 en Curic\u00f3 y Concepci\u00f3n y <a href=\"https:\/\/www.instagram.com\/mike_milfort\/?hl=es\"><strong>Mike Milfort<\/strong><\/a> junto a <a href=\"https:\/\/www.instagram.com\/icata\/?hl=es-la\"><strong>Icata<\/strong><\/a> estar\u00e1n en Antofagasta, Copiap\u00f3 y Ovalle. Tambi\u00e9n ser\u00e1n parte de este recorrido solidario los animadores del programa \u201cEfecto N\u201d, de NTV, <strong>Margarita \u201cLaruch\u00e1n\u201d Huenuil<\/strong> y<strong> Julio Robert,<\/strong> quienes realizar\u00e1n despachos y tendr\u00e1n una especial participaci\u00f3n en el segmento infantil del show.&nbsp;<\/p>\n\n\n\n<p><strong>Regreso del tren de la Telet\u00f3n<\/strong><\/p>\n\n\n\n<p>Uno de los hitos de este a\u00f1o ser\u00e1 el regreso del tren de la Gira Telet\u00f3n gracias a un servicio especial de la Empresa de Ferrocarriles del Estado (EFE). De esta manera, la comitiva de artistas, animadores e influencers viajar\u00e1 en tren desde Estaci\u00f3n Central hasta Los Lagos, para luego continuar el recorrido en bus y en transbordador hacia Castro, en Chilo\u00e9, donde por primera vez se realizar\u00e1 el cierre de la gira.<\/p>\n\n\n\n<p><strong>Jos\u00e9 Solorza,<\/strong> gerente general de EFE, destac\u00f3 que \u201c<strong>es un orgullo ser parte de este hito solidario que une a Chile desde hace m\u00e1s de cuatro d\u00e9cadas. <\/strong>Despu\u00e9s de siete a\u00f1os, la Gira Sur vuelve a realizarse en tren y, por primera vez en 30 a\u00f1os, la comitiva llegar\u00e1 hasta la Regi\u00f3n de Los Lagos. Nuestro compromiso es aportar con la experiencia y seguridad de nuestros trenes para que esta gira tenga un recorrido eficiente, seguro y lleno de emoci\u00f3n\u201d.<\/p>\n\n\n\n<p>El convoy contar\u00e1 con tres coches de pasajeros con capacidad para 135 personas, adem\u00e1s de vagones de comedor, bodega y generador.<\/p>\n\n\n\n<p><strong>Calendario de la Gira Telet\u00f3n 2025<\/strong><\/p>\n\n\n\n<p><strong>Zona Norte<\/strong><\/p>\n\n\n\n<ul class=\"wp-block-list\">\n<li><strong>Arica: <\/strong>Martes 4 de noviembre\/18:00 hrs\/ Lugar por confirmar<\/li>\n\n\n\n<li><strong>Iquique:<\/strong> Mi\u00e9rcoles 5 de noviembre\/18:00 hrs\/<a href=\"http:\/\/google.com\/maps\/place\/Plaza+21+De+Mayo\/@-20.2225599,-70.1702246,2978m\/data=!3m2!1e3!4b1!4m6!3m5!1s0x915213fbde26316d:0x66cbaf041d463393!8m2!3d-20.222581!4d-70.1517706!16s%2Fg%2F11bw4vxydj?entry=ttu&amp;g_ep=EgoyMDI1MDkyOS4wIKXMDSoASAFQAw%3D%3D\"><strong>Plaza 21 de Mayo<\/strong><\/a><\/li>\n\n\n\n<li><strong>Antofagasta:<\/strong> Jueves 6 de noviembre\/18:00 hrs\/<a href=\"https:\/\/www.google.com\/maps\/place\/Plaza+Col%C3%B3n,+Antofagasta\/@-23.6464066,-70.4005541,727m\/data=!3m2!1e3!4b1!4m6!3m5!1s0x96afd517d04859eb:0x634d9b57975f3446!8m2!3d-23.646375!4d-70.3979677!16s%2Fg%2F11bw43zgky?entry=ttu&amp;g_ep=EgoyMDI1MDkyOS4wIKXMDSoASAFQAw%3D%3D\"><strong>Plaza Col\u00f3n<\/strong><\/a><\/li>\n\n\n\n<li><strong>Copiap\u00f3:<\/strong> Viernes 7 de noviembre\/18:00 hrs\/<a href=\"https:\/\/www.google.com\/maps\/place\/Ilustre+Municipalidad+de+Copiapo\/@-27.3616425,-70.328893,105m\/data=!3m1!1e3!4m14!1m7!3m6!1s0x9698047a70cafb35:0xa1c8ab1b38afeba5!2sMunicipalidad+de+Copiapo!8m2!3d-27.3614158!4d-70.329007!16s%2Fg%2F1tf_jmpg!3m5!1s0x9698047373937e99:0x51f752b3f1be8cbf!8m2!3d-27.3614641!4d-70.3289859!16s%2Fg%2F11b7hp0_b9?entry=ttu&amp;g_ep=EgoyMDI1MDkyOS4wIKXMDSoASAFQAw%3D%3D\"><strong>Exterior Municipalidad, por calle Los Concejales.\u00a0<\/strong><\/a><\/li>\n\n\n\n<li><strong>Ovalle: <\/strong>S\u00e1bado 8 de noviembre\/18:00 hrs\/<a href=\"https:\/\/www.google.com\/maps\/place\/Plaza+de+Armas+de+Ovalle\/@-30.6031433,-71.2055542,683m\/data=!3m2!1e3!4b1!4m6!3m5!1s0x968e4aa89678bc4b:0x4ecdc7276d95e3ad!8m2!3d-30.6031479!4d-71.2029793!16s%2Fg%2F12323z3c5?entry=ttu&amp;g_ep=EgoyMDI1MDkyOS4wIKXMDSoASAFQAw%3D%3D\"><strong>Plaza de Armas<\/strong><\/a><\/li>\n<\/ul>\n\n\n\n<p><strong>Zona Sur<\/strong><\/p>\n\n\n\n<ul class=\"wp-block-list\">\n<li><strong>Curic\u00f3: <\/strong>Martes 18 de noviembre\/18:00\/<a href=\"https:\/\/www.google.com\/maps\/place\/Medialuna+de+Curic%C3%B3\/@-34.9737628,-71.2288731,273m\/data=!3m1!1e3!4m6!3m5!1s0x9664572a4c070b1b:0x70badb4a9cee09a8!8m2!3d-34.9738261!4d-71.228182!16s%2Fg%2F11gv0ndpwv?entry=ttu&amp;g_ep=EgoyMDI1MDkyOS4wIKXMDSoASAFQAw%3D%3D\"><strong>Medialuna de Curic\u00f3.<\/strong><\/a><\/li>\n\n\n\n<li><strong>Concepci\u00f3n: <\/strong>Mi\u00e9rcoles 19 de noviembre\/18:00\/<a href=\"https:\/\/www.google.com\/maps\/place\/Parque+y+Mirador+Laguna+Grande\/@-36.8474658,-73.104398,16z\/data=!4m15!1m8!3m7!1s0x9669c9a76f656b9d:0xac179a68565992fe!2sParque+y+Mirador+Laguna+Grande!8m2!3d-36.8474658!4d-73.104398!10e5!16s%2Fg%2F11fd8gk5jp!3m5!1s0x9669c9a76f656b9d:0xac179a68565992fe!8m2!3d-36.8474658!4d-73.104398!16s%2Fg%2F11fd8gk5jp?entry=ttu&amp;g_ep=EgoyMDI1MDkyOS4wIKXMDSoASAFQAw%3D%3D\"><strong>Parque y Mirador Laguna Grande<\/strong><\/a><strong>,<\/strong> San Pedro de La Paz.<\/li>\n\n\n\n<li><strong>Temuco: <\/strong>Jueves 20 de noviembre\/18:00\/<a href=\"https:\/\/www.google.com\/maps\/place\/Parque+Urbano+Isla+Caut%C3%ADn\/@-38.7503377,-72.6051584,1237m\/data=!3m1!1e3!4m14!1m7!3m6!1s0x9614d15f251ff09b:0x9529f3a3a7e7bf4a!2sParque+Urbano+Isla+Caut%C3%ADn!8m2!3d-38.7476513!4d-72.5985372!16s%2Fg%2F12mkx_8j_!3m5!1s0x9614d15f251ff09b:0x9529f3a3a7e7bf4a!8m2!3d-38.7476513!4d-72.5985372!16s%2Fg%2F12mkx_8j_?entry=ttu&amp;g_ep=EgoyMDI1MDkyOS4wIKXMDSoASAFQAw%3D%3D\"><strong>Explanada interior Parque Urbano Isla Caut\u00edn<\/strong><\/a><strong>.<\/strong><\/li>\n\n\n\n<li><strong>Valdivia:<\/strong> Viernes 21 de noviembre\/18:00\/<a href=\"https:\/\/www.google.com\/maps\/place\/Helipuerto+Valdivia+-+Vista+al+R%C3%ADo\/@-39.8100065,-73.2467572,152m\/data=!3m1!1e3!4m10!1m2!2m1!1sex+helipuerto+valdivia!3m6!1s0x9615edd928f4b51d:0xefd1d08d1e16155c!8m2!3d-39.8100589!4d-73.246404!15sChZleCBoZWxpcHVlcnRvIHZhbGRpdmlhWhgiFmV4IGhlbGlwdWVydG8gdmFsZGl2aWGSAQhoZWxpcG9ydJoBJENoZERTVWhOTUc5blMwVkpRMEZuVFVSdloySjJRamhCUlJBQqoBUhABKhEiDWV4IGhlbGlwdWVydG8oDjIfEAEiGzH9Go1EBlnUOxZKHEc475jork9i95r355kfFDIaEAIiFmV4IGhlbGlwdWVydG8gdmFsZGl2aWHgAQD6AQQIABBC!16s%2Fg%2F11f1kctscf?entry=ttu&amp;g_ep=EgoyMDI1MDkyOS4wIKXMDSoASAFQAw%3D%3D\"><strong>Paseo Costanera (Ex Helipuerto)<\/strong><\/a><strong>.<\/strong><\/li>\n\n\n\n<li><strong>Castro:<\/strong> S\u00e1bado 22 de noviembre\/18:00\/<a href=\"https:\/\/www.google.com\/maps\/place\/Plaza+de+Armas+de+Castro,+Castro,+Los+Lagos\/@-42.482344,-73.7668838,585m\/data=!3m2!1e3!4b1!4m6!3m5!1s0x962219e5c757a3ad:0xf7862cf8a64216b6!8m2!3d-42.4823593!4d-73.7643284!16s%2Fg%2F11b8v80qm_?entry=ttu&amp;g_ep=EgoyMDI1MDkyOS4wIKXMDSoASAFQAw%3D%3D\"><strong>Plaza de Armas.\u00a0<\/strong><\/a><\/li>\n<\/ul>\n\n\n\n<p><br>La gira tambi\u00e9n incluir\u00e1 activaciones art\u00edsticas en comunas que cada a\u00f1o desarrollan actividades solidarias locales:<\/p>\n\n\n\n<ul class=\"wp-block-list\">\n<li>Rengo (18 de noviembre)<\/li>\n\n\n\n<li>Lautaro (20 de noviembre)<\/li>\n\n\n\n<li>M\u00e1fil (21 de noviembre)<\/li>\n<\/ul>\n\n\n\n<p>A esto se sumar\u00e1n dos paradas intermedias que se anunciar\u00e1n m\u00e1s adelante.<\/p>\n\n\n\n<p><br>Aunque por motivos log\u00edsticos la gira no visitar\u00e1 Calama ni Coyhaique, Telet\u00f3n organizar\u00e1 actividades especiales en ambas ciudades, cuyos detalles ser\u00e1n informados pr\u00f3ximamente.<\/p>\n\n\n\n<p><strong>Los nuevos artistas que se suman a la Gira Telet\u00f3n en Antofagasta<\/strong><\/p>\n\n\n\n<p><strong>Inti Illimani<\/strong><\/p>\n\n\n\n<p>Inti Illimani es uno de los grupos m\u00e1s emblem\u00e1ticos y trascendentes de la m\u00fasica chilena y latinoamericana. Nacido en 1967, su propuesta fusiona el folclor andino con la trova, el canto social y elementos contempor\u00e1neos, construyendo un sonido que trasciende generaciones y fronteras.<\/p>\n\n\n\n<p>A lo largo de m\u00e1s de cinco d\u00e9cadas, Inti Illimani ha recorrido el mundo llevando un mensaje de identidad, justicia y esperanza que sigue vigente.&nbsp;<\/p>\n","protected":false},"excerpt":{"rendered":"<p>La agrupaci\u00f3n se sumar\u00e1 al show del 6 de noviembre y que contar\u00e1 con presentaciones de Pulentos, Polim\u00e1 Westcoast, Gino Mella y Z\u00fambale Primo. La Gira Telet\u00f3n sigue sumando artistas&hellip;<\/p>\n","protected":false},"author":1,"featured_media":20905,"comment_status":"closed","ping_status":"closed","sticky":false,"template":"","format":"standard","meta":{"_monsterinsights_skip_tracking":false,"_monsterinsights_sitenote_active":false,"_monsterinsights_sitenote_note":"","_monsterinsights_sitenote_category":0,"footnotes":""},"categories":[2,219],"tags":[1839,1366,842,10419,8413,6525,713,23,1212,3460],"class_list":["post-20904","post","type-post","status-publish","format-standard","has-post-thumbnail","hentry","category-antofagasta","category-cartelera","tag-colon","tag-gira","tag-gratuito","tag-illimani","tag-inti","tag-inti-illimani","tag-plaza","tag-show","tag-suma","tag-teleton"],"_links":{"self":[{"href":"https:\/\/antofapop.cl\/index.php\/wp-json\/wp\/v2\/posts\/20904"}],"collection":[{"href":"https:\/\/antofapop.cl\/index.php\/wp-json\/wp\/v2\/posts"}],"about":[{"href":"https:\/\/antofapop.cl\/index.php\/wp-json\/wp\/v2\/types\/post"}],"author":[{"embeddable":true,"href":"https:\/\/antofapop.cl\/index.php\/wp-json\/wp\/v2\/users\/1"}],"replies":[{"embeddable":true,"href":"https:\/\/antofapop.cl\/index.php\/wp-json\/wp\/v2\/comments?post=20904"}],"version-history":[{"count":1,"href":"https:\/\/antofapop.cl\/index.php\/wp-json\/wp\/v2\/posts\/20904\/revisions"}],"predecessor-version":[{"id":20906,"href":"https:\/\/antofapop.cl\/index.php\/wp-json\/wp\/v2\/posts\/20904\/revisions\/20906"}],"wp:featuredmedia":[{"embeddable":true,"href":"https:\/\/antofapop.cl\/index.php\/wp-json\/wp\/v2\/media\/20905"}],"wp:attachment":[{"href":"https:\/\/antofapop.cl\/index.php\/wp-json\/wp\/v2\/media?parent=20904"}],"wp:term":[{"taxonomy":"category","embeddable":true,"href":"https:\/\/antofapop.cl\/index.php\/wp-json\/wp\/v2\/categories?post=20904"},{"taxonomy":"post_tag","embeddable":true,"href":"https:\/\/antofapop.cl\/index.php\/wp-json\/wp\/v2\/tags?post=20904"}],"curies":[{"name":"wp","href":"https:\/\/api.w.org\/{rel}","templated":true}]}}