{"id":20910,"date":"2025-10-25T15:31:14","date_gmt":"2025-10-25T12:31:14","guid":{"rendered":"https:\/\/antofapop.cl\/?p=20910"},"modified":"2025-10-25T15:31:14","modified_gmt":"2025-10-25T12:31:14","slug":"premios-regionales-a-las-artes-las-culturas-y-el-patrimonio-linterna-de-papel-2025-ya-cuenta-con-ganadores","status":"publish","type":"post","link":"https:\/\/antofapop.cl\/index.php\/2025\/10\/25\/premios-regionales-a-las-artes-las-culturas-y-el-patrimonio-linterna-de-papel-2025-ya-cuenta-con-ganadores\/","title":{"rendered":"Premios Regionales a las Artes, las Culturas y el Patrimonio \u201cLinterna de Papel\u201d 2025 ya cuenta con ganadores"},"content":{"rendered":"<div class='booster-block booster-read-block'>\n                <div class=\"twp-read-time\">\n                \t<i class=\"booster-icon twp-clock\"><\/i> <span>Tiempo de Lectura:<\/span>5 Minutos, 33 Segundos                <\/div>\n\n            <\/div>\n<p><strong><em>Ceremonia de reconocimiento se realizar\u00e1 el pr\u00f3ximo 06 de noviembre, en dependencias de la Biblioteca Regional de Antofagasta.<\/em><\/strong><\/p>\n\n\n\n<p>Feliciana Tito Tito, de la comuna de San Pedro de Atacama, Manuel Dongo Rosal, de Tocopilla y Luis Cortez Tapia de Antofagasta, son los nuevos ganadores de los Premios Regionales a las Artes, las Culturas y el Patrimonio \u201cLinterna de Papel\u201d 2025, que como cada a\u00f1o, busca poner en valor el trabajo y aporte de quienes mediante sus obras, han contribuido al desarrollo de las Artes, las Culturas y el Patrimonio de la regi\u00f3n de Antofagasta.<\/p>\n\n\n\n<p>La nueva ganadora y ganadores fueron notificados y recibieron las felicitaciones del seremi (s) de las Culturas, las Artes y el Patrimonio, Kenny Aranibar Orrego, quien dio a conocer la decisi\u00f3n en representaci\u00f3n del jurado, que estuvo a cargo de la selecci\u00f3n de los tres reconocimientos, entre un total de 13 postulaciones admisibles a nivel regional.<\/p>\n\n\n\n<p>\u201cLa ley del Ministerio, hoy nos mandata a entregar reconocimientos a los artistas regionales, y que mejor manera de hacerlo que a trav\u00e9s de las provincias, siendo segundo a\u00f1o que el premio se entrega a nivel provincial por decisi\u00f3n del Consejo Regional, as\u00ed que estamos felices por los nuevos ganadores y ganadora\u201d.<\/p>\n\n\n\n<p>\u201cLa distinci\u00f3n lleva muchos a\u00f1os instalada en nuestra regi\u00f3n, siendo un premio en homenaje a don Andr\u00e9s Sabella y su obra, por lo que estamos felices de anunciar hoy a los nuevos ganadores y ganadora, personas con una amplia trayectoria y reconocimiento en distintos \u00e1mbitos de las Artes, las Culturas y el Patrimonio, quienes recibir\u00e1n el galard\u00f3n \u201cLinterna de Papel\u201d y la entrega por \u00fanica vez de $4.000.000\u201d, agreg\u00f3 Aranibar.<\/p>\n\n\n\n<p>Por su parte, los y la nueva Premio Regional \u201cLinterna de Papel\u201d, manifestaron su emoci\u00f3n y agradecimiento por la distinci\u00f3n, tal como lo expres\u00f3 Manuel Dongo Rosal, de la comuna de Tocopilla. \u201cEs un reconocimiento s\u00faper importante. Yo soy un gran admirador de Andr\u00e9s Sabella, ya solamente el nombre de este premio tiene una connotaci\u00f3n tremenda para m\u00ed, la \u201cLinterna de Papel\u201d y reconocer 20 a\u00f1os de trayectoria, me parece&nbsp; harto, no lo alcanzo a sentir; pero me agrada tambi\u00e9n la posibilidad de visibilizar un poquito a las comunas m\u00e1s alejadas de la capital regional, as\u00ed que es una muy buena noticia. Estoy un poquito corto de palabra, la verdad no salgo del asombro a\u00fan y estoy muy agradecido por supuesto, que hayan visibilizado y valoren lo que sea que haya hecho en todo este tiempo\u201d.<\/p>\n\n\n\n<p>En tanto, Luis Cortez Tapia, de la comuna de Antofagasta, se\u00f1al\u00f3 estar \u201csorprendido realmente. Llevo 30 a\u00f1os en la m\u00fasica, he recibido otras cosas y premios afuera, pero es primera vez que recibo un reconocimiento, especialmente de aqu\u00ed, de la regi\u00f3n de Antofagasta; as\u00ed que&nbsp; lo recibo con bastante humildad y muchas gracias por reconocer tantos a\u00f1os de trabajo\u201d.&nbsp;<\/p>\n\n\n\n<p>\u201cEstaremos en la biblioteca para recibir este premio tan hermoso, que por lo menos yo miraba desde tan lejos y que ahora tambi\u00e9n lo tendr\u00e9 en mis manos, as\u00ed que muchas gracias\u201d, agreg\u00f3 Cortez.<\/p>\n\n\n\n<p>Por su parte, Feliciana Tito Tito, manifest\u00f3 tambi\u00e9n su agradecimiento por el Premio \u201cLinterna de Papel\u201d. \u201cEstoy agradecida de lo que me est\u00e1n dando, o lo que me van a dar, muy agradecida que se acordaron, porque estos premios no se daban antes, entonces se agradece este reconocimiento\u201d.<\/p>\n\n\n\n<p>Cabe destacar que la deliberaci\u00f3n y revisi\u00f3n de las postulaciones, estuvo a cargo de cinco integrantes del Consejo Regional de las Culturas, las Artes y el Patrimonio, conformado por la seremi, Carla Julio, el director regional del Servicio Nacional del Patrimonio Cultural, Claudio Lagos, las consejeras regionales de las Culturas, las Artes y el Patrimonio, Monique Olmos y Pamela Ossa, adem\u00e1s del consejero, Wilfredo Santoro.<\/p>\n\n\n\n<p><strong>Trayectoria Premios Regionales<\/strong><\/p>\n\n\n\n<p>Luis Cort\u00e9z Tapia, ha desarrollado una labor incansable en el \u00e1mbito musical, art\u00edstico y comunitario, convirti\u00e9ndose en una figura clave en la construcci\u00f3n de la identidad sonora de la regi\u00f3n, siendo&nbsp;parte de agrupaciones emblem\u00e1ticas y fundador del conjunto musical Indios de Todas las Tribus, adem\u00e1s de integrar el grupo La Tregua, que marc\u00f3 un hito en la escena musical regional durante los a\u00f1os 80. Su versatilidad lo ha llevado a ser director musical de diversas obras teatrales del Teatro Pedro de la Barra, aportando con su talento a espacios que forman parte de la memoria colectiva del pa\u00eds, con reconocimientos a nivel nacional por su labor como m\u00fasico, compositor y director art\u00edstico.<\/p>\n\n\n\n<p>Feliciana Tito Tito, de la comuna de San Pedro de Atacama, es una mujer Likanantay cuya trayectoria encarna el profundo valor de los saberes ancestrales y el compromiso con la preservaci\u00f3n cultural de su territorio. Su labor ha sido fundamental en el rescate y la transmisi\u00f3n de la memoria viva en torno a la artesan\u00eda en arcilla de la localidad de R\u00edo Grande, donde ha sabido conservar t\u00e9cnicas tradicionales que dialogan con la historia y el alma de su pueblo.&nbsp;Reconocida tambi\u00e9n como yerbatera y m\u00e9dica tradicional, la Sra. Tito Tito ha compartido generosamente su conocimiento a trav\u00e9s de numerosos talleres vinculados a la tierra, la salud natural y la cosmovisi\u00f3n ind\u00edgena.<\/p>\n\n\n\n<p>Manuel Dongo Rosal, de la comuna de Tocopilla, fue reconocido por&nbsp; su destacada e incansable labor en las artes de la visualidad. Su trayectoria ha sido fundamental en el desarrollo cultural de la comuna, donde ha dejado una huella profunda como ilustrador, muralista, expositor y formador de nuevas generaciones, participando en diversos proyectos colectivos, ilustrando libros, exponiendo en muestras grupales y embelleciendo espacios p\u00fablicos con murales que reflejan la identidad y la historia de Tocopilla. Su compromiso con el arte trasciende lo individual: como acad\u00e9mico del Liceo Domingo Latrille, ha dedicado a\u00f1os a compartir su conocimiento con estudiantes, sembrando en ellos el amor por la creaci\u00f3n y el valor de la expresi\u00f3n art\u00edstica.&nbsp;<\/p>\n\n\n\n<p><strong>Ceremonia premiaci\u00f3n<\/strong><\/p>\n\n\n\n<p>La entrega oficial de los Premios Regionales a las Artes, las Culturas y el Patrimonio \u201cLinterna de Papel\u201d 2025, se realizar\u00e1 el pr\u00f3ximo jueves 06 de noviembre, a las 11 horas, en hall de la Biblioteca Regional de Antofagasta, ocasi\u00f3n en la cual se les har\u00e1 entrega a cada uno de los ganadores y ganadora de la estatuilla \u201cLinterna de Papel\u201d, obra realizada por la artesana de la comuna de Calama, Alicia Magna, galard\u00f3n que se suma a la entrega por \u00fanica vez de $4.000.000.<\/p>\n\n\n\n<p>El Premio Regional a las Artes, las Culturas y el Patrimonio \u201cLinterna de Papel\u201d 2025, corresponde a la octava versi\u00f3n del reconocimiento, que inici\u00f3 el a\u00f1o 2012 como parte de las actividades de conmemoraci\u00f3n del natalicio del poeta antofagastino Andr\u00e9s Sabella G\u00e1lvez, para continuar con la entrega los a\u00f1os 2013, 2017, 2021, 2022, 2023 y 2024.<\/p>\n","protected":false},"excerpt":{"rendered":"<p>Ceremonia de reconocimiento se realizar\u00e1 el pr\u00f3ximo 06 de noviembre, en dependencias de la Biblioteca Regional de Antofagasta. Feliciana Tito Tito, de la comuna de San Pedro de Atacama, Manuel&hellip;<\/p>\n","protected":false},"author":1,"featured_media":20911,"comment_status":"closed","ping_status":"closed","sticky":false,"template":"","format":"standard","meta":{"_monsterinsights_skip_tracking":false,"_monsterinsights_sitenote_active":false,"_monsterinsights_sitenote_note":"","_monsterinsights_sitenote_category":0,"footnotes":""},"categories":[178,2405],"tags":[235,2486,273,1537,3373,1904,1722,193,1945],"class_list":["post-20910","post","type-post","status-publish","format-standard","has-post-thumbnail","hentry","category-arte-cultura","category-region","tag-artes","tag-cuenta","tag-culturas","tag-ganadores","tag-linterna","tag-nacionales","tag-papel","tag-patrimonio","tag-premios"],"_links":{"self":[{"href":"https:\/\/antofapop.cl\/index.php\/wp-json\/wp\/v2\/posts\/20910"}],"collection":[{"href":"https:\/\/antofapop.cl\/index.php\/wp-json\/wp\/v2\/posts"}],"about":[{"href":"https:\/\/antofapop.cl\/index.php\/wp-json\/wp\/v2\/types\/post"}],"author":[{"embeddable":true,"href":"https:\/\/antofapop.cl\/index.php\/wp-json\/wp\/v2\/users\/1"}],"replies":[{"embeddable":true,"href":"https:\/\/antofapop.cl\/index.php\/wp-json\/wp\/v2\/comments?post=20910"}],"version-history":[{"count":1,"href":"https:\/\/antofapop.cl\/index.php\/wp-json\/wp\/v2\/posts\/20910\/revisions"}],"predecessor-version":[{"id":20912,"href":"https:\/\/antofapop.cl\/index.php\/wp-json\/wp\/v2\/posts\/20910\/revisions\/20912"}],"wp:featuredmedia":[{"embeddable":true,"href":"https:\/\/antofapop.cl\/index.php\/wp-json\/wp\/v2\/media\/20911"}],"wp:attachment":[{"href":"https:\/\/antofapop.cl\/index.php\/wp-json\/wp\/v2\/media?parent=20910"}],"wp:term":[{"taxonomy":"category","embeddable":true,"href":"https:\/\/antofapop.cl\/index.php\/wp-json\/wp\/v2\/categories?post=20910"},{"taxonomy":"post_tag","embeddable":true,"href":"https:\/\/antofapop.cl\/index.php\/wp-json\/wp\/v2\/tags?post=20910"}],"curies":[{"name":"wp","href":"https:\/\/api.w.org\/{rel}","templated":true}]}}