{"id":20913,"date":"2025-10-25T20:24:45","date_gmt":"2025-10-25T17:24:45","guid":{"rendered":"https:\/\/antofapop.cl\/?p=20913"},"modified":"2025-10-26T19:17:25","modified_gmt":"2025-10-26T16:17:25","slug":"estudiantes-del-liceo-la-chimba-conmemoraron-el-dia-internacional-de-la-reduccion-de-riesgos-y-desastres","status":"publish","type":"post","link":"https:\/\/antofapop.cl\/index.php\/2025\/10\/25\/estudiantes-del-liceo-la-chimba-conmemoraron-el-dia-internacional-de-la-reduccion-de-riesgos-y-desastres\/","title":{"rendered":"Estudiantes del Liceo &#8220;La Chimba&#8221; conmemoraron el D\u00eda Internacional de la Reducci\u00f3n de Riesgos y Desastres"},"content":{"rendered":"<div class='booster-block booster-read-block'>\n                <div class=\"twp-read-time\">\n                \t<i class=\"booster-icon twp-clock\"><\/i> <span>Tiempo de Lectura:<\/span>2 Minutos, 9 Segundos                <\/div>\n\n            <\/div>\n<p><strong><em>Jornada fue organizada por la Direcci\u00f3n de Gesti\u00f3n del Riesgo de Desastres junto al Departamento de Prevenci\u00f3n de Riesgos de la CMDS<\/em><\/strong>.<\/p>\n\n\n\n<p>Para conmemorar el D\u00eda Internacional de la Reducci\u00f3n de Riesgos y Desastres, la Corporaci\u00f3n Municipal de Desarrollo a trav\u00e9s de su Departamento de Prevenci\u00f3n junto a la Direcci\u00f3n de Gesti\u00f3n del Riesgo de Desastres de la Municipalidad de Antofagasta, organizaron una charla dirigida a estudiantes del Liceo Cient\u00edfico \u2013 Humanista &#8220;La Chimba&#8221;.<\/p>\n\n\n\n<p>Con el objetivo de concientizar y fomentar la participaci\u00f3n de los alumnos en la prevenci\u00f3n y reducci\u00f3n de desastres, se realiz\u00f3 la actividad para que los j\u00f3venes cuenten con las herramientas necesarias para&nbsp;actuar frente a situaciones de emergencia y en caso de enfrentarse a riesgos de desastres naturales y accidentes que pueden ocurrir tanto en sus hogares como en sus establecimientos educacionales.<\/p>\n\n\n\n<p>Yanina Iskrac, jefa del Departamento de Prevenci\u00f3n de Riesgos de la CMDS, coment\u00f3 en primera instancia que este es el primer seminario estudiantil de gesti\u00f3n del riesgo y desastres, y que debido al buen resultado y lo necesario por entregar este tipo de informaci\u00f3n a los alumnos, es que se realizar\u00e1n en otros establecimientos.<\/p>\n\n\n\n<p>&#8220;Realizamos este primer seminario para que los alumnos est\u00e9n preparados y tengan las herramientas para mitigar los riesgos ante situaciones de emergencia antr\u00f3pica o naturales que puedan ocurrir. Este seminario es pionero y m\u00e1s adelante vamos a replicar esta acci\u00f3n para que todos est\u00e9n preparados&#8221;, coment\u00f3 Iskrac.<\/p>\n\n\n\n<p>Esta actividad va en la&nbsp;l\u00ednea Preventiva-Educativa de la Direcci\u00f3n de Gesti\u00f3n del Riesgo de Desastres de la Municipalidad, seg\u00fan coment\u00f3 su director,&nbsp;Cristian Burgos. &#8220;Lo fundamental es acercarnos a la comunidad y sobre todo a los estudiantes para llevar estos mensajes de prevenci\u00f3n. Lo importante es prevenir y que los alumnos tengan claro los m\u00e9todos de c\u00f3mo prevenir, mostrarles estad\u00edsticas, videos de incendios, para que tengan claridad de lo que ocurre cuando hay descuidos como utilizar enchufes que no est\u00e9n debidamente certificados. Esto es para que tomen precauciones y que las transmitan a sus familias&#8221;, coment\u00f3 el directivo.<\/p>\n\n\n\n<p>El director del establecimiento, Patricio D\u00e1vila, sostuvo que este tipo de actividades son muy positivas para los alumnos: &#8220;los principales beneficiarios son los estudiantes porque aprenden estrategias y formas de c\u00f3mo combatir ciertas situaciones de emergencia al interior de sus hogares y tambi\u00e9n en el establecimiento. Ellos son agentes de cambio en materia de seguridad en el liceo por lo que se agradecen estas instancias de participaci\u00f3n porque los ni\u00f1os se van con un aprendizaje que no s\u00f3lo les sirve en la parte escolar sino para la vida&#8221;.<\/p>\n","protected":false},"excerpt":{"rendered":"<p>Jornada fue organizada por la Direcci\u00f3n de Gesti\u00f3n del Riesgo de Desastres junto al Departamento de Prevenci\u00f3n de Riesgos de la CMDS. Para conmemorar el D\u00eda Internacional de la Reducci\u00f3n&hellip;<\/p>\n","protected":false},"author":1,"featured_media":20914,"comment_status":"closed","ping_status":"closed","sticky":false,"template":"","format":"standard","meta":{"_monsterinsights_skip_tracking":false,"_monsterinsights_sitenote_active":false,"_monsterinsights_sitenote_note":"","_monsterinsights_sitenote_category":0,"footnotes":""},"categories":[2,5474],"tags":[1413,9037,489,268,490,5490,2280,3642,9170],"class_list":["post-20913","post","type-post","status-publish","format-standard","has-post-thumbnail","hentry","category-antofagasta","category-educacion","tag-chimba","tag-desastres","tag-dia","tag-estudiantes","tag-internacional","tag-la-chimba","tag-liceo","tag-reduccion","tag-riesgos"],"_links":{"self":[{"href":"https:\/\/antofapop.cl\/index.php\/wp-json\/wp\/v2\/posts\/20913"}],"collection":[{"href":"https:\/\/antofapop.cl\/index.php\/wp-json\/wp\/v2\/posts"}],"about":[{"href":"https:\/\/antofapop.cl\/index.php\/wp-json\/wp\/v2\/types\/post"}],"author":[{"embeddable":true,"href":"https:\/\/antofapop.cl\/index.php\/wp-json\/wp\/v2\/users\/1"}],"replies":[{"embeddable":true,"href":"https:\/\/antofapop.cl\/index.php\/wp-json\/wp\/v2\/comments?post=20913"}],"version-history":[{"count":1,"href":"https:\/\/antofapop.cl\/index.php\/wp-json\/wp\/v2\/posts\/20913\/revisions"}],"predecessor-version":[{"id":20916,"href":"https:\/\/antofapop.cl\/index.php\/wp-json\/wp\/v2\/posts\/20913\/revisions\/20916"}],"wp:featuredmedia":[{"embeddable":true,"href":"https:\/\/antofapop.cl\/index.php\/wp-json\/wp\/v2\/media\/20914"}],"wp:attachment":[{"href":"https:\/\/antofapop.cl\/index.php\/wp-json\/wp\/v2\/media?parent=20913"}],"wp:term":[{"taxonomy":"category","embeddable":true,"href":"https:\/\/antofapop.cl\/index.php\/wp-json\/wp\/v2\/categories?post=20913"},{"taxonomy":"post_tag","embeddable":true,"href":"https:\/\/antofapop.cl\/index.php\/wp-json\/wp\/v2\/tags?post=20913"}],"curies":[{"name":"wp","href":"https:\/\/api.w.org\/{rel}","templated":true}]}}