{"id":20931,"date":"2025-10-26T19:20:35","date_gmt":"2025-10-26T16:20:35","guid":{"rendered":"https:\/\/antofapop.cl\/?p=20931"},"modified":"2025-10-26T19:21:11","modified_gmt":"2025-10-26T16:21:11","slug":"ministro-hales-reafirma-su-compromiso-con-la-educacion-local-con-charla-vocacional-para-estudiantes","status":"publish","type":"post","link":"https:\/\/antofapop.cl\/index.php\/2025\/10\/26\/ministro-hales-reafirma-su-compromiso-con-la-educacion-local-con-charla-vocacional-para-estudiantes\/","title":{"rendered":"Ministro Hales reafirma su compromiso con la educaci\u00f3n local con charla vocacional para estudiantes"},"content":{"rendered":"<div class='booster-block booster-read-block'>\n                <div class=\"twp-read-time\">\n                \t<i class=\"booster-icon twp-clock\"><\/i> <span>Tiempo de Lectura:<\/span>1 Minutos, 54 Segundos                <\/div>\n\n            <\/div>\n<p><em><strong>La actividad, que cont\u00f3 con destacados profesionales de la Divisi\u00f3n, se desarroll\u00f3 con el objetivo de fortalecer la vinculaci\u00f3n e inter\u00e9s de los j\u00f3venes por la industria minera.<\/strong><\/em><\/p>\n\n\n\n<p>Con interesantes charlas enfocadas a estudiantes de tercer a\u00f1o medio, la Divisi\u00f3n Ministro Hales de Codelco y el Liceo Bicentenario Colegio R\u00edo Loa, dedicaron una jornada a la Educaci\u00f3n T\u00e9cnico Profesional. En la oportunidad, los j\u00f3venes pudieron conocer en detalle las diferentes especialidades t\u00e9cnicas y profesionales con las cuales trabaja la operaci\u00f3n, dando a conocer las oportunidades que existen para su futura inserci\u00f3n al mundo laboral.<\/p>\n\n\n\n<p>Un hito que fortalece la vinculaci\u00f3n e inter\u00e9s de los j\u00f3venes de Calama por la industria minera, y que cont\u00f3 con la participaci\u00f3n de destacados profesionales de la divisi\u00f3n, como Tom\u00e1s Orellana, director de Proyectos; Daniela Casanga, ingeniera de la Planta Tostaci\u00f3n; Jos\u00e9 Hurtado, ingeniero de Operaci\u00f3n y Mantenimiento de Infraestructura El\u00e9ctrica; Jessica Condori, ingeniera de Desarrollo de Personas; y Camila Figueroa, Asesora de Medio Ambiente.<\/p>\n\n\n\n<p>Tom\u00e1s Orellana, director de Proyectos DMH, destac\u00f3 que \u201cestas charlas son super interesantes y motivadoras, me gusta esta visi\u00f3n que estamos entregando a los j\u00f3venes para que puedan saber que en el corto plazo podr\u00edan ser nuestros colegas. En teor\u00eda deber\u00edamos tener a muchos de ellos trabajando en la Divisi\u00f3n porque est\u00e1n prepar\u00e1ndose en sus carreras t\u00e9cnicas y nosotros como DMH nos proyectamos a extender nuestra operaci\u00f3n por 30 a\u00f1os m\u00e1s\u201d.<\/p>\n\n\n\n<p>Para Lindsay Guarda, directora del Liceo Bicentenario Colegio R\u00edo Loa, \u201cla idea es potenciar a nuestros estudiantes y entregarles algunas herramientas en este caso a los alumnos de tercero medio porque ellos no hacen un proceso dual y esta informaci\u00f3n les permite saber c\u00f3mo va a ser su trabajo el pr\u00f3ximo a\u00f1o y que mejor que hacerlo con DMH que nos ha colaborado con pr\u00e1cticas duales y profesionales\u201d.&nbsp;<\/p>\n\n\n\n<p>En tanto los alumnos Karla Irarrazabal y Thrist\u00e1n Arias, explicaron que \u201cestas charlas son muy informativas y ayudan bastante para empezar el dual y agradecer sobre todo que los profesionales se den el tiempo para entregarnos su conocimiento\u201d.<\/p>\n\n\n\n<p>Una gran instancia que reafirma el compromiso de Ministro Hales con la educaci\u00f3n y futuro de los j\u00f3venes de Calama, y que se enmarca en su prop\u00f3sito de producir cobre y progreso para Chile, creciendo en conjunto con Calama y su gente.<\/p>\n","protected":false},"excerpt":{"rendered":"<p>La actividad, que cont\u00f3 con destacados profesionales de la Divisi\u00f3n, se desarroll\u00f3 con el objetivo de fortalecer la vinculaci\u00f3n e inter\u00e9s de los j\u00f3venes por la industria minera. Con interesantes&hellip;<\/p>\n","protected":false},"author":1,"featured_media":20932,"comment_status":"closed","ping_status":"closed","sticky":false,"template":"","format":"standard","meta":{"_monsterinsights_skip_tracking":false,"_monsterinsights_sitenote_active":false,"_monsterinsights_sitenote_note":"","_monsterinsights_sitenote_category":0,"footnotes":""},"categories":[2221,5474],"tags":[359,3687,472,268,4911,961,4910],"class_list":["post-20931","post","type-post","status-publish","format-standard","has-post-thumbnail","hentry","category-calama","category-educacion","tag-charla","tag-compromiso","tag-educacion","tag-estudiantes","tag-hales","tag-local","tag-ministro"],"_links":{"self":[{"href":"https:\/\/antofapop.cl\/index.php\/wp-json\/wp\/v2\/posts\/20931"}],"collection":[{"href":"https:\/\/antofapop.cl\/index.php\/wp-json\/wp\/v2\/posts"}],"about":[{"href":"https:\/\/antofapop.cl\/index.php\/wp-json\/wp\/v2\/types\/post"}],"author":[{"embeddable":true,"href":"https:\/\/antofapop.cl\/index.php\/wp-json\/wp\/v2\/users\/1"}],"replies":[{"embeddable":true,"href":"https:\/\/antofapop.cl\/index.php\/wp-json\/wp\/v2\/comments?post=20931"}],"version-history":[{"count":1,"href":"https:\/\/antofapop.cl\/index.php\/wp-json\/wp\/v2\/posts\/20931\/revisions"}],"predecessor-version":[{"id":20933,"href":"https:\/\/antofapop.cl\/index.php\/wp-json\/wp\/v2\/posts\/20931\/revisions\/20933"}],"wp:featuredmedia":[{"embeddable":true,"href":"https:\/\/antofapop.cl\/index.php\/wp-json\/wp\/v2\/media\/20932"}],"wp:attachment":[{"href":"https:\/\/antofapop.cl\/index.php\/wp-json\/wp\/v2\/media?parent=20931"}],"wp:term":[{"taxonomy":"category","embeddable":true,"href":"https:\/\/antofapop.cl\/index.php\/wp-json\/wp\/v2\/categories?post=20931"},{"taxonomy":"post_tag","embeddable":true,"href":"https:\/\/antofapop.cl\/index.php\/wp-json\/wp\/v2\/tags?post=20931"}],"curies":[{"name":"wp","href":"https:\/\/api.w.org\/{rel}","templated":true}]}}