{"id":20949,"date":"2025-10-27T04:17:01","date_gmt":"2025-10-27T01:17:01","guid":{"rendered":"https:\/\/antofapop.cl\/?p=20949"},"modified":"2025-10-27T04:17:02","modified_gmt":"2025-10-27T01:17:02","slug":"tras-diez-anos-de-trabajo-coordinado-senapred-participo-en-jornada-de-cierre-del-proyecto-adaptaclima","status":"publish","type":"post","link":"https:\/\/antofapop.cl\/index.php\/2025\/10\/27\/tras-diez-anos-de-trabajo-coordinado-senapred-participo-en-jornada-de-cierre-del-proyecto-adaptaclima\/","title":{"rendered":"Tras diez a\u00f1os de trabajo coordinado: SENAPRED particip\u00f3 en jornada de cierre del Proyecto AdaptaClima"},"content":{"rendered":"<div class='booster-block booster-read-block'>\n                <div class=\"twp-read-time\">\n                \t<i class=\"booster-icon twp-clock\"><\/i> <span>Tiempo de Lectura:<\/span>2 Minutos, 37 Segundos                <\/div>\n\n            <\/div>\n<p><em><strong>La cita permiti\u00f3 presentar los resultados de esta iniciativa, pionera en el fortalecimiento de la resiliencia frente al cambio clim\u00e1tico en ciudades costeras.<\/strong><\/em><\/p>\n\n\n\n<p>Con la presencia de autoridades nacionales, regionales y representantes de organismos p\u00fablicos y entidades acad\u00e9micas, se realiz\u00f3 en el Sal\u00f3n Cobremar del Hotel Antofagasta la jornada de cierre del Proyecto AdaptaClima: \u201cReducci\u00f3n de la vulnerabilidad clim\u00e1tica y riesgos de inundaci\u00f3n en zonas urbanas y semiurbanas de Am\u00e9rica Latina\u201d, iniciativa internacional que durante diez a\u00f1os promovi\u00f3 acciones para fortalecer la resiliencia clim\u00e1tica en territorios costeros.<\/p>\n\n\n\n<p>El encuentro fue encabezado por el Programa de las Naciones Unidas para el Desarrollo (PNUD), el Ministerio del Medio Ambiente (MMA) y el Servicio Nacional de Prevenci\u00f3n y Respuesta ante Desastres (SENAPRED), junto al Banco de Desarrollo de Am\u00e9rica Latina y el Caribe (CAF), y cont\u00f3 con la participaci\u00f3n de representantes de organismos t\u00e9cnicos, centros de investigaci\u00f3n y la comunidad antofagastina.<\/p>\n\n\n\n<p>Durante la jornada se presentaron los principales logros y aprendizajes del proyecto, as\u00ed como diversos materiales educativos desarrollados en el marco de la iniciativa -entre ellos, gu\u00edas t\u00e9cnicas, cuentos ilustrados, audiolibros y productos audiovisuales-, los cuales fueron elaborados en conjunto por SENAPRED y el MMA, con el objetivo de fomentar la educaci\u00f3n ambiental y la cultura preventiva en ni\u00f1os, ni\u00f1as, j\u00f3venes y comunidades residentes en el litoral de las comunas de Antofagasta y Taltal.<\/p>\n\n\n\n<p>En la instancia, el Director Regional del SENAPRED, Ricardo Munizaga, particip\u00f3 como panelista en el di\u00e1logo interinstitucional denominado \u201cLecciones aprendidas y proyecciones para un Chile Resiliente\u201d, espacio en que se abordaron los desaf\u00edos de la adaptaci\u00f3n clim\u00e1tica desde una mirada preventiva y colaborativa:<\/p>\n\n\n\n<p>\u201cHoy, con AdaptaClima, cerramos un proyecto que es fruto de un trabajo coordinado de varios a\u00f1os, que nos impulsa a nuevas acciones en beneficio de nuestros vecinos y que exigen, sin duda, una sinergia de voluntades y labores en conjunto entre el mundo p\u00fablico, privado, la academia y la ciudadan\u00eda\u201d, asever\u00f3.<\/p>\n\n\n\n<p>Por su parte, Paloma Toranzos, jefa de Medio Ambiente y Desarrollo Sostenible del PNUD Chile, destac\u00f3 el valor educativo y territorial del proyecto, se\u00f1alando que la articulaci\u00f3n entre el Estado, la academia y la sociedad civil permite generar soluciones sostenibles y con un enfoque local:<\/p>\n\n\n\n<p>\u201cSabemos que este es el primer paso para hacer de la preparaci\u00f3n comunitaria y la sensibilizaci\u00f3n al cambio clim\u00e1tico, una labor permanente. Ello se suma al fortalecimiento de los sistemas de alerta temprana, obras de infraestructura asociadas y productos formativos para comunidades escolares, como legado del proyecto que hoy finaliza\u201d, concluy\u00f3.<\/p>\n\n\n\n<p>De esta forma, el cierre de AdaptaClima represent\u00f3 la culminaci\u00f3n de una importante etapa de cooperaci\u00f3n internacional, adem\u00e1s del inicio de un proceso de consolidaci\u00f3n de pol\u00edticas p\u00fablicas y capacidades t\u00e9cnicas, entre las que destacan la adquisici\u00f3n y puesta en marcha de un nuevo sistema de alertamiento por remoci\u00f3n en masa, orientado a las comunas costeras de la regi\u00f3n de Antofagasta, as\u00ed como el desarrollo -en conjunto con la Direcci\u00f3n Meteorol\u00f3gica de Chile- de un sistema de detecci\u00f3n de tormentas el\u00e9ctricas; iniciativas que complementan la articulaci\u00f3n de coordinaciones locales a corto y mediano plazo, ante el pronto inicio de la temporada de precipitaciones estivales en el norte grande del pa\u00eds.<\/p>\n","protected":false},"excerpt":{"rendered":"<p>La cita permiti\u00f3 presentar los resultados de esta iniciativa, pionera en el fortalecimiento de la resiliencia frente al cambio clim\u00e1tico en ciudades costeras. Con la presencia de autoridades nacionales, regionales&hellip;<\/p>\n","protected":false},"author":1,"featured_media":20950,"comment_status":"closed","ping_status":"closed","sticky":false,"template":"","format":"standard","meta":{"_monsterinsights_skip_tracking":false,"_monsterinsights_sitenote_active":false,"_monsterinsights_sitenote_note":"","_monsterinsights_sitenote_category":0,"footnotes":""},"categories":[2,897],"tags":[10427,919,1543,4850,2159,373,10351,266],"class_list":["post-20949","post","type-post","status-publish","format-standard","has-post-thumbnail","hentry","category-antofagasta","category-medio-ambiente-y-sustentabilidad","tag-adaptaclima","tag-anos","tag-cierre","tag-diez","tag-jornada","tag-proyecto","tag-senapred","tag-trabajo"],"_links":{"self":[{"href":"https:\/\/antofapop.cl\/index.php\/wp-json\/wp\/v2\/posts\/20949"}],"collection":[{"href":"https:\/\/antofapop.cl\/index.php\/wp-json\/wp\/v2\/posts"}],"about":[{"href":"https:\/\/antofapop.cl\/index.php\/wp-json\/wp\/v2\/types\/post"}],"author":[{"embeddable":true,"href":"https:\/\/antofapop.cl\/index.php\/wp-json\/wp\/v2\/users\/1"}],"replies":[{"embeddable":true,"href":"https:\/\/antofapop.cl\/index.php\/wp-json\/wp\/v2\/comments?post=20949"}],"version-history":[{"count":1,"href":"https:\/\/antofapop.cl\/index.php\/wp-json\/wp\/v2\/posts\/20949\/revisions"}],"predecessor-version":[{"id":20951,"href":"https:\/\/antofapop.cl\/index.php\/wp-json\/wp\/v2\/posts\/20949\/revisions\/20951"}],"wp:featuredmedia":[{"embeddable":true,"href":"https:\/\/antofapop.cl\/index.php\/wp-json\/wp\/v2\/media\/20950"}],"wp:attachment":[{"href":"https:\/\/antofapop.cl\/index.php\/wp-json\/wp\/v2\/media?parent=20949"}],"wp:term":[{"taxonomy":"category","embeddable":true,"href":"https:\/\/antofapop.cl\/index.php\/wp-json\/wp\/v2\/categories?post=20949"},{"taxonomy":"post_tag","embeddable":true,"href":"https:\/\/antofapop.cl\/index.php\/wp-json\/wp\/v2\/tags?post=20949"}],"curies":[{"name":"wp","href":"https:\/\/api.w.org\/{rel}","templated":true}]}}