{"id":20952,"date":"2025-10-27T14:02:49","date_gmt":"2025-10-27T11:02:49","guid":{"rendered":"https:\/\/antofapop.cl\/?p=20952"},"modified":"2025-10-27T14:04:58","modified_gmt":"2025-10-27T11:04:58","slug":"recreos-culturales-promueven-la-sana-convivencia-y-el-respeto-en-liceos","status":"publish","type":"post","link":"https:\/\/antofapop.cl\/index.php\/2025\/10\/27\/recreos-culturales-promueven-la-sana-convivencia-y-el-respeto-en-liceos\/","title":{"rendered":"Recreos culturales promueven la sana convivencia y el respeto en liceos"},"content":{"rendered":"<div class='booster-block booster-read-block'>\n                <div class=\"twp-read-time\">\n                \t<i class=\"booster-icon twp-clock\"><\/i> <span>Tiempo de Lectura:<\/span>2 Minutos, 6 Segundos                <\/div>\n\n            <\/div>\n<p><strong><em>Iniciativa es liderada por la Corporaci\u00f3n Cultural de Antofagasta junto a la Corporaci\u00f3n Municipal de Desarrollo Social<\/em><\/strong>.<\/p>\n\n\n\n<p>Fomentar la convivencia escolar y prevenir casos de bullying, son los objetivos principales de los \u201cRecreos culturales\u201d, iniciativa de la Corporaci\u00f3n Cultural de Antofagasta junto a la Corporaci\u00f3n Municipal de Desarrollo Social que visitaron recientemente los liceos \u201cLa Portada\u201d y \u201cDomingo Herrera\u201d.<\/p>\n\n\n\n<p>El secretario general ejecutivo de la CMDS, Jonathan Vergara, explic\u00f3 que estas iniciativas buscan generar un espacio de entretenci\u00f3n y esparcimiento para los estudiantes, junto a fomentar el respeto e inclusi\u00f3n. \u201cLo que buscan los recreos culturales es provocar un quiebre dentro de su proceso de aprendizaje para refrescar un poco su jornada y con eso poder incrementar su atenci\u00f3n y concentraci\u00f3n al momento de aprender y adquirir los conocimientos que se imparten en las clases\u201d, manifest\u00f3 Vergara.<\/p>\n\n\n\n<p>Este programa, que naci\u00f3 tras la pandemia, busca fortalecer la salud mental y el bienestar de las comunidades educativas a trav\u00e9s del arte, la m\u00fasica y la cultura, promoviendo espacios de expresi\u00f3n, creatividad y encuentro para las y los estudiantes.<\/p>\n\n\n\n<p>Para Eric Portilla, director ejecutivo de la Corporaci\u00f3n Cultural, con esto \u201cestamos tratando de desincentivar pr\u00e1cticas como el bullying, pr\u00e1cticas como la exclusi\u00f3n de compa\u00f1eros, invitando obviamente a la inclusi\u00f3n, siendo algunas que dejas solo r\u00e9ditos positivos. Este es el comienzo de lo que va a ser este trimestre y tambi\u00e9n la planificaci\u00f3n para la temporada 2026, donde esperamos llegar tambi\u00e9n a la mayor cantidad de colegios de Antofagasta con estos recreos culturales\u201d.<\/p>\n\n\n\n<p>Desde los establecimientos, expresaron su gratitud por las intervenciones en las cuales participan activamente los estudiantes.<\/p>\n\n\n\n<p>La directora del Liceo \u201cDomingo Herrera\u201d,&nbsp;Raquel Cea, dijo que estas actividades son una pausa y descanso para los estudiantes. \u201cLos temas que se trataron hoy de todas maneras son relevantes como es el acoso escolar, el bullying. As\u00ed que agradezco la instancia que saca a nuestros ni\u00f1os de su quehacer diario y los trae adem\u00e1s a disfrutar a trav\u00e9s de la m\u00fasica, el arte, el baile\u201d.<\/p>\n\n\n\n<p>En tanto Elena Palacios, directora del Liceo \u201cLa Portada\u201d, agreg\u00f3 que \u201cpara nosotros fue muy significativo empezar nuestro aniversario con esta intervenci\u00f3n en el recreo de una forma cultural. Y m\u00e1s aun resaltando el valor del respeto y l\u00f3gicamente dici\u00e9ndole no al bullying\u201d.<\/p>\n\n\n\n<p>Para Francisco C\u00e9spedes, estudiante Liceo &#8220;Domingo Herrera&#8221;, fue una &#8220;muy buena actividad, entretenida la verdad. Me gusta que hagan estas actividades en el liceo y que nos saquen un poco del ciclo y de la cotidianidad. Me gust\u00f3, me ayud\u00f3 a distraerme un poco&#8221;.<\/p>\n","protected":false},"excerpt":{"rendered":"<p>Iniciativa es liderada por la Corporaci\u00f3n Cultural de Antofagasta junto a la Corporaci\u00f3n Municipal de Desarrollo Social. Fomentar la convivencia escolar y prevenir casos de bullying, son los objetivos principales&hellip;<\/p>\n","protected":false},"author":1,"featured_media":20954,"comment_status":"closed","ping_status":"closed","sticky":false,"template":"","format":"standard","meta":{"_monsterinsights_skip_tracking":false,"_monsterinsights_sitenote_active":false,"_monsterinsights_sitenote_note":"","_monsterinsights_sitenote_category":0,"footnotes":""},"categories":[2,5474],"tags":[9556,646,3286,10428,10429,4772],"class_list":["post-20952","post","type-post","status-publish","format-standard","has-post-thumbnail","hentry","category-antofagasta","category-educacion","tag-convivencia","tag-culturales","tag-liceos","tag-recreos","tag-respeto","tag-sana"],"_links":{"self":[{"href":"https:\/\/antofapop.cl\/index.php\/wp-json\/wp\/v2\/posts\/20952"}],"collection":[{"href":"https:\/\/antofapop.cl\/index.php\/wp-json\/wp\/v2\/posts"}],"about":[{"href":"https:\/\/antofapop.cl\/index.php\/wp-json\/wp\/v2\/types\/post"}],"author":[{"embeddable":true,"href":"https:\/\/antofapop.cl\/index.php\/wp-json\/wp\/v2\/users\/1"}],"replies":[{"embeddable":true,"href":"https:\/\/antofapop.cl\/index.php\/wp-json\/wp\/v2\/comments?post=20952"}],"version-history":[{"count":1,"href":"https:\/\/antofapop.cl\/index.php\/wp-json\/wp\/v2\/posts\/20952\/revisions"}],"predecessor-version":[{"id":20953,"href":"https:\/\/antofapop.cl\/index.php\/wp-json\/wp\/v2\/posts\/20952\/revisions\/20953"}],"wp:featuredmedia":[{"embeddable":true,"href":"https:\/\/antofapop.cl\/index.php\/wp-json\/wp\/v2\/media\/20954"}],"wp:attachment":[{"href":"https:\/\/antofapop.cl\/index.php\/wp-json\/wp\/v2\/media?parent=20952"}],"wp:term":[{"taxonomy":"category","embeddable":true,"href":"https:\/\/antofapop.cl\/index.php\/wp-json\/wp\/v2\/categories?post=20952"},{"taxonomy":"post_tag","embeddable":true,"href":"https:\/\/antofapop.cl\/index.php\/wp-json\/wp\/v2\/tags?post=20952"}],"curies":[{"name":"wp","href":"https:\/\/api.w.org\/{rel}","templated":true}]}}