{"id":20958,"date":"2025-10-28T03:43:49","date_gmt":"2025-10-28T00:43:49","guid":{"rendered":"https:\/\/antofapop.cl\/?p=20958"},"modified":"2025-10-29T14:53:17","modified_gmt":"2025-10-29T11:53:17","slug":"patio-bellavista-inicia-una-transformacion-urbana-historica","status":"publish","type":"post","link":"https:\/\/antofapop.cl\/index.php\/2025\/10\/28\/patio-bellavista-inicia-una-transformacion-urbana-historica\/","title":{"rendered":"Patio Bellavista inicia una transformaci\u00f3n urbana hist\u00f3rica"},"content":{"rendered":"<div class='booster-block booster-read-block'>\n                <div class=\"twp-read-time\">\n                \t<i class=\"booster-icon twp-clock\"><\/i> <span>Tiempo de Lectura:<\/span>3 Minutos, 45 Segundos                <\/div>\n\n            <\/div>\n<p><strong><em>Es el primero de cuatro terrenos ferroviarios que ser\u00e1n urbanizados en el marco del proyecto Barrio Parque del FCAB, una iniciativa de largo plazo que recuperar\u00e1 48 hect\u00e1reas para la ciudad. El plan contempla \u00e1reas verdes, nuevas v\u00edas de conectividad y la puesta en valor del patrimonio, con una visi\u00f3n sustentable y de integraci\u00f3n territorial.<\/em><\/strong><\/p>\n\n\n\n<p><strong><em>El Presidente Ejecutivo de Antofagasta Minerals, Iv\u00e1n Arriagada, asegur\u00f3 que la capital regional \u201ces parte esencial de nuestra historia. Con Barrio Parque, queremos contribuir a su futuro como una ciudad m\u00e1s integrada, sustentable y con espacios que generen orgullo a sus habitantes\u201d.<\/em><\/strong><\/p>\n\n\n\n<p>Con la finalizaci\u00f3n del riguroso proceso de remediaci\u00f3n de suelos en Patio Bellavista -el primero de cuatro terrenos ferroviarios-, Antofagasta da el primer paso hacia una transformaci\u00f3n urbana que marcar\u00e1 su desarrollo durante los pr\u00f3ximos a\u00f1os.<\/p>\n\n\n\n<p>Este hito es el inicio de Barrio Parque, un ambicioso proyecto impulsado por el grupo Antofagasta a trav\u00e9s del FCAB, que contempla la recuperaci\u00f3n de 48 hect\u00e1reas para la creaci\u00f3n de \u00e1reas verdes, nuevas v\u00edas de conectividad y la puesta en valor del patrimonio ferroviario, con una mirada sustentable e integradora.<\/p>\n\n\n\n<p>La ceremonia oficial fue encabezada por el gobernador regional, Ricardo D\u00edaz; el alcalde de Antofagasta, Sacha Razmilic; la delegada presidencial, Karen Behrens y el Presidente Ejecutivo de Antofagasta Minerals, Iv\u00e1n Arriagada, quienes coincidieron en el impacto positivo de la iniciativa para el bienestar urbano y social de la capital regional.<\/p>\n\n\n\n<p>Iv\u00e1n Arriagada, precis\u00f3 que Antofagasta \u201ces parte esencial de nuestra historia. Con Barrio Parque, queremos contribuir a su futuro como una ciudad m\u00e1s integrada, sustentable y con espacios que generen orgullo a sus habitantes\u201d.&nbsp;<\/p>\n\n\n\n<p>El gobernador regional, Ricardo D\u00edaz, agreg\u00f3: &#8220;para m\u00ed es una excelente noticia. Ya el hecho de que tengamos terrenos remediados es una buena noticia y si a eso le agregamos m\u00e1s \u00e1reas verdes, mejor conectividad y la posibilidad de construir una mejor ciudad, es un impulso muy interesante, que se alinea a la Estrategia Minera de la Regi\u00f3n de Antofagasta&#8221;.<\/p>\n\n\n\n<p><strong>Un futuro sustentable<\/strong><\/p>\n\n\n\n<p>El plan, impulsado por el Grupo a trav\u00e9s del Ferrocarril de Antofagasta (FCAB), contempla la habilitaci\u00f3n progresiva de los terrenos, el traslado gradual de algunas instalaciones ferroviarias hacia Mejillones y el desarrollo urbano de una zona de alto valor hist\u00f3rico y patrimonial.<\/p>\n\n\n\n<p>La habilitaci\u00f3n de Patio Bellavista -colindante con calle Iquique- fue posible gracias a un exhaustivo trabajo ambiental que permiti\u00f3 retirar m\u00e1s de 20 mil toneladas de material, tras la excavaci\u00f3n de la capa superficial del suelo. La pr\u00f3xima fase contempla obras de infraestructura b\u00e1sica, paisajismo inicial y pavimentaci\u00f3n de calles internas.<\/p>\n\n\n\n<p>\u201cEste es un proyecto \u00fanico en Chile por su escala y visi\u00f3n. Queremos que sea un legado urbano para las futuras generaciones de Antofagasta, construido con la comunidad. Escuchamos sus ideas, respondimos sus inquietudes y hoy eso se traduce en una iniciativa que les pertenece\u201d, afirm\u00f3 David Fern\u00e1ndez, gerente general de FCAB.&nbsp;<\/p>\n\n\n\n<p>Para el alcalde de Antofagasta, Sacha Razmilic, es \u201cuna extraordinaria noticia, porque necesitamos que nuestro centro se reconvierta, mejore y empecemos a ocupar los espacios. Llega en un muy buen momento, con las primeras mesas de trabajo para la renovaci\u00f3n urbana del sector\u201d.<\/p>\n\n\n\n<p><strong>M\u00e1s conectividad, m\u00e1s ciudad<\/strong><\/p>\n\n\n\n<p>Luego de Patio Bellavista, y despu\u00e9s de que sean aprobadas y habilitadas las etapas siguientes a medida que el proyecto avance, el plan es continuar con los patios Antofagasta, Norte y Sur, donde se pueden proyectar barrios conectados y sustentables, \u00e1reas verdes, parques, circuitos peatonales y terrenos para m\u00faltiples usos.<\/p>\n\n\n\n<p>Karen Behrens, delegada presidencial, explic\u00f3 que \u201cuno de los focos de esta transformaci\u00f3n tiene que ver con mayores espacios de encuentro de la comunidad, pero tambi\u00e9n de seguridad, no s\u00f3lo por la delincuencia, sino tambi\u00e9n para las evacuaciones. Es una muy buena noticia para Antofagasta\u201d.<\/p>\n\n\n\n<p>El dise\u00f1o contemplar\u00eda incluir nuevas calles, comunicando directamente la zona oriente de los patios con el borde costero. Una vez terminado, esto deber\u00eda traducirse en una mejora estructural en la movilidad urbana al facilitar una conexi\u00f3n fluida entre el norte, sur, este y oeste de la ciudad, habilitando nuevas v\u00edas de evacuaci\u00f3n ante emergencias.<\/p>\n\n\n\n<p>Para el presidente de la Junta de Vecinos Chuquicamata, Pedro S\u00e1nchez, \u201ces el comienzo de un cambio rotundo para nuestra ciudad. Estamos muy contentos como junta de vecinos, porque se nos dio la oportunidad de ser parte de este desarrollo para el bien de nuestra Antofagasta\u201d.<\/p>\n\n\n\n<p>Uno de los ejes centrales del proyecto es la puesta en valor del patrimonio ferroviario, con la restauraci\u00f3n de inmuebles hist\u00f3ricos y la conservaci\u00f3n de estructuras patrimoniales.&nbsp;<\/p>\n","protected":false},"excerpt":{"rendered":"<p>Es el primero de cuatro terrenos ferroviarios que ser\u00e1n urbanizados en el marco del proyecto Barrio Parque del FCAB, una iniciativa de largo plazo que recuperar\u00e1 48 hect\u00e1reas para la&hellip;<\/p>\n","protected":false},"author":1,"featured_media":20959,"comment_status":"closed","ping_status":"closed","sticky":false,"template":"","format":"standard","meta":{"_monsterinsights_skip_tracking":false,"_monsterinsights_sitenote_active":false,"_monsterinsights_sitenote_note":"","_monsterinsights_sitenote_category":0,"footnotes":""},"categories":[2,9263],"tags":[7993,1743,555,3782,54],"class_list":["post-20958","post","type-post","status-publish","format-standard","has-post-thumbnail","hentry","category-antofagasta","category-sociedad","tag-bellavista","tag-historica","tag-patio","tag-transformacion","tag-urbana"],"_links":{"self":[{"href":"https:\/\/antofapop.cl\/index.php\/wp-json\/wp\/v2\/posts\/20958"}],"collection":[{"href":"https:\/\/antofapop.cl\/index.php\/wp-json\/wp\/v2\/posts"}],"about":[{"href":"https:\/\/antofapop.cl\/index.php\/wp-json\/wp\/v2\/types\/post"}],"author":[{"embeddable":true,"href":"https:\/\/antofapop.cl\/index.php\/wp-json\/wp\/v2\/users\/1"}],"replies":[{"embeddable":true,"href":"https:\/\/antofapop.cl\/index.php\/wp-json\/wp\/v2\/comments?post=20958"}],"version-history":[{"count":1,"href":"https:\/\/antofapop.cl\/index.php\/wp-json\/wp\/v2\/posts\/20958\/revisions"}],"predecessor-version":[{"id":20960,"href":"https:\/\/antofapop.cl\/index.php\/wp-json\/wp\/v2\/posts\/20958\/revisions\/20960"}],"wp:featuredmedia":[{"embeddable":true,"href":"https:\/\/antofapop.cl\/index.php\/wp-json\/wp\/v2\/media\/20959"}],"wp:attachment":[{"href":"https:\/\/antofapop.cl\/index.php\/wp-json\/wp\/v2\/media?parent=20958"}],"wp:term":[{"taxonomy":"category","embeddable":true,"href":"https:\/\/antofapop.cl\/index.php\/wp-json\/wp\/v2\/categories?post=20958"},{"taxonomy":"post_tag","embeddable":true,"href":"https:\/\/antofapop.cl\/index.php\/wp-json\/wp\/v2\/tags?post=20958"}],"curies":[{"name":"wp","href":"https:\/\/api.w.org\/{rel}","templated":true}]}}