{"id":21223,"date":"2025-12-10T20:30:37","date_gmt":"2025-12-10T17:30:37","guid":{"rendered":"https:\/\/antofapop.cl\/?p=21223"},"modified":"2025-12-10T20:30:52","modified_gmt":"2025-12-10T17:30:52","slug":"ivan-simunovic-recibe-premio-alas-de-colibri-por-su-aporte","status":"publish","type":"post","link":"https:\/\/antofapop.cl\/index.php\/2025\/12\/10\/ivan-simunovic-recibe-premio-alas-de-colibri-por-su-aporte\/","title":{"rendered":"Iv\u00e1n Simunovic recibe premio \u201cAlas de\u00a0Colibr\u00ed\u201d por su aporte"},"content":{"rendered":"<div class='booster-block booster-read-block'>\n                <div class=\"twp-read-time\">\n                \t<i class=\"booster-icon twp-clock\"><\/i> <span>Tiempo de Lectura:<\/span>2 Minutos, 39 Segundos                <\/div>\n\n            <\/div>\n<p>Sorpresa, alegr\u00eda y emoci\u00f3n marcaron la segunda versi\u00f3n del Premio \u201cAlas de Colibr\u00ed\u201d, donde el empresario antofagastino Iv\u00e1n Simunovic Petricio fue distinguido por su permanente aporte y contribuci\u00f3n al desarrollo de Antofagasta.<\/p>\n\n\n\n<p>El evento organizado por Fundaci\u00f3n Recrea y el Diario El Mercurio de Antofagasta, tuvo lugar en el Teatro \u201cH\u00e9ctor Noguera\u201d del Campamento Luz Divina IV,&nbsp; hasta donde llegaron familiares y amigos de Simunovic, adem\u00e1s de contar con la asistencia de la ministra de Miner\u00eda, Aurora Williams, ejecutivos de AMSA y la participaci\u00f3n de ni\u00f1os, ni\u00f1as y diferentes integrantes de Barrios Transitorios del padre Felipe Berr\u00edos.<\/p>\n\n\n\n<p><strong>\u201c<\/strong>Me emociono al recibir este premio, porque no lo esperaba y r\u00e1pidamente me acuerdo de mi padre que hizo una larga traves\u00eda en barco desde la Isla de Brac (Croacia) para llegar a esta tierra\u201d, manifest\u00f3 el empresario.<\/p>\n\n\n\n<p>EMOCI\u00d3N<\/p>\n\n\n\n<p>El acto estuvo rodeado de una serie de simbolismos. De hecho, Iv\u00e1n Simunovic se enter\u00f3 en plena ceremonia que hab\u00eda ganado este premio, ante el silencio c\u00f3mplice de los organizadores del evento&nbsp; y su c\u00edrculo de amigos m\u00e1s cercano.<\/p>\n\n\n\n<p>\u201cFue una sorpresa ver a mi hija y mis amigos, y por eso llor\u00e9 de emoci\u00f3n cuando me nombraron y distinguieron con este premio. De verdad no lo esperaba\u201d, cont\u00f3.<\/p>\n\n\n\n<p>La ceremonia consider\u00f3 una breve biograf\u00eda del empresario y su familia a trav\u00e9s de un video, para luego dar paso a una interesante conversaci\u00f3n con el periodista y director de El Mercurio de Antofagasta, V\u00edctor Toloza, y finalizar con la entrega del respectivo premio, cuyo nombre simboliza a aqu\u00e9llos que mueven silenciosamente sus alas para tener un futuro mejor como sociedad.<\/p>\n\n\n\n<p>CALIDAD HUMANA<\/p>\n\n\n\n<p>Entre los asistentes, y con m\u00e1s de 60 a\u00f1os de amistad, estuvo el empresario y exgobernador, Constantino Zafir\u00f3pulos, quien destac\u00f3 los m\u00e9ritos personales de Simunovic, sobre todo en su calidad humana, como l\u00edder, amigo incondicional y de ser un enamorado y defensor de Antofagasta.<\/p>\n\n\n\n<p>\u201cIv\u00e1n quiere y ama su ciudad como ning\u00fan otro, es un tremendo padre y excelente nono. No tiene poses ni posturas diferentes, siempre ha sido el mismo Iv\u00e1n, un hombre sencillo, trabajador, leal y feliz, con una generosidad envidiable para con los dem\u00e1s\u201d, manifest\u00f3.&nbsp;&nbsp;&nbsp;<\/p>\n\n\n\n<p>Esta faceta de generosidad y de emprendedor tambi\u00e9n fue resaltada por la ministra Aurora Williams, quien el a\u00f1o pasado fue la primera ganadora del Premio \u201cAlas de Colibr\u00ed\u201d. La autoridad destac\u00f3 el rol del empresario y su protagonismo social para el desarrollo de la ciudad.<\/p>\n\n\n\n<p>LLAMADO<\/p>\n\n\n\n<p>Al momento de agradecer esta distinci\u00f3n, Simunovic hizo un repaso por su vida familiar, su historia de emprendedor con \u00e9xitos y fracasos y llam\u00f3 a los ni\u00f1os presentes en el acto a ser siempre mejores y dar valor agregado a sus iniciativas, porque a su juicio ah\u00ed est\u00e1 la f\u00f3rmula para lograr el \u00e9xito.<\/p>\n\n\n\n<p>Tambi\u00e9n aprovech\u00f3 la oportunidad para dejar en claro su mensaje de antofagastinidad. \u201cLa gente tiene que luchar un poco m\u00e1s por Antofagasta. Se han ido 50 mil antofagastinos de la ciudad y eso no puede ser. Nosotros hemos mantenido por muchos a\u00f1os a Chile y merecemos mucho m\u00e1s\u2026 Cuando yo ya no est\u00e9, mis cenizas, mi familia ya est\u00e1 instruida, se quedar\u00e1n en Antofagasta, de ac\u00e1 no se mover\u00e1n\u201d.<\/p>\n","protected":false},"excerpt":{"rendered":"<p>Sorpresa, alegr\u00eda y emoci\u00f3n marcaron la segunda versi\u00f3n del Premio \u201cAlas de Colibr\u00ed\u201d, donde el empresario antofagastino Iv\u00e1n Simunovic Petricio fue distinguido por su permanente aporte y contribuci\u00f3n al desarrollo&hellip;<\/p>\n","protected":false},"author":1,"featured_media":21224,"comment_status":"closed","ping_status":"closed","sticky":false,"template":"","format":"standard","meta":{"_monsterinsights_skip_tracking":false,"_monsterinsights_sitenote_active":false,"_monsterinsights_sitenote_note":"","_monsterinsights_sitenote_category":0,"footnotes":""},"categories":[2,188],"tags":[2918,5487,10483,5143,480,10482],"class_list":["post-21223","post","type-post","status-publish","format-standard","has-post-thumbnail","hentry","category-antofagasta","category-patrimonio","tag-alas","tag-aporte","tag-colibri","tag-ivan","tag-premio","tag-simunovic"],"_links":{"self":[{"href":"https:\/\/antofapop.cl\/index.php\/wp-json\/wp\/v2\/posts\/21223"}],"collection":[{"href":"https:\/\/antofapop.cl\/index.php\/wp-json\/wp\/v2\/posts"}],"about":[{"href":"https:\/\/antofapop.cl\/index.php\/wp-json\/wp\/v2\/types\/post"}],"author":[{"embeddable":true,"href":"https:\/\/antofapop.cl\/index.php\/wp-json\/wp\/v2\/users\/1"}],"replies":[{"embeddable":true,"href":"https:\/\/antofapop.cl\/index.php\/wp-json\/wp\/v2\/comments?post=21223"}],"version-history":[{"count":1,"href":"https:\/\/antofapop.cl\/index.php\/wp-json\/wp\/v2\/posts\/21223\/revisions"}],"predecessor-version":[{"id":21225,"href":"https:\/\/antofapop.cl\/index.php\/wp-json\/wp\/v2\/posts\/21223\/revisions\/21225"}],"wp:featuredmedia":[{"embeddable":true,"href":"https:\/\/antofapop.cl\/index.php\/wp-json\/wp\/v2\/media\/21224"}],"wp:attachment":[{"href":"https:\/\/antofapop.cl\/index.php\/wp-json\/wp\/v2\/media?parent=21223"}],"wp:term":[{"taxonomy":"category","embeddable":true,"href":"https:\/\/antofapop.cl\/index.php\/wp-json\/wp\/v2\/categories?post=21223"},{"taxonomy":"post_tag","embeddable":true,"href":"https:\/\/antofapop.cl\/index.php\/wp-json\/wp\/v2\/tags?post=21223"}],"curies":[{"name":"wp","href":"https:\/\/api.w.org\/{rel}","templated":true}]}}