{"id":21239,"date":"2025-12-14T02:14:10","date_gmt":"2025-12-13T23:14:10","guid":{"rendered":"https:\/\/antofapop.cl\/?p=21239"},"modified":"2025-12-14T02:14:21","modified_gmt":"2025-12-13T23:14:21","slug":"natalia-chaparro-recibe-premio-nacional-por-trayectoria-en-el-trabajo-por-las-personas-con-discapacidad","status":"publish","type":"post","link":"https:\/\/antofapop.cl\/index.php\/2025\/12\/14\/natalia-chaparro-recibe-premio-nacional-por-trayectoria-en-el-trabajo-por-las-personas-con-discapacidad\/","title":{"rendered":"Natalia Chaparro recibe premio nacional por &#8220;Trayectoria en el trabajo por las personas con discapacidad&#8221;"},"content":{"rendered":"<div class='booster-block booster-read-block'>\n                <div class=\"twp-read-time\">\n                \t<i class=\"booster-icon twp-clock\"><\/i> <span>Tiempo de Lectura:<\/span>2 Minutos, 10 Segundos                <\/div>\n\n            <\/div>\n<p><strong><em>La distinci\u00f3n por el Servicio Nacional de la Discapacidad y su distinci\u00f3n se relaciona aporte a la promoci\u00f3n de entornos laborales m\u00e1s inclusivos.<\/em><\/strong><\/p>\n\n\n\n<p>En el marco del D\u00eda Nacional de la Discapacidad, la funcionaria de la Direcci\u00f3n de Desarrollo Comunitario &#8211; Dideco, Natalia Chaparro Olivares, fue galardonada con el premio &#8220;Trayectoria en el Trabajo por las Personas con Discapacidad&#8221;, distinci\u00f3n que es entregada por el Servicio Nacional de la Discapacidad &#8211; Senadis, por su incasable labor por esta \u00e1rea de servicio.<\/p>\n\n\n\n<p>El galard\u00f3n es entregado a instituciones, personas naturales y organizaciones, siendo la profesional de DIDECO, de la Ilustre Municipalidad de Calama, quien obtuvo el premio.<\/p>\n\n\n\n<p>En este sentido, Natalia Chaparro, coordinadora de la Oficina Municipal de la Discapacidad de Dideco, destac\u00f3 que &#8220;fue s\u00faper sorprendente porque en realidad uno trabaja desde el coraz\u00f3n, desde la vocaci\u00f3n, desde el profesionalismo. Entonces este lema de &#8220;Nada Sobre Nosotros, Sin Nosotros&#8221; es m\u00e1s que un lema, es un derecho. Las personas con discapacidad no pueden tener impuesto sus soluciones, sus accesibilidades, sino que las personas con discapacidad necesitas ser escuchadas. Y tambi\u00e9n tenemos que dejar de estigmatizar la normalidad. Todos somos distintos, todos tenemos derecho a ser diferentes. Realmente me han dado la oportunidad para yo poder demostrar lo que realmente siento mi compromiso por las personas con discapacidad&#8221;.<\/p>\n\n\n\n<p>Por su parte, Vianney Sierralta, Directora Regional de Senadis manifest\u00f3 que &#8220;como persona con discapacidad por haber sido activista tambi\u00e9n muchos a\u00f1os aqu\u00ed en Calama te puedo dar testimonio de su trabajo, se ha enfrentado con muchos altibajos y as\u00ed contin\u00faa porque ama su trabajo, sigue porque ama las personas con discapacidad as\u00ed que estoy muy muy contenta de poder estar aqu\u00ed junto con el equipo de Senadis y darle este galard\u00f3n que a nivel nacional se ha conocido su trabajo&#8221;.<\/p>\n\n\n\n<p>Cabe destacar que Natalia Chaparro, sin duda, es un gran desaf\u00edo en el \u00e1mbito personal y profesional a\u00f1adiendo que &#8220;es un desaf\u00edo importante porque la sociedad presenta demasiadas barreras, demasiados obst\u00e1culos y las personas son capaces de hacer muchas cosas, igual que nosotros. Pero la gente siempre empieza a etiquetar, a aislar, a poner barreras. Entonces despu\u00e9s queremos como normalizar nuestras acciones cuando nosotros somos las personas que excluimos, los infantilizamos, lo angelizamos y todos somos personas. Todos tenemos derecho a tener las mismas oportunidades, tantos escolares, educativos, de empleabilidad. Todos tenemos derecho&#8221;.<\/p>\n\n\n\n<p>Sin duda, este es un premio que pone en valor la s\u00f3lida carrera profesional y el aporte a la promoci\u00f3n de entornos laborales m\u00e1s inclusivos, destacando de Chaparro, su dedicaci\u00f3n, perseverancia y contribuci\u00f3n al desarrollo de buenas pr\u00e1cticas en materia de inclusi\u00f3n laboral.<\/p>\n","protected":false},"excerpt":{"rendered":"<p>La distinci\u00f3n por el Servicio Nacional de la Discapacidad y su distinci\u00f3n se relaciona aporte a la promoci\u00f3n de entornos laborales m\u00e1s inclusivos. En el marco del D\u00eda Nacional de&hellip;<\/p>\n","protected":false},"author":1,"featured_media":21240,"comment_status":"closed","ping_status":"closed","sticky":false,"template":"","format":"standard","meta":{"_monsterinsights_skip_tracking":false,"_monsterinsights_sitenote_active":false,"_monsterinsights_sitenote_note":"","_monsterinsights_sitenote_category":0,"footnotes":""},"categories":[2221,9263],"tags":[2222,10485,2369,785,292,9824,398,480,266,1421],"class_list":["post-21239","post","type-post","status-publish","format-standard","has-post-thumbnail","hentry","category-calama","category-sociedad","tag-calama","tag-chaparro","tag-dideco","tag-discapacidad","tag-nacional","tag-natalia","tag-personas","tag-premio","tag-trabajo","tag-trayectoria"],"_links":{"self":[{"href":"https:\/\/antofapop.cl\/index.php\/wp-json\/wp\/v2\/posts\/21239"}],"collection":[{"href":"https:\/\/antofapop.cl\/index.php\/wp-json\/wp\/v2\/posts"}],"about":[{"href":"https:\/\/antofapop.cl\/index.php\/wp-json\/wp\/v2\/types\/post"}],"author":[{"embeddable":true,"href":"https:\/\/antofapop.cl\/index.php\/wp-json\/wp\/v2\/users\/1"}],"replies":[{"embeddable":true,"href":"https:\/\/antofapop.cl\/index.php\/wp-json\/wp\/v2\/comments?post=21239"}],"version-history":[{"count":1,"href":"https:\/\/antofapop.cl\/index.php\/wp-json\/wp\/v2\/posts\/21239\/revisions"}],"predecessor-version":[{"id":21241,"href":"https:\/\/antofapop.cl\/index.php\/wp-json\/wp\/v2\/posts\/21239\/revisions\/21241"}],"wp:featuredmedia":[{"embeddable":true,"href":"https:\/\/antofapop.cl\/index.php\/wp-json\/wp\/v2\/media\/21240"}],"wp:attachment":[{"href":"https:\/\/antofapop.cl\/index.php\/wp-json\/wp\/v2\/media?parent=21239"}],"wp:term":[{"taxonomy":"category","embeddable":true,"href":"https:\/\/antofapop.cl\/index.php\/wp-json\/wp\/v2\/categories?post=21239"},{"taxonomy":"post_tag","embeddable":true,"href":"https:\/\/antofapop.cl\/index.php\/wp-json\/wp\/v2\/tags?post=21239"}],"curies":[{"name":"wp","href":"https:\/\/api.w.org\/{rel}","templated":true}]}}