{"id":21246,"date":"2025-12-16T01:10:19","date_gmt":"2025-12-15T22:10:19","guid":{"rendered":"https:\/\/antofapop.cl\/?p=21246"},"modified":"2025-12-16T01:10:20","modified_gmt":"2025-12-15T22:10:20","slug":"hospital-coaniquem-bomberos-y-carabineros-llaman-a-la-comunidad-a-no-usar-fuegos-artificiales-en-fin-de-ano","status":"publish","type":"post","link":"https:\/\/antofapop.cl\/index.php\/2025\/12\/16\/hospital-coaniquem-bomberos-y-carabineros-llaman-a-la-comunidad-a-no-usar-fuegos-artificiales-en-fin-de-ano\/","title":{"rendered":"Hospital, Coaniquem, Bomberos y Carabineros llaman a la comunidad a no usar fuegos artificiales en fin de a\u00f1o"},"content":{"rendered":"<div class='booster-block booster-read-block'>\n                <div class=\"twp-read-time\">\n                \t<i class=\"booster-icon twp-clock\"><\/i> <span>Tiempo de Lectura:<\/span>2 Minutos, 2 Segundos                <\/div>\n\n            <\/div>\n<p>Las m\u00e1ximas autoridades del Hospital de Calama Dr. Carlos Cisternas (HCC), de Bomberos, de Carabineros y de Coaniquem -a trav\u00e9s de su oficina local y regional- dieron inicio a la campa\u00f1a &#8220;No M\u00e1s Fuegos Artificiales&#8221; y realizaron un llamado conjunto para prevenir el uso de pirotecnia durante las celebraciones de fin de a\u00f1o.<\/p>\n\n\n\n<p>Juan Urrutia, director de la Zona Norte de Coaniquem, record\u00f3 que la Ley 19.680 proh\u00edbe la fabricaci\u00f3n, venta, compra y uso dom\u00e9stico de fuegos artificiales, legislaci\u00f3n que ha permitido una reducci\u00f3n del 91% de las quemaduras en ni\u00f1os y ni\u00f1as a nivel nacional. &#8220;En Calama no se han registrado accidentes en los \u00faltimos dos a\u00f1os y esperamos mantener cifras cero, porque los da\u00f1os que viven los ni\u00f1os que sufren estos accidentes son muy graves&#8221;, se\u00f1al\u00f3 Urrutia.<\/p>\n\n\n\n<p>Pese a la prohibici\u00f3n, la pirotecnia sigue utiliz\u00e1ndose en fin de a\u00f1o, lo que aumenta el riesgo de lesiones graves. El director (s) del Hospital de Calama, Patricio Toro Erbetta, destac\u00f3 la importancia del trabajo conjunto. &#8220;Ya son 25 a\u00f1os de una ley que ha reducido en m\u00e1s de un 90% los accidentes por quemaduras de fuego artificial. Una quemadura deja una secuela permanente. En nuestro hospital recibimos en promedio dos pacientes menores al mes por quemaduras, principalmente por agua caliente. No hemos tenido casos recientes por pirotecnia, pero estamos preparados y comprometidos con la prevenci\u00f3n&#8221;, afirm\u00f3 Toro.<\/p>\n\n\n\n<p>Carabineros reforz\u00f3 el componente legal y de seguridad. El sargento segundo Segundo Santander, de la Primera Comisar\u00eda de Calama, record\u00f3 que la ley establece sanciones penales para quienes comercialicen o manipulen estos artefactos. &#8220;Es un trabajo mancomunado. Llamamos a los vecinos a denunciar, porque estos elementos son peligrosos para la comunidad&#8221;, indic\u00f3.<\/p>\n\n\n\n<p>Desde Bomberos, el voluntario de la 3\u00aa Compa\u00f1\u00eda de Calama, Fabi\u00e1n Jofr\u00e9, subray\u00f3 que la pirotecnia no solo puede causar quemaduras, sino tambi\u00e9n incendios de gran magnitud. &#8220;El mensaje es claro: no usar fuegos artificiales ni participar en su venta. Pueden provocar accidentes dom\u00e9sticos e incendios, especialmente si entran en contacto con materiales inflamables&#8221;, advirti\u00f3.<\/p>\n\n\n\n<p>El Hospital de Calama continuar\u00e1 apoyando las acciones preventivas, facilitando espacios para afiches y material informativo de Coaniquem. Este a\u00f1o, la campa\u00f1a sum\u00f3 a Bomberos y Carabineros para fortalecer la labor educativa en la comunidad.<\/p>\n\n\n\n<p>Coaniquem reiter\u00f3 adem\u00e1s su l\u00ednea WhatsApp SOS +56 9 3431 9987, disponible las 24 horas para entregar orientaci\u00f3n profesional en primeros auxilios ante quemaduras, recordando que siempre se debe acudir posteriormente a un centro asistencial.<\/p>\n","protected":false},"excerpt":{"rendered":"<p>Las m\u00e1ximas autoridades del Hospital de Calama Dr. Carlos Cisternas (HCC), de Bomberos, de Carabineros y de Coaniquem -a trav\u00e9s de su oficina local y regional- dieron inicio a la&hellip;<\/p>\n","protected":false},"author":1,"featured_media":21247,"comment_status":"closed","ping_status":"closed","sticky":false,"template":"","format":"standard","meta":{"_monsterinsights_skip_tracking":false,"_monsterinsights_sitenote_active":false,"_monsterinsights_sitenote_note":"","_monsterinsights_sitenote_category":0,"footnotes":""},"categories":[2221,6698],"tags":[1426,10487,4722,3435,10486,29,307,6629,5626],"class_list":["post-21246","post","type-post","status-publish","format-standard","has-post-thumbnail","hentry","category-calama","category-salud","tag-ano","tag-artificiales","tag-bomberos","tag-carabineros","tag-coaniquem","tag-comunidad","tag-fin","tag-fuegos","tag-hospital"],"_links":{"self":[{"href":"https:\/\/antofapop.cl\/index.php\/wp-json\/wp\/v2\/posts\/21246"}],"collection":[{"href":"https:\/\/antofapop.cl\/index.php\/wp-json\/wp\/v2\/posts"}],"about":[{"href":"https:\/\/antofapop.cl\/index.php\/wp-json\/wp\/v2\/types\/post"}],"author":[{"embeddable":true,"href":"https:\/\/antofapop.cl\/index.php\/wp-json\/wp\/v2\/users\/1"}],"replies":[{"embeddable":true,"href":"https:\/\/antofapop.cl\/index.php\/wp-json\/wp\/v2\/comments?post=21246"}],"version-history":[{"count":1,"href":"https:\/\/antofapop.cl\/index.php\/wp-json\/wp\/v2\/posts\/21246\/revisions"}],"predecessor-version":[{"id":21248,"href":"https:\/\/antofapop.cl\/index.php\/wp-json\/wp\/v2\/posts\/21246\/revisions\/21248"}],"wp:featuredmedia":[{"embeddable":true,"href":"https:\/\/antofapop.cl\/index.php\/wp-json\/wp\/v2\/media\/21247"}],"wp:attachment":[{"href":"https:\/\/antofapop.cl\/index.php\/wp-json\/wp\/v2\/media?parent=21246"}],"wp:term":[{"taxonomy":"category","embeddable":true,"href":"https:\/\/antofapop.cl\/index.php\/wp-json\/wp\/v2\/categories?post=21246"},{"taxonomy":"post_tag","embeddable":true,"href":"https:\/\/antofapop.cl\/index.php\/wp-json\/wp\/v2\/tags?post=21246"}],"curies":[{"name":"wp","href":"https:\/\/api.w.org\/{rel}","templated":true}]}}