{"id":21628,"date":"2026-01-25T16:57:45","date_gmt":"2026-01-25T13:57:45","guid":{"rendered":"https:\/\/antofapop.cl\/?p=21628"},"modified":"2026-01-25T16:57:46","modified_gmt":"2026-01-25T13:57:46","slug":"75-iniciativas-fueron-seleccionadas-en-segundo-anuncio-de-los-fondos-de-cultura","status":"publish","type":"post","link":"https:\/\/antofapop.cl\/index.php\/2026\/01\/25\/75-iniciativas-fueron-seleccionadas-en-segundo-anuncio-de-los-fondos-de-cultura\/","title":{"rendered":"75 iniciativas fueron seleccionadas en segundo anuncio de los Fondos de Cultura"},"content":{"rendered":"<div class='booster-block booster-read-block'>\n                <div class=\"twp-read-time\">\n                \t<i class=\"booster-icon twp-clock\"><\/i> <span>Tiempo de Lectura:<\/span>3 Minutos, 51 Segundos                <\/div>\n\n            <\/div>\n<p><strong><em>Ministerio de las Culturas adjudica recursos para proyectos art\u00edsticos en seis comunas de la regi\u00f3n, lo que permitir\u00e1 el desarrollo de nuevas experiencias que fortalecer\u00e1n el ecosistema creativo local, el acceso de\u00a0 la ciudadan\u00eda a expresiones art\u00edsticas, generaci\u00f3n de empleo y formaci\u00f3n.<\/em><\/strong><\/p>\n\n\n\n<p>M\u00e1s de $1.150 millones ser\u00e1n destinados al financiamiento de 75 iniciativas art\u00edsticas y culturales que se ejecutar\u00e1n en la regi\u00f3n de Antofagasta, tras el segundo anuncio de los Fondos de Cultura 2026 realizado por el Ministerio de las Culturas, las Artes y el Patrimonio, convocatoria que considera el Fondo Nacional de Desarrollo Cultural y de las Artes, Fondart Regional y fondos sectoriales de M\u00fasica, Libro y Lectura, Audiovisual y Artes Esc\u00e9nicas.<\/p>\n\n\n\n<p>De las iniciativas seleccionadas, 34 corresponden a Fondart Regional, 6 al Fondo de la M\u00fasica, 7 al Fondo del Libro y la Lectura, 3 al Fondo Audiovisual y 8 al Fondo de Artes Esc\u00e9nicas.<\/p>\n\n\n\n<p>La seremi de las Culturas, las Artes y el Patrimonio, Carla Julio Oyola, destac\u00f3 que \u201clos 75 proyectos adjudicados en esta convocatoria provienen de las comunas de Antofagasta, Calama, San Pedro de Atacama, Mejillones, Mar\u00eda Elena y Tocopilla, lo que permitir\u00e1 distribuir los recursos y ejecutar iniciativas de manera descentralizada en gran parte del territorio regional\u201d.<\/p>\n\n\n\n<p><br>\u201cLa adjudicaci\u00f3n de estos Fondos de Cultura no solo garantiza el desarrollo de proyectos que fortalecer\u00e1n el ecosistema art\u00edstico, creativo y la identidad regional, sino que tambi\u00e9n generar\u00e1 oportunidades de formaci\u00f3n, empleo y mayor acceso a expresiones art\u00edsticas y culturales para las comunidades de la regi\u00f3n de Antofagasta\u201d, a\u00f1adi\u00f3 la autoridad regional.<\/p>\n\n\n\n<p><strong>Iniciativas seleccionadas Fondart Regional<\/strong><\/p>\n\n\n\n<p>Entre los proyectos elegidos en la l\u00ednea de Actividades Formativas figuran \u201cImaginar el Fuego de la Memoria:&nbsp; Atacama\u201d de Fundaci\u00f3n Patrimonio Desierto de Atacama, de la comuna de San Pedro de Atacama, \u201cEscuelita de Collage 4\u201d de Francisco Baeza de Antofagasta, \u201cGaler\u00eda de Arte al Paso, actividades formativas\u201d de Natalia Flores de Calama, entre otros.<\/p>\n\n\n\n<p>En la l\u00ednea Creaci\u00f3n Art\u00edstica, destacan \u201cPuesta en Valor de la Iconograf\u00eda Sham\u00e1nica Atacame\u00f1a\u201d de Fabi\u00e1n Araya y \u201cFauna, paisajes y colores, ilustrando los tesoros naturales de la regi\u00f3n de Antofagasta\u201d, de Claudia Garc\u00eda, ambos de Antofagasta. En Culturas de los Pueblos Originarios fueron seleccionados \u201cAysaire\u201d de Daniela L\u00f3pez de San Pedro de Atacama y \u201cVasijas Mayores: Reproducci\u00f3n de piezas arqueol\u00f3gicas cer\u00e1mica Toconao\u201d de Carolyn Yufla de Calama.<\/p>\n\n\n\n<p>Respecto a la l\u00ednea Culturas Regionales, se adjudicaron proyectos como \u201cFranasovic 360\u00ba\u201d de Marchantes Spa de la comuna de Antofagasta, \u201cMuseo Vivo Pedro de Valdivia: Educaci\u00f3n, Sonido y Memoria para la Experiencia Escolar\u201d de Corporaci\u00f3n Museo Pedro de Valdivia de la comuna de Mar\u00eda Elena, \u201cCester\u00eda del litoral, una mirada colectiva\u201d de Claudia B\u00f3rquez de Mejillones, \u201cHerencia cultural del Loa: Reconectando ra\u00edces a trav\u00e9s de la escultura y la fotograf\u00eda\u201d de Daniel Canto de Antofagasta y \u201cRadio al Paso\u201d de Valeria Valenzuela de Calama.<\/p>\n\n\n\n<p><strong>Fondos sectoriales<\/strong><\/p>\n\n\n\n<p>En el Fondo de la M\u00fasica, dentro de la l\u00ednea de Infraestructura y Equipamiento, fue seleccionado \u201cMejoramiento Estudio de Grabaci\u00f3n Richard Medina E.I.R.L. para fomentar la Composici\u00f3n Musical y el Registro Fonogr\u00e1fico\u201d de Estudio Grabaci\u00f3n Richard Medina E.I.R.L. de la comuna de Calama y \u201cBarrio Mestizo &#8211; \u00c1lbum debut\u201d de Emerson Marambio de Antofagasta, en la l\u00ednea de Producci\u00f3n de Registro Fonogr\u00e1fico.<\/p>\n\n\n\n<p>En el Fondo del Libro y la Lectura, l\u00ednea Fomento a la Creaci\u00f3n, se adjudicaron \u201cEl poema m\u00e1s largo del mundo\u201d de Eric Araya de Mejillones, \u201cLa vida como el r\u00edo\u201d de Magdalena Sota de San Pedro de Atacama y \u201cTocopilla sacrificial: Historias de una colonizaci\u00f3n ambiental y comunitaria (1915-2022)\u201d de Damir Galaz de Tocopilla, entre otros.<\/p>\n\n\n\n<p>El Fondo Audiovisual, en l\u00ednea Producci\u00f3n Audiovisual Regional seleccion\u00f3 \u201cLa quebradiza piel de la cebra\u201d de Mirko Zuvic de Antofagasta y \u201cEl Dolor y la Belleza\u201d de Espacio VAC\u00cdO Ltda., ambas en l\u00ednea Producci\u00f3n audiovisual regional y \u201cDetalles de una muerte violenta\u201d de Jos\u00e9 Luis Ca\u00f1as en l\u00ednea Gui\u00f3n original y adaptaci\u00f3n literaria.<\/p>\n\n\n\n<p>Por su parte, en el Fondo de Artes Esc\u00e9nicas, destacan en l\u00ednea de Equipamiento \u201cArte para todos: equipamiento esc\u00e9nico que transforma la experiencia cultural en territorios rezagados de Antofagasta\u201d de Agrupaci\u00f3n Art\u00edstico Cultural Pedro de la Barra, \u201cItinerancia nacional: El viaje de una contadora, entre el desierto y el sur\u201d en l\u00ednea de Circulaci\u00f3n nacional de montajes esc\u00e9nicos, \u201cPe\u00f1ablanca: El relato del no Chango\u201d de la Corporaci\u00f3n Cultural de Antofagasta, en l\u00ednea de Creaci\u00f3n y\/o producci\u00f3n de Montajes Esc\u00e9nicos \u201c y \u201cDRAMANORTE: Escuela de Escritura para Dramaturgas y Dramaturgos del Norte de Chile. 1ra versi\u00f3n\u201d de Fundaci\u00f3n Teatro Basca, en la l\u00ednea de Programas Formativos.<\/p>\n\n\n\n<p>El detalle completo de seleccionados, por fondo y l\u00ednea, est\u00e1 disponible en <a href=\"https:\/\/www.fondosdecultura.cl\/resultados\/\">https:\/\/www.fondosdecultura.cl\/resultados\/<\/a><\/p>\n","protected":false},"excerpt":{"rendered":"<p>Ministerio de las Culturas adjudica recursos para proyectos art\u00edsticos en seis comunas de la regi\u00f3n, lo que permitir\u00e1 el desarrollo de nuevas experiencias que fortalecer\u00e1n el ecosistema creativo local, el&hellip;<\/p>\n","protected":false},"author":1,"featured_media":21629,"comment_status":"closed","ping_status":"closed","sticky":false,"template":"","format":"standard","meta":{"_monsterinsights_skip_tracking":false,"_monsterinsights_sitenote_active":false,"_monsterinsights_sitenote_note":"","_monsterinsights_sitenote_category":0,"footnotes":""},"categories":[178,2405],"tags":[9617,234,271,275,1460,9994],"class_list":["post-21628","post","type-post","status-publish","format-standard","has-post-thumbnail","hentry","category-arte-cultura","category-region","tag-anuncio-2","tag-cultura","tag-fondos","tag-iniciativas","tag-segundo","tag-seleccionadas"],"_links":{"self":[{"href":"https:\/\/antofapop.cl\/index.php\/wp-json\/wp\/v2\/posts\/21628"}],"collection":[{"href":"https:\/\/antofapop.cl\/index.php\/wp-json\/wp\/v2\/posts"}],"about":[{"href":"https:\/\/antofapop.cl\/index.php\/wp-json\/wp\/v2\/types\/post"}],"author":[{"embeddable":true,"href":"https:\/\/antofapop.cl\/index.php\/wp-json\/wp\/v2\/users\/1"}],"replies":[{"embeddable":true,"href":"https:\/\/antofapop.cl\/index.php\/wp-json\/wp\/v2\/comments?post=21628"}],"version-history":[{"count":1,"href":"https:\/\/antofapop.cl\/index.php\/wp-json\/wp\/v2\/posts\/21628\/revisions"}],"predecessor-version":[{"id":21630,"href":"https:\/\/antofapop.cl\/index.php\/wp-json\/wp\/v2\/posts\/21628\/revisions\/21630"}],"wp:featuredmedia":[{"embeddable":true,"href":"https:\/\/antofapop.cl\/index.php\/wp-json\/wp\/v2\/media\/21629"}],"wp:attachment":[{"href":"https:\/\/antofapop.cl\/index.php\/wp-json\/wp\/v2\/media?parent=21628"}],"wp:term":[{"taxonomy":"category","embeddable":true,"href":"https:\/\/antofapop.cl\/index.php\/wp-json\/wp\/v2\/categories?post=21628"},{"taxonomy":"post_tag","embeddable":true,"href":"https:\/\/antofapop.cl\/index.php\/wp-json\/wp\/v2\/tags?post=21628"}],"curies":[{"name":"wp","href":"https:\/\/api.w.org\/{rel}","templated":true}]}}