{"id":21852,"date":"2026-03-09T14:38:49","date_gmt":"2026-03-09T11:38:49","guid":{"rendered":"https:\/\/antofapop.cl\/?p=21852"},"modified":"2026-03-09T14:39:17","modified_gmt":"2026-03-09T11:39:17","slug":"libro-aborda-la-supervivencia-del-macrocampamento-los-arenales","status":"publish","type":"post","link":"https:\/\/antofapop.cl\/index.php\/2026\/03\/09\/libro-aborda-la-supervivencia-del-macrocampamento-los-arenales\/","title":{"rendered":"Libro aborda la supervivencia del macrocampamento Los Arenales"},"content":{"rendered":"<div class='booster-block booster-read-block'>\n                <div class=\"twp-read-time\">\n                \t<i class=\"booster-icon twp-clock\"><\/i> <span>Tiempo de Lectura:<\/span>4 Minutos, 44 Segundos                <\/div>\n\n            <\/div>\n<p><strong><em>El texto testimonial del autor Hans Frex, es una manera de entender el grado de organizaci\u00f3n de una campamento, \u201cRompiendo Barreras\u201d<\/em><\/strong>.<\/p>\n\n\n\n<p>El libro \u201cRompiendo Barreras, Geohistorias por el derecho a la ciudad del macrocampamento Los Arenales\u201d del profesor de filosof\u00eda y mag\u00edster en arte Hans Frex, evidencia la supervivencia de un campamento perif\u00e9rico de Antofagasta, como tambi\u00e9n los nuevos procesos sociales de las ciudades latinoamericanas, que se van gestando a trav\u00e9s de los migrantes. Para llevar a cabo esta memoria testimonial, el escritor habit\u00f3 varias semanas en \u201cLos Arenales\u201d, donde desarroll\u00f3 un exhaustivo trabajo de campo. Ah\u00ed conoci\u00f3 al detalle la capacidad de organizaci\u00f3n de un campamento.<\/p>\n\n\n\n<p>El libro, publicado por la editorial antofagastina \u201cPampa Negra Ediciones\u201d, corresponde a un proyecto financiado por el Fondo del Libro y la Lectura 2025.<\/p>\n\n\n\n<p>Respecto a la motivaci\u00f3n para desarrollar el proyecto, Hans Frex explica que despu\u00e9s de visitar el macrocampamento, conoci\u00f3 a la dirigenta Elizabeth Andrade durante la edici\u00f3n del libro de testimonios migrantes \u201cVoces en movimiento\u201d \u2014editado en 2022\u2014. \u201cCreo que siempre hab\u00eda tenido la intenci\u00f3n de trabajar en un campamento, pero nunca hab\u00eda tenido la oportunidad directa de hacerlo. El hecho de haber conocido a Eli me facilit\u00f3 mucho la llegada al campamento y los vecinos y vecinas\u201d, afirma.<\/p>\n\n\n\n<p>\u2014\u00bfDe qu\u00e9 manera logra ganarse la confianza de los habitantes del campamento?<\/p>\n\n\n\n<p>&#8211; Los campamentos son territorios en peligro por diversos discursos racistas y antimigrantes que estigmatizan estos territorios como focos de delincuencia y abuso, y utilizan estos pretextos para atacar a personas honestas que se ganan el pan con su trabajo y no tienen para pagar un arriendo. Esto hace tambi\u00e9n que haya mucha desconfianza, sobre todo hacia personas que vienen de afuera, que viven en otra ciudad y, en mi caso, en otro pa\u00eds. Algo que me sirvi\u00f3 mucho fue regalarle una copia a cada comit\u00e9 de vivienda del libro que edit\u00e9 donde aparece el testimonio de Elizabeth. Eso les dio una idea concreta de mi trabajo y compromiso con la comunidad.<\/p>\n\n\n\n<p>&nbsp;\u2014\u00bfC\u00f3mo es un d\u00eda t\u00edpico en el campamento, desde el acceso al agua hasta la electricidad improvisada?<\/p>\n\n\n\n<p>&#8211;&nbsp;La mayor\u00eda de los pobladores trabaja, algunos en la informalidad, pero la mayor\u00eda tiene contratos laborales. Antiguamente, cuando no ten\u00edan acceso directo al agua y acced\u00edan a ella por medio de una manguera de bomberos conectada al grifo, entonces toda la vida cotidiana se ten\u00eda que ajustar a horarios. Esta parte pod\u00eda tomar hasta 12 horas, con el riesgo de que llegaran carabineros y les pidieran desconectar la manguera. Esto es un tema que abordo en el libro a lo largo de todo un cap\u00edtulo. Hoy, el servicio de agua potable est\u00e1 regularizado gracias a un convenio entre el macrocampamento, la Gobernaci\u00f3n Regional y la empresa de Aguas.<\/p>\n\n\n\n<p>-\u00bfQu\u00e9 rol juegan los ni\u00f1os y adolescentes en el campamento, y cu\u00e1les son los principales problemas que los afectan?<\/p>\n\n\n\n<p>&nbsp;&#8211;&nbsp;Los ni\u00f1os son un gran tema dentro del campamento, ya que hay eventos que convocan a toda la comunidad para alegrarlos, como lo es la Navidad; se les hacen fiestas, llega el Viejito Pascuero con regalos para todos. Estos regalos son principalmente donados por empresas y muchas de ellas lo hacen de manera an\u00f3nima. Se hacen juegos, concursos, se presentan obras teatrales; es muy bonito, pero es much\u00edsimo el trabajo para llegar a cerca de 1000 ni\u00f1os. En el d\u00eda a d\u00eda es posible ver a los ni\u00f1os jugar libremente en el campamento, por lo que es un lugar seguro para ellos. Uno de los mayores problemas est\u00e1 relacionado con la precariedad de sus viviendas y muchas veces tambi\u00e9n con el hacinamiento, lo que les impide a los padres tener espacios de privacidad.<\/p>\n\n\n\n<p>&nbsp;-\u00bfQu\u00e9 brechas percibes en pol\u00edticas p\u00fablicas para superar la segregaci\u00f3n residencial en Antofagasta?<\/p>\n\n\n\n<p>&nbsp;&#8211;&nbsp;Las brechas son inmensas. El mercado, como repiten doctrinariamente los economistas, se autorregula; el Estado no puede hacer nada. El problema es la inequidad territorial, que es el resultado de un mercado inmobiliario destinado a extraer el mayor r\u00e9dito posible o que, en el contexto de Antofagasta, que es la ciudad m\u00e1s pr\u00f3spera de Chile, eleve el costo de la vivienda. En t\u00e9rminos de pol\u00edticas p\u00fablicas, el Estado no puede intervenir en el mercado, y los pol\u00edticos trabajan para proteger los intereses corporativos de los poderosos inversionistas y no para solucionar los problemas reales de la gente com\u00fan. As\u00ed, la \u00fanica respuesta del Estado consiste en ofrecer subsidios que no solucionan el problema, sino que lo reproducen. \u00a1Es absurdo! El incre\u00edble d\u00e9ficit de la vivienda en Antofagasta es el resultado de la riqueza de la ciudad y de su excesiva concentraci\u00f3n.<\/p>\n\n\n\n<p>&nbsp;-Y, por \u00faltimo, \u00bfqu\u00e9 visi\u00f3n de futuro sostienes con los campamentos en Antofagasta: regularizaci\u00f3n del terreno, mudanza o mejoras?&nbsp;<\/p>\n\n\n\n<p>&nbsp;-En cuanto al futuro, es complejo. El Macrocampamento Los Arenales est\u00e1 en proceso de radicaci\u00f3n con urbanizaci\u00f3n. Lo que ha hecho el Macro es incidir en la pol\u00edtica p\u00fablica de vivienda a trav\u00e9s del codise\u00f1o de la casa y la ciudad que los vecinos y vecinas organizadas quieren construir. En esta l\u00ednea, me parece crucial que la comunidad apele al derecho a la ciudad como un eje articulador de sus demandas habitacionales frente al Estado. La ciudad deber\u00eda pertenecerle al pueblo que la construye y habita y no a los propietarios que especulan con las carencias y necesidades de la gente de esfuerzo. El derecho a la ciudad, como dec\u00eda Lefebvre, nos demanda imaginar una urbe que no est\u00e9 regida por el lucro, y es aqu\u00ed donde la intervenci\u00f3n de Los Arenales es fundamental para imaginar una ciudad organizada en torno a la dignidad y el buen vivir, en base a la autogesti\u00f3n e interculturalidad.<\/p>\n\n\n\n<p><\/p>\n","protected":false},"excerpt":{"rendered":"<p>El texto testimonial del autor Hans Frex, es una manera de entender el grado de organizaci\u00f3n de una campamento, \u201cRompiendo Barreras\u201d. El libro \u201cRompiendo Barreras, Geohistorias por el derecho a&hellip;<\/p>\n","protected":false},"author":1,"featured_media":21853,"comment_status":"closed","ping_status":"closed","sticky":false,"template":"","format":"standard","meta":{"_monsterinsights_skip_tracking":false,"_monsterinsights_sitenote_active":false,"_monsterinsights_sitenote_note":"","_monsterinsights_sitenote_category":0,"footnotes":""},"categories":[2,197],"tags":[6660,319,10640,10639],"class_list":["post-21852","post","type-post","status-publish","format-standard","has-post-thumbnail","hentry","category-antofagasta","category-libros","tag-arenales","tag-libro","tag-macrocampamento","tag-supervivencia"],"_links":{"self":[{"href":"https:\/\/antofapop.cl\/index.php\/wp-json\/wp\/v2\/posts\/21852"}],"collection":[{"href":"https:\/\/antofapop.cl\/index.php\/wp-json\/wp\/v2\/posts"}],"about":[{"href":"https:\/\/antofapop.cl\/index.php\/wp-json\/wp\/v2\/types\/post"}],"author":[{"embeddable":true,"href":"https:\/\/antofapop.cl\/index.php\/wp-json\/wp\/v2\/users\/1"}],"replies":[{"embeddable":true,"href":"https:\/\/antofapop.cl\/index.php\/wp-json\/wp\/v2\/comments?post=21852"}],"version-history":[{"count":2,"href":"https:\/\/antofapop.cl\/index.php\/wp-json\/wp\/v2\/posts\/21852\/revisions"}],"predecessor-version":[{"id":21855,"href":"https:\/\/antofapop.cl\/index.php\/wp-json\/wp\/v2\/posts\/21852\/revisions\/21855"}],"wp:featuredmedia":[{"embeddable":true,"href":"https:\/\/antofapop.cl\/index.php\/wp-json\/wp\/v2\/media\/21853"}],"wp:attachment":[{"href":"https:\/\/antofapop.cl\/index.php\/wp-json\/wp\/v2\/media?parent=21852"}],"wp:term":[{"taxonomy":"category","embeddable":true,"href":"https:\/\/antofapop.cl\/index.php\/wp-json\/wp\/v2\/categories?post=21852"},{"taxonomy":"post_tag","embeddable":true,"href":"https:\/\/antofapop.cl\/index.php\/wp-json\/wp\/v2\/tags?post=21852"}],"curies":[{"name":"wp","href":"https:\/\/api.w.org\/{rel}","templated":true}]}}