{"id":21860,"date":"2026-03-10T15:08:34","date_gmt":"2026-03-10T12:08:34","guid":{"rendered":"https:\/\/antofapop.cl\/?p=21860"},"modified":"2026-03-10T15:08:35","modified_gmt":"2026-03-10T12:08:35","slug":"fach-realizo-tradicional-izamiento-de-pabellon-patrio","status":"publish","type":"post","link":"https:\/\/antofapop.cl\/index.php\/2026\/03\/10\/fach-realizo-tradicional-izamiento-de-pabellon-patrio\/","title":{"rendered":"FACh realiz\u00f3 tradicional izamiento de pabell\u00f3n patrio"},"content":{"rendered":"<div class='booster-block booster-read-block'>\n                <div class=\"twp-read-time\">\n                \t<i class=\"booster-icon twp-clock\"><\/i> <span>Tiempo de Lectura:<\/span>32 Segundos                <\/div>\n\n            <\/div>\n<p>La ma\u00f1ana de este lunes se realiz\u00f3 la tradicional ceremonia de izamiento de los ocho pabellones nacionales para dar inicio del Mes del Aire y del Espacio, en la cual se conmemora el 96\u00b0 aniversario de la Fuerza A\u00e9rea de Chile.<\/p>\n\n\n\n<p>La actividad, que se realiz\u00f3 en la explanada de la Municipalidad de Antofagasta, fue presidida por el Comandante en Jefe de la V\u00aa Brigada A\u00e9rea, General de Brigada A\u00e9rea (A) Eduardo Cuadra Wells, y congreg\u00f3 a autoridades civiles y militares de la regi\u00f3n de Antofagasta.<\/p>\n\n\n\n<p>Tras el izamiento, se efectu\u00f3 el desfile a\u00e9reo de una bandada de aviones caza F-16 sobre los cielos antofagastinos.<\/p>\n","protected":false},"excerpt":{"rendered":"<p>La ma\u00f1ana de este lunes se realiz\u00f3 la tradicional ceremonia de izamiento de los ocho pabellones nacionales para dar inicio del Mes del Aire y del Espacio, en la cual&hellip;<\/p>\n","protected":false},"author":1,"featured_media":21861,"comment_status":"closed","ping_status":"closed","sticky":false,"template":"","format":"standard","meta":{"_monsterinsights_skip_tracking":false,"_monsterinsights_sitenote_active":false,"_monsterinsights_sitenote_note":"","_monsterinsights_sitenote_category":0,"footnotes":""},"categories":[2,9263],"tags":[10642,10643,2616,2178,3307],"class_list":["post-21860","post","type-post","status-publish","format-standard","has-post-thumbnail","hentry","category-antofagasta","category-sociedad","tag-fach","tag-izamiento","tag-pabellon","tag-patrio","tag-tradicional"],"_links":{"self":[{"href":"https:\/\/antofapop.cl\/index.php\/wp-json\/wp\/v2\/posts\/21860"}],"collection":[{"href":"https:\/\/antofapop.cl\/index.php\/wp-json\/wp\/v2\/posts"}],"about":[{"href":"https:\/\/antofapop.cl\/index.php\/wp-json\/wp\/v2\/types\/post"}],"author":[{"embeddable":true,"href":"https:\/\/antofapop.cl\/index.php\/wp-json\/wp\/v2\/users\/1"}],"replies":[{"embeddable":true,"href":"https:\/\/antofapop.cl\/index.php\/wp-json\/wp\/v2\/comments?post=21860"}],"version-history":[{"count":1,"href":"https:\/\/antofapop.cl\/index.php\/wp-json\/wp\/v2\/posts\/21860\/revisions"}],"predecessor-version":[{"id":21862,"href":"https:\/\/antofapop.cl\/index.php\/wp-json\/wp\/v2\/posts\/21860\/revisions\/21862"}],"wp:featuredmedia":[{"embeddable":true,"href":"https:\/\/antofapop.cl\/index.php\/wp-json\/wp\/v2\/media\/21861"}],"wp:attachment":[{"href":"https:\/\/antofapop.cl\/index.php\/wp-json\/wp\/v2\/media?parent=21860"}],"wp:term":[{"taxonomy":"category","embeddable":true,"href":"https:\/\/antofapop.cl\/index.php\/wp-json\/wp\/v2\/categories?post=21860"},{"taxonomy":"post_tag","embeddable":true,"href":"https:\/\/antofapop.cl\/index.php\/wp-json\/wp\/v2\/tags?post=21860"}],"curies":[{"name":"wp","href":"https:\/\/api.w.org\/{rel}","templated":true}]}}