{"id":21874,"date":"2026-03-12T03:33:25","date_gmt":"2026-03-12T00:33:25","guid":{"rendered":"https:\/\/antofapop.cl\/?p=21874"},"modified":"2026-03-12T03:33:25","modified_gmt":"2026-03-12T00:33:25","slug":"fiesta-del-tomate-de-camar-reunio-a-cerca-de-3-mil-personas-y-celebro-la-identidad-agricola-del-oasis","status":"publish","type":"post","link":"https:\/\/antofapop.cl\/index.php\/2026\/03\/12\/fiesta-del-tomate-de-camar-reunio-a-cerca-de-3-mil-personas-y-celebro-la-identidad-agricola-del-oasis\/","title":{"rendered":"Fiesta del Tomate de Camar reuni\u00f3 a cerca de 3 mil personas y celebr\u00f3 la identidad agr\u00edcola del oasis"},"content":{"rendered":"<div class='booster-block booster-read-block'>\n                <div class=\"twp-read-time\">\n                \t<i class=\"booster-icon twp-clock\"><\/i> <span>Tiempo de Lectura:<\/span>4 Minutos, 2 Segundos                <\/div>\n\n            <\/div>\n<p><em><strong>La quinta versi\u00f3n de esta tradicional celebraci\u00f3n reuni\u00f3 a agricultores, emprendedores, visitantes y autoridades en torno a la cultura, gastronom\u00eda y producci\u00f3n del territorio atacame\u00f1o.<\/strong><\/em><\/p>\n\n\n\n<p>Alrededor de 3 mil asistentes,&nbsp; la localidad de Camar celebr\u00f3 la Fiesta Costumbrista del Tomate 2026, encuentro que se ha transformado en uno de los eventos m\u00e1s representativos del calendario cultural y agr\u00edcola del territorio.<\/p>\n\n\n\n<p>La actividad incluy\u00f3 feria de productos agr\u00edcolas, concurso del mejor tomate, festival gastron\u00f3mico atacame\u00f1o animado por chefs invitados, adem\u00e1s de sumar un show musical que reuni\u00f3 el folclor andino de Kala Marka y el rock chileno de Los Tres. Adem\u00e1s, la parrilla de artistas tuvo a diversos representantes locales como el cantante Fabi\u00e1n Cruz, Los Lakitas de Camar y la agrupaci\u00f3n de danza Sumaq Urpilay junto al grupo folcl\u00f3rico Arak Mayu.&nbsp;<\/p>\n\n\n\n<p>La fiesta busca poner en valor la tradici\u00f3n agr\u00edcola de los oasis, generando adem\u00e1s un espacio de encuentro abierto a las comunidades atacame\u00f1as y a visitantes de toda la regi\u00f3n. Mar\u00eda Alejandra Zuleta, subgerenta de Asuntos Comunitarios de Novandino Litio, destac\u00f3 el significado de esta celebraci\u00f3n para el territorio. \u201cHemos estado presente en este proceso desde sus inicios, fortaleciendo el trabajo con los agricultores de la zona. Es una actividad que reconoce el valor ancestral y actual de la cultura local, y donde hemos trabajado junto a la comunidad en el fortalecimiento de la agricultura, particularmente del cultivo del tomate\u201d.<\/p>\n\n\n\n<p><strong>Una tradici\u00f3n que crece<\/strong><\/p>\n\n\n\n<p>La organizaci\u00f3n de la fiesta es liderada por la Comunidad Atacame\u00f1a de Camar, que ha logrado consolidar esta celebraci\u00f3n como un espacio de encuentro para el territorio. H\u00e9ctor Cruz, presidente de la comunidad, valor\u00f3 el crecimiento de la actividad y el trabajo que se ha desarrollado junto a distintos actores. \u201cEl tomate es un s\u00edmbolo para nosotros, es una historia que nos dejaron nuestros abuelos. Hoy los agricultores de Camar incorporaron lo ancestral con lo t\u00e9cnico y eso ha dado muy buenos frutos\u201d.&nbsp;<\/p>\n\n\n\n<p>El dirigente agreg\u00f3 que la fiesta tambi\u00e9n representa una oportunidad de desarrollo para los agricultores y emprendedores locales. \u201cLa expectativa como comunidad es seguir creciendo en la agricultura, fortalecer la seguridad alimentaria y generar oportunidades para nuestra gente. Estas iniciativas nacen desde la comunidad y solo se pueden sacar adelante cuando existe apoyo y trabajo conjunto\u201d.<\/p>\n\n\n\n<p>En esta versi\u00f3n participaron 32 stands de productos locales y cerca de 22 puestos gastron\u00f3micos, con visitantes de Calama, Antofagasta, San Pedro de Atacama, Santiago, Brasil, Colombia, Alemania y Canad\u00e1, reflejando el crecimiento que ha tenido la fiesta desde su primera edici\u00f3n.<\/p>\n\n\n\n<p><strong>Impulso al turismo y al desarrollo local<\/strong><\/p>\n\n\n\n<p>El seremi de Econom\u00eda, Fomento y Turismo de Antofagasta saliente, Mat\u00edas Mu\u00f1oz, valor\u00f3 el crecimiento de la iniciativa. \u201cLa comunidad ha demostrado un tremendo \u00edmpetu y organizaci\u00f3n para sostener esta fiesta que se ha convertido en un hito regional y que cada vez tiene m\u00e1s proyecci\u00f3n para posicionarse tambi\u00e9n a nivel nacional\u201d. Adem\u00e1s destac\u00f3 que \u201cCamar se est\u00e1 convirtiendo en un atractivo creciente dentro de la ruta tur\u00edstica de San Pedro de Atacama\u201d.<\/p>\n\n\n\n<p>Por su parte, el alcalde de San Pedro de Atacama, Justo Zuleta, valor\u00f3 su evoluci\u00f3n. \u201cEs muy impresionante ver c\u00f3mo ha evolucionado esta festividad. Cada a\u00f1o se fortalece m\u00e1s y se transforma en una vitrina de nuestra cultura, no s\u00f3lo para nuestra comuna sino tambi\u00e9n para visitantes de otras localidades\u201d.<\/p>\n\n\n\n<p><strong>Agricultura viva en el oasis<\/strong><\/p>\n\n\n\n<p>La fiesta tambi\u00e9n permite visibilizar el trabajo de las familias agricultoras que mantienen viva la producci\u00f3n en el oasis. Albina Sosa, agricultora de Camar, relat\u00f3 c\u00f3mo esta tradici\u00f3n forma parte de su vida. \u201cDesde que tengo conocimiento he trabajado en la agricultura con mis padres. Cultivamos tomate, ma\u00edz, papas y muchos otros productos. Esta fiesta es muy importante porque nos permite vender lo que producimos y mostrar el trabajo que hacemos\u201d.<\/p>\n\n\n\n<p>A su vez, Ilia Reyes, emprendedora local, explic\u00f3 que el tomate ha dado paso a nuevos productos y oportunidades. \u201cHace algunos a\u00f1os comenzamos a desarrollar subproductos como conservas y mermeladas de tomate. Hoy son los productos que m\u00e1s vendemos y que nos han permitido aprovechar mejor la producci\u00f3n\u201d.<\/p>\n\n\n\n<p>Durante la jornada tambi\u00e9n se reconoci\u00f3 el aporte de los ingenieros agr\u00f3nomos Pedro Gonz\u00e1lez y&nbsp; Leslie Sep\u00falveda, del programa Atacama Tierra F\u00e9rtil (ATF), quienes han trabajado junto a los agricultores de Camar en el fortalecimiento productivo del tomate.<\/p>\n\n\n\n<p>\u201cEl programa busca apoyar el desarrollo agr\u00edcola de las comunidades, combinando conocimientos tradicionales con nuevas tecnolog\u00edas para mejorar la producci\u00f3n y enfrentar desaf\u00edos como el estr\u00e9s clim\u00e1tico o la escasez h\u00eddrica\u201d, explic\u00f3 Gonz\u00e1lez.<\/p>\n\n\n\n<p>La Fiesta del Tomate de Camar es organizada por la Comunidad Atacame\u00f1a de Camar con el apoyo del municipio de San Pedro de Atacama y la colaboraci\u00f3n de diversas instituciones y empresas del territorio, en las que destacan Novandino Litio como principal auspiciador, junto a Minera Zald\u00edvar, Albemarle y el apoyo de la Fundaci\u00f3n de Cultura de San Pedro de Atacama.<\/p>\n","protected":false},"excerpt":{"rendered":"<p>La quinta versi\u00f3n de esta tradicional celebraci\u00f3n reuni\u00f3 a agricultores, emprendedores, visitantes y autoridades en torno a la cultura, gastronom\u00eda y producci\u00f3n del territorio atacame\u00f1o. Alrededor de 3 mil asistentes,&nbsp;&hellip;<\/p>\n","protected":false},"author":1,"featured_media":21875,"comment_status":"closed","ping_status":"closed","sticky":false,"template":"","format":"standard","meta":{"_monsterinsights_skip_tracking":false,"_monsterinsights_sitenote_active":false,"_monsterinsights_sitenote_note":"","_monsterinsights_sitenote_category":0,"footnotes":""},"categories":[2349,64],"tags":[7184,7433,2007,1998,1074,1032,5181,398,7432],"class_list":["post-21874","post","type-post","status-publish","format-standard","has-post-thumbnail","hentry","category-el-loa","category-gastronomia","tag-agricola","tag-camar","tag-cerca","tag-fiesta","tag-identidad","tag-mil","tag-oasis","tag-personas","tag-tomate"],"_links":{"self":[{"href":"https:\/\/antofapop.cl\/index.php\/wp-json\/wp\/v2\/posts\/21874"}],"collection":[{"href":"https:\/\/antofapop.cl\/index.php\/wp-json\/wp\/v2\/posts"}],"about":[{"href":"https:\/\/antofapop.cl\/index.php\/wp-json\/wp\/v2\/types\/post"}],"author":[{"embeddable":true,"href":"https:\/\/antofapop.cl\/index.php\/wp-json\/wp\/v2\/users\/1"}],"replies":[{"embeddable":true,"href":"https:\/\/antofapop.cl\/index.php\/wp-json\/wp\/v2\/comments?post=21874"}],"version-history":[{"count":1,"href":"https:\/\/antofapop.cl\/index.php\/wp-json\/wp\/v2\/posts\/21874\/revisions"}],"predecessor-version":[{"id":21876,"href":"https:\/\/antofapop.cl\/index.php\/wp-json\/wp\/v2\/posts\/21874\/revisions\/21876"}],"wp:featuredmedia":[{"embeddable":true,"href":"https:\/\/antofapop.cl\/index.php\/wp-json\/wp\/v2\/media\/21875"}],"wp:attachment":[{"href":"https:\/\/antofapop.cl\/index.php\/wp-json\/wp\/v2\/media?parent=21874"}],"wp:term":[{"taxonomy":"category","embeddable":true,"href":"https:\/\/antofapop.cl\/index.php\/wp-json\/wp\/v2\/categories?post=21874"},{"taxonomy":"post_tag","embeddable":true,"href":"https:\/\/antofapop.cl\/index.php\/wp-json\/wp\/v2\/tags?post=21874"}],"curies":[{"name":"wp","href":"https:\/\/api.w.org\/{rel}","templated":true}]}}