{"id":21877,"date":"2026-03-13T02:35:48","date_gmt":"2026-03-12T23:35:48","guid":{"rendered":"https:\/\/antofapop.cl\/?p=21877"},"modified":"2026-03-13T02:36:34","modified_gmt":"2026-03-12T23:36:34","slug":"reviviendo-momentos-del-ayer-con-adrian-y-los-dados-negros","status":"publish","type":"post","link":"https:\/\/antofapop.cl\/index.php\/2026\/03\/13\/reviviendo-momentos-del-ayer-con-adrian-y-los-dados-negros\/","title":{"rendered":"Reviviendo Momentos del Ayer, con Adri\u00e1n y Los Dados Negros"},"content":{"rendered":"<div class='booster-block booster-read-block'>\n                <div class=\"twp-read-time\">\n                \t<i class=\"booster-icon twp-clock\"><\/i> <span>Tiempo de Lectura:<\/span>1 Minutos, 42 Segundos                <\/div>\n\n            <\/div>\n<p><strong><em>La actividad ser\u00e1 este viernes en el Estadio Techado a partir de las 18:00 horas.<\/em><\/strong><\/p>\n\n\n\n<p>Con la presencia del artista internacional, Adri\u00e1n y los Dados Negros, se efectuar\u00e1 una nueva versi\u00f3n de &#8220;Reviviendo Los Momentos de Ayer&#8221;, actividad enmarcada en el 147\u00b0 aniversario de la ciudad y organizada por la Ilustre Municipalidad de Calama, el Cuerpo de Concejales y corporaciones.<\/p>\n\n\n\n<p>La actividad destinada a los adultos mayores, tendr\u00e1 adem\u00e1s, la presentaci\u00f3n de la Agrupaci\u00f3n de M\u00fasica de Artistas del Loa, bailes, m\u00fasica, ambiente grato y mucha diversi\u00f3n, que ser\u00e1n los ingredientes necesarios para esta jornada ciudadana. La jornada ser\u00e1 a las 18:00 horas, sin embargo, las puertas se abrir\u00e1n a partir de las 17:30 horas, siendo entrada completamente gratuita. Adem\u00e1s, contar\u00e1 con las medidas de seguridad acorde para un evento de alta convocatoria.<\/p>\n\n\n\n<p>Irene Alfaro, presidenta de la Comisi\u00f3n Aniversario destac\u00f3 que &#8220;ma\u00f1ana tenemos el Reviviendo Momentos del Ayer, dirigido a las personas mayores de la comuna. En el Estadio Techado a las 18 horas vamos a tener artistas locales como la agrupaci\u00f3n de m\u00fasicos y artistas del Loa y como cierre vamos a tener Adri\u00e1n y los dados negros. Lo ideal que puedan llegar temprano al recinto, porque la idea es hacer una gran fiesta llena de colorido, m\u00fasica y lindos recuerdos&#8221;.<\/p>\n\n\n\n<p>Cabe destacar, que esta actividad est\u00e1 inserta en el programa aniversario de Calama y adem\u00e1s, est\u00e1 actividad busca dar espacios a los adultos en iniciativas que permitan ser un espacio de esparcimiento, compa\u00f1erismo y diversi\u00f3n. &#8220;Este es una gran actividad que congrega a una cantidad importante de calame\u00f1os, por ello, hacemos el llamado a programarse y llegar temprano para que puedan disfrutar de la presencia de los artistas locales como tambi\u00e9n de Adri\u00e1n y Los Dados Negros, quienes vendr\u00e1n como invitados especiales en este cumplea\u00f1os de Calama&#8221;, argumento Alfaro.<\/p>\n\n\n\n<p>Informar, adem\u00e1s, que este fin de semana la Municipalidad de Calama tendr\u00e1 variadas actividades para las familias, destacando: &#8220;Encuentro Nacional de Break Dance. La Batalla del Desierto&#8221;; Desfile Ciudadano; Copa de Campeones, entre otros.<\/p>\n","protected":false},"excerpt":{"rendered":"<p>La actividad ser\u00e1 este viernes en el Estadio Techado a partir de las 18:00 horas. Con la presencia del artista internacional, Adri\u00e1n y los Dados Negros, se efectuar\u00e1 una nueva&hellip;<\/p>\n","protected":false},"author":1,"featured_media":21878,"comment_status":"closed","ping_status":"closed","sticky":false,"template":"","format":"standard","meta":{"_monsterinsights_skip_tracking":false,"_monsterinsights_sitenote_active":false,"_monsterinsights_sitenote_note":"","_monsterinsights_sitenote_category":0,"footnotes":""},"categories":[2221,219],"tags":[9882,4087,10646,3090,6454],"class_list":["post-21877","post","type-post","status-publish","format-standard","has-post-thumbnail","hentry","category-calama","category-cartelera","tag-adrian","tag-ayer","tag-dados","tag-momentos","tag-negros"],"_links":{"self":[{"href":"https:\/\/antofapop.cl\/index.php\/wp-json\/wp\/v2\/posts\/21877"}],"collection":[{"href":"https:\/\/antofapop.cl\/index.php\/wp-json\/wp\/v2\/posts"}],"about":[{"href":"https:\/\/antofapop.cl\/index.php\/wp-json\/wp\/v2\/types\/post"}],"author":[{"embeddable":true,"href":"https:\/\/antofapop.cl\/index.php\/wp-json\/wp\/v2\/users\/1"}],"replies":[{"embeddable":true,"href":"https:\/\/antofapop.cl\/index.php\/wp-json\/wp\/v2\/comments?post=21877"}],"version-history":[{"count":1,"href":"https:\/\/antofapop.cl\/index.php\/wp-json\/wp\/v2\/posts\/21877\/revisions"}],"predecessor-version":[{"id":21879,"href":"https:\/\/antofapop.cl\/index.php\/wp-json\/wp\/v2\/posts\/21877\/revisions\/21879"}],"wp:featuredmedia":[{"embeddable":true,"href":"https:\/\/antofapop.cl\/index.php\/wp-json\/wp\/v2\/media\/21878"}],"wp:attachment":[{"href":"https:\/\/antofapop.cl\/index.php\/wp-json\/wp\/v2\/media?parent=21877"}],"wp:term":[{"taxonomy":"category","embeddable":true,"href":"https:\/\/antofapop.cl\/index.php\/wp-json\/wp\/v2\/categories?post=21877"},{"taxonomy":"post_tag","embeddable":true,"href":"https:\/\/antofapop.cl\/index.php\/wp-json\/wp\/v2\/tags?post=21877"}],"curies":[{"name":"wp","href":"https:\/\/api.w.org\/{rel}","templated":true}]}}