{"id":21880,"date":"2026-03-13T02:42:36","date_gmt":"2026-03-12T23:42:36","guid":{"rendered":"https:\/\/antofapop.cl\/?p=21880"},"modified":"2026-03-13T02:42:37","modified_gmt":"2026-03-12T23:42:37","slug":"desfile-ciudadano-se-realizara-este-domingo","status":"publish","type":"post","link":"https:\/\/antofapop.cl\/index.php\/2026\/03\/13\/desfile-ciudadano-se-realizara-este-domingo\/","title":{"rendered":"Desfile Ciudadano se realizar\u00e1 este domingo"},"content":{"rendered":"<div class='booster-block booster-read-block'>\n                <div class=\"twp-read-time\">\n                \t<i class=\"booster-icon twp-clock\"><\/i> <span>Tiempo de Lectura:<\/span>1 Minutos, 30 Segundos                <\/div>\n\n            <\/div>\n<p><strong><em>La actividad forma parte del programa oficial del 147\u00b0 Aniversario de Calama y reunir\u00e1 a organizaciones pertenecientes a distintos sectores y rubros de la sociedad calame\u00f1a.<\/em><\/strong><\/p>\n\n\n\n<p>Este domingo 15 de marzo se realizar\u00e1 el gran Desfile Ciudadano en la Plaza H\u00e9roes de la Concepci\u00f3n, a partir de las 9:30 horas, con la participaci\u00f3n de cerca de 100 organizaciones de la comunidad calame\u00f1a, en una jornada cargada de orgullo comunal en el marco del 147\u00b0 Aniversario de Calama, actividad impulsada por la Ilustre Municipalidad de Calama, el Cuerpo de Concejales y sus corporaciones.<\/p>\n\n\n\n<p>Irene Alfaro, presidenta de la Comisi\u00f3n de Aniversario de la Municipalidad de Calama, se\u00f1al\u00f3 que &#8220;es una de las actividades m\u00e1s importantes del aniversario porque nos congregamos todos en torno a rendirle homenaje a nuestra ciudad. Vamos a tener como a\u00f1os anteriores una grader\u00eda para las personas que requieran estar sentadas porque el desfile es largo, pero van a participar todas las organizaciones de la ciudad. Las que dan vida y trabajan para Calama estar\u00e1n presente&#8221;.<\/p>\n\n\n\n<p>De esta manera, se estima que se superar\u00e1n las 100 organizaciones pertenecientes a distintos sectores y rubros de la sociedad calame\u00f1a, en una jornada cargada de orgullo local en el marco del 147\u00b0 Aniversario de Calama, instancia pensada para que toda la comunidad pueda asistir y ser parte de este gran evento en la Plaza H\u00e9roes de la Concepci\u00f3n, a partir de las 9:30 horas.<\/p>\n\n\n\n<p>En tanto, Alfaro destac\u00f3 el inter\u00e9s y la iniciativa de las agrupaciones por querer ser parte de este gran Desfile Ciudadano tras las convocatorias realizadas, agregando que aquellas organizaciones que a\u00fan deseen participar pueden realizar la solicitud a trav\u00e9s de los canales oficiales del Facebook de Dideco Calama, indicando el nombre de la instituci\u00f3n, una breve rese\u00f1a y la cantidad aproximada de personas que desfilar\u00edan.<\/p>\n","protected":false},"excerpt":{"rendered":"<p>La actividad forma parte del programa oficial del 147\u00b0 Aniversario de Calama y reunir\u00e1 a organizaciones pertenecientes a distintos sectores y rubros de la sociedad calame\u00f1a. Este domingo 15 de&hellip;<\/p>\n","protected":false},"author":1,"featured_media":21881,"comment_status":"closed","ping_status":"closed","sticky":false,"template":"","format":"standard","meta":{"_monsterinsights_skip_tracking":false,"_monsterinsights_sitenote_active":false,"_monsterinsights_sitenote_note":"","_monsterinsights_sitenote_category":0,"footnotes":""},"categories":[2221,9263],"tags":[7055,5282,776],"class_list":["post-21880","post","type-post","status-publish","format-standard","has-post-thumbnail","hentry","category-calama","category-sociedad","tag-ciudadano","tag-desfile","tag-domingo"],"_links":{"self":[{"href":"https:\/\/antofapop.cl\/index.php\/wp-json\/wp\/v2\/posts\/21880"}],"collection":[{"href":"https:\/\/antofapop.cl\/index.php\/wp-json\/wp\/v2\/posts"}],"about":[{"href":"https:\/\/antofapop.cl\/index.php\/wp-json\/wp\/v2\/types\/post"}],"author":[{"embeddable":true,"href":"https:\/\/antofapop.cl\/index.php\/wp-json\/wp\/v2\/users\/1"}],"replies":[{"embeddable":true,"href":"https:\/\/antofapop.cl\/index.php\/wp-json\/wp\/v2\/comments?post=21880"}],"version-history":[{"count":1,"href":"https:\/\/antofapop.cl\/index.php\/wp-json\/wp\/v2\/posts\/21880\/revisions"}],"predecessor-version":[{"id":21882,"href":"https:\/\/antofapop.cl\/index.php\/wp-json\/wp\/v2\/posts\/21880\/revisions\/21882"}],"wp:featuredmedia":[{"embeddable":true,"href":"https:\/\/antofapop.cl\/index.php\/wp-json\/wp\/v2\/media\/21881"}],"wp:attachment":[{"href":"https:\/\/antofapop.cl\/index.php\/wp-json\/wp\/v2\/media?parent=21880"}],"wp:term":[{"taxonomy":"category","embeddable":true,"href":"https:\/\/antofapop.cl\/index.php\/wp-json\/wp\/v2\/categories?post=21880"},{"taxonomy":"post_tag","embeddable":true,"href":"https:\/\/antofapop.cl\/index.php\/wp-json\/wp\/v2\/tags?post=21880"}],"curies":[{"name":"wp","href":"https:\/\/api.w.org\/{rel}","templated":true}]}}