{"id":21889,"date":"2026-03-13T03:14:50","date_gmt":"2026-03-13T00:14:50","guid":{"rendered":"https:\/\/antofapop.cl\/?p=21889"},"modified":"2026-03-13T03:14:51","modified_gmt":"2026-03-13T00:14:51","slug":"de-la-calle-al-escenario-jovenes-musicos-ganan-espacio-gracias-a-apoyo-de-centro-comercial-caracol","status":"publish","type":"post","link":"https:\/\/antofapop.cl\/index.php\/2026\/03\/13\/de-la-calle-al-escenario-jovenes-musicos-ganan-espacio-gracias-a-apoyo-de-centro-comercial-caracol\/","title":{"rendered":"De la calle al escenario: j\u00f3venes m\u00fasicos ganan espacio gracias a apoyo de Centro Comercial Caracol"},"content":{"rendered":"<div class='booster-block booster-read-block'>\n                <div class=\"twp-read-time\">\n                \t<i class=\"booster-icon twp-clock\"><\/i> <span>Tiempo de Lectura:<\/span>1 Minutos, 5 Segundos                <\/div>\n\n            <\/div>\n<p>Un grupo de j\u00f3venes m\u00fasicos que sol\u00eda interpretar sus canciones en las calles de Antofagasta ha comenzado a abrirse camino en distintos escenarios de la ciudad, luego de recibir el impulso del centro comercial Caracol, que decidi\u00f3 apoyarlos como parte de su rol de promoci\u00f3n de talentos locales.<\/p>\n\n\n\n<p>Fue en diciembre de 2024 cuando los j\u00f3venes fueron invitados a presentarse por primera vez en el escenario del recinto, instancia que permiti\u00f3 darlos a conocer ante un p\u00fablico m\u00e1s amplio. Desde entonces, su m\u00fasica ha despertado inter\u00e9s en distintos espacios de la ciudad, siendo convocados para presentaciones en actividades del Auto Club y en el Mall Plaza Antofagasta, entre otros lugares.<\/p>\n\n\n\n<p>Pese a este nuevo reconocimiento, los m\u00fasicos mantienen el esp\u00edritu con el que comenzaron y siguen disfrutando de tocar en la calle, donde conectan directamente con la gente. Incluso, en algunas ocasiones han debido retirarse del lugar cuando personal policial les solicita despejar el sector, algo que ellos asumen como parte de la experiencia y la adrenalina de presentarse en espacios abiertos.<\/p>\n\n\n\n<p>En Caracol aseguran que los j\u00f3venes ya son parte de la familia del lugar. De hecho, recientemente volvieron a presentarse en el recinto, donde los consideran \u201cahijados caracolinos\u201d, reafirmando el compromiso del espacio con el desarrollo y la visibilizaci\u00f3n de artistas emergentes de la regi\u00f3n. \ud83c\udfb6<\/p>\n","protected":false},"excerpt":{"rendered":"<p>Un grupo de j\u00f3venes m\u00fasicos que sol\u00eda interpretar sus canciones en las calles de Antofagasta ha comenzado a abrirse camino en distintos escenarios de la ciudad, luego de recibir el&hellip;<\/p>\n","protected":false},"author":1,"featured_media":21890,"comment_status":"closed","ping_status":"closed","sticky":false,"template":"","format":"standard","meta":{"_monsterinsights_skip_tracking":false,"_monsterinsights_sitenote_active":false,"_monsterinsights_sitenote_note":"","_monsterinsights_sitenote_category":0,"footnotes":""},"categories":[2,178],"tags":[277,1207,6141,903,2175,1641,578,81,707,8],"class_list":["post-21889","post","type-post","status-publish","format-standard","has-post-thumbnail","hentry","category-antofagasta","category-arte-cultura","tag-apoyo","tag-calle","tag-caracol","tag-centro","tag-comercial","tag-escenario","tag-espacio","tag-gracias","tag-jovenes","tag-musicos"],"_links":{"self":[{"href":"https:\/\/antofapop.cl\/index.php\/wp-json\/wp\/v2\/posts\/21889"}],"collection":[{"href":"https:\/\/antofapop.cl\/index.php\/wp-json\/wp\/v2\/posts"}],"about":[{"href":"https:\/\/antofapop.cl\/index.php\/wp-json\/wp\/v2\/types\/post"}],"author":[{"embeddable":true,"href":"https:\/\/antofapop.cl\/index.php\/wp-json\/wp\/v2\/users\/1"}],"replies":[{"embeddable":true,"href":"https:\/\/antofapop.cl\/index.php\/wp-json\/wp\/v2\/comments?post=21889"}],"version-history":[{"count":1,"href":"https:\/\/antofapop.cl\/index.php\/wp-json\/wp\/v2\/posts\/21889\/revisions"}],"predecessor-version":[{"id":21891,"href":"https:\/\/antofapop.cl\/index.php\/wp-json\/wp\/v2\/posts\/21889\/revisions\/21891"}],"wp:featuredmedia":[{"embeddable":true,"href":"https:\/\/antofapop.cl\/index.php\/wp-json\/wp\/v2\/media\/21890"}],"wp:attachment":[{"href":"https:\/\/antofapop.cl\/index.php\/wp-json\/wp\/v2\/media?parent=21889"}],"wp:term":[{"taxonomy":"category","embeddable":true,"href":"https:\/\/antofapop.cl\/index.php\/wp-json\/wp\/v2\/categories?post=21889"},{"taxonomy":"post_tag","embeddable":true,"href":"https:\/\/antofapop.cl\/index.php\/wp-json\/wp\/v2\/tags?post=21889"}],"curies":[{"name":"wp","href":"https:\/\/api.w.org\/{rel}","templated":true}]}}