{"id":21900,"date":"2026-03-14T23:16:40","date_gmt":"2026-03-14T20:16:40","guid":{"rendered":"https:\/\/antofapop.cl\/?p=21900"},"modified":"2026-03-16T03:47:01","modified_gmt":"2026-03-16T00:47:01","slug":"isl-informa-los-beneficios-del-seguro-escolar","status":"publish","type":"post","link":"https:\/\/antofapop.cl\/index.php\/2026\/03\/14\/isl-informa-los-beneficios-del-seguro-escolar\/","title":{"rendered":"ISL informa los beneficios del Seguro Escolar"},"content":{"rendered":"<div class='booster-block booster-read-block'>\n                <div class=\"twp-read-time\">\n                \t<i class=\"booster-icon twp-clock\"><\/i> <span>Tiempo de Lectura:<\/span>2 Minutos, 11 Segundos                <\/div>\n\n            <\/div>\n<p><strong><em>En el marco del regreso a clases el Instituto de Seguridad Laboral (ISL) de Antofagasta dio a conocer los beneficios del Seguro Escolar que otorga prestaciones m\u00e9dicas y econ\u00f3micas gratuitas a los estudiantes en caso de accidentes.<\/em><\/strong>\u00a0<\/p>\n\n\n\n<p>La seremi del Trabajo y Previsi\u00f3n Social, Camila Cort\u00e9s Ruiz, explic\u00f3 que \u201cel Seguro Escolar es un derecho que protege a todas y todos los estudiantes regulares de establecimientos reconocidos por el Estado, desde la educaci\u00f3n parvularia a la ense\u00f1anza superior frente a accidentes o lesiones que ocurran a causa o con ocasi\u00f3n de sus estudios, incluyendo el trayecto entre su domicilio y el lugar de estudios o pr\u00e1ctica profesional\u201d.<\/p>\n\n\n\n<p>Para activar este seguro la atenci\u00f3n debe ser en cualquier establecimiento de la Red de Salud P\u00fablica. En el caso de un accidente escolar de trayecto, se debe acreditar con un parte de Carabineros, declaraci\u00f3n de testigos o cualquier otro medio de prueba, igualmente v\u00e1lido.<\/p>\n\n\n\n<p>La directora regional del ISL, Marcela Osorio Valenzuela, manifest\u00f3 que \u201ceste a\u00f1o tenemos un desaf\u00edo urgente, que es disminuir la ocurrencia de accidentes escolares mediante planes de prevenci\u00f3n robustos. Esto implica fortalecer el rol de los equipos directivos, capacitar a docentes y asistentes de la educaci\u00f3n, involucrar a estudiantes y familias, y consolidar el trabajo intersectorial en el territorio\u201d.<\/p>\n\n\n\n<p>Agreg\u00f3 que de esta forma \u201ccomo ISL, reforzamos el compromiso regional con la seguridad y la prevenci\u00f3n. Una comunidad informada es una comunidad protegida. Por ello, volcamos nuestros esfuerzos en fortalecer el trabajo conjunto con el Servicio de Salud y las escuelas de nuestra regi\u00f3n, con la mirada puesta en un 2026 m\u00e1s seguro para todos\u201d.<\/p>\n\n\n\n<p><strong>Cobertura<\/strong><\/p>\n\n\n\n<p>Cabe destacar que este seguro es administrado por el Sistema Nacional de Salud, que otorga las prestaciones m\u00e9dicas y el Instituto de Seguridad Laboral (ISL) a cargo de las prestaciones econ\u00f3micas. Dentro de la cobertura destaca atenci\u00f3n m\u00e9dica, quir\u00fargica y dental, hospitalizaciones, en los casos que fuera necesario. Medicamentos y productos farmac\u00e9uticos. Pr\u00f3tesis y aparatos ortop\u00e9dicos, incluidas las reparaciones. Gastos de traslado y\/o cualquier otro necesario para poder recibir estas prestaciones.<\/p>\n\n\n\n<p>Este seguro tambi\u00e9n puede otorgar cobertura econ\u00f3mica, donde se encuentra la pensi\u00f3n de invalidez o de supervivencia, tanto de manera permanente o temporal para la o el estudiante afectado. Adem\u00e1s de la cuota mortuoria, en caso de fallecimiento de la o el estudiante.<\/p>\n\n\n\n<p>Este seguro est\u00e1 dirigido a estudiantes regulares de establecimientos educacionales p\u00fablicos, municipales, particulares-subvencionados y particulares no subvencionados, incluyendo niveles de educaci\u00f3n parvularia, b\u00e1sica, media, t\u00e9cnica, comercial, industrial, institutos profesionales, centros de formaci\u00f3n t\u00e9cnica y universidades reconocidas por el Estado. La cobertura inicia desde la matr\u00edcula y excluye los periodos de vacaciones.<\/p>\n","protected":false},"excerpt":{"rendered":"<p>En el marco del regreso a clases el Instituto de Seguridad Laboral (ISL) de Antofagasta dio a conocer los beneficios del Seguro Escolar que otorga prestaciones m\u00e9dicas y econ\u00f3micas gratuitas&hellip;<\/p>\n","protected":false},"author":1,"featured_media":21901,"comment_status":"closed","ping_status":"closed","sticky":false,"template":"","format":"standard","meta":{"_monsterinsights_skip_tracking":false,"_monsterinsights_sitenote_active":false,"_monsterinsights_sitenote_note":"","_monsterinsights_sitenote_category":0,"footnotes":""},"categories":[5474,2405],"tags":[6627,3766,10399,630],"class_list":["post-21900","post","type-post","status-publish","format-standard","has-post-thumbnail","hentry","category-educacion","category-region","tag-beneficios","tag-escolar","tag-isl","tag-seguro"],"_links":{"self":[{"href":"https:\/\/antofapop.cl\/index.php\/wp-json\/wp\/v2\/posts\/21900"}],"collection":[{"href":"https:\/\/antofapop.cl\/index.php\/wp-json\/wp\/v2\/posts"}],"about":[{"href":"https:\/\/antofapop.cl\/index.php\/wp-json\/wp\/v2\/types\/post"}],"author":[{"embeddable":true,"href":"https:\/\/antofapop.cl\/index.php\/wp-json\/wp\/v2\/users\/1"}],"replies":[{"embeddable":true,"href":"https:\/\/antofapop.cl\/index.php\/wp-json\/wp\/v2\/comments?post=21900"}],"version-history":[{"count":1,"href":"https:\/\/antofapop.cl\/index.php\/wp-json\/wp\/v2\/posts\/21900\/revisions"}],"predecessor-version":[{"id":21902,"href":"https:\/\/antofapop.cl\/index.php\/wp-json\/wp\/v2\/posts\/21900\/revisions\/21902"}],"wp:featuredmedia":[{"embeddable":true,"href":"https:\/\/antofapop.cl\/index.php\/wp-json\/wp\/v2\/media\/21901"}],"wp:attachment":[{"href":"https:\/\/antofapop.cl\/index.php\/wp-json\/wp\/v2\/media?parent=21900"}],"wp:term":[{"taxonomy":"category","embeddable":true,"href":"https:\/\/antofapop.cl\/index.php\/wp-json\/wp\/v2\/categories?post=21900"},{"taxonomy":"post_tag","embeddable":true,"href":"https:\/\/antofapop.cl\/index.php\/wp-json\/wp\/v2\/tags?post=21900"}],"curies":[{"name":"wp","href":"https:\/\/api.w.org\/{rel}","templated":true}]}}