{"id":22264,"date":"2026-04-27T00:24:40","date_gmt":"2026-04-26T21:24:40","guid":{"rendered":"https:\/\/antofapop.cl\/?p=22264"},"modified":"2026-04-27T00:24:41","modified_gmt":"2026-04-26T21:24:41","slug":"estrenan-documental-sobre-el-patrimonio-cultural-del-pueblo-chango","status":"publish","type":"post","link":"https:\/\/antofapop.cl\/index.php\/2026\/04\/27\/estrenan-documental-sobre-el-patrimonio-cultural-del-pueblo-chango\/","title":{"rendered":"Estrenan documental sobre el patrimonio cultural del pueblo Chango"},"content":{"rendered":"<div class='booster-block booster-read-block'>\n                <div class=\"twp-read-time\">\n                \t<i class=\"booster-icon twp-clock\"><\/i> <span>Tiempo de Lectura:<\/span>2 Minutos, 31 Segundos                <\/div>\n\n            <\/div>\n<p>En el Teatro Andr\u00e9s P\u00e9rez de Tocopilla se estren\u00f3 el documental \u2018La cultura Camanchaca a trav\u00e9s de Julio Ramos L\u00f3pez\u2019, segundo cap\u00edtulo de la serie patrimonial educativa \u2018Conozcamos nuestro patrimonio\u2019, producida por Chepo Animaci\u00f3n y financiada por el Fondo del Patrimonio Cultural 2024, del Servicio Nacional del Patrimonio Cultural.<\/p>\n\n\n\n<p>El documental se produjo en las caletas de Tocopilla con el fin de generar un material did\u00e1ctico sobre el patrimonio de la cultura de los Changos, pueblo originario de las costas del norte de Chile. Seg\u00fan el censo de 2017, unas 4.725 personas se autorreconocieron parte de este pueblo originario, siendo la regi\u00f3n de Antofagasta la que concentra m\u00e1s del 60% de esa poblaci\u00f3n.&nbsp;<\/p>\n\n\n\n<p>En el estreno estuvieron presentes Daniel Canto y Sof\u00eda Quir\u00f3s, directores del documental, Julio Ramos, protagonista del relato, y cont\u00f3 con la asistencia de familias de las caletas de la costa tocopillana, profesores y profesoras, y profesionales del arte y la cultura.<\/p>\n\n\n\n<p>A lo largo de los 25 minutos que dura el documental, Julio Ramos, pescador artesanal Chango que habita la hist\u00f3rica caleta de Cobija, va narrando aspectos de la cultura Camanchaca desde tiempos pret\u00e9ritos hasta nuestros d\u00edas, dando cuenta del desarrollo t\u00e9cnico y la particularidad de esta cultura.<\/p>\n\n\n\n<p>Lo novedoso de este material es la aparici\u00f3n de escenas animadas en <em>stop motion<\/em>, creadas por las propias comunidades de Caleta Buena, Caleta Ind\u00edgena y Cobija, en instancias de talleres dirigidos por el equipo de Chepo Animaci\u00f3n.&nbsp;<\/p>\n\n\n\n<p>Para Daniel Canto, codirector del documental, \u201ceste trabajo permite visibilizar y sintetizar mucha informaci\u00f3n dispersa de la cultura Camanchaca en la provincia de Tocopilla, lo relevante es que este trabajo est\u00e1 creado en el territorio y desde las propias comunidades, y familias de pescadores y trabajadores de la costa. Adem\u00e1s, es importante recalcar que este material did\u00e1ctico incluye una gu\u00eda de preguntas y consignas para trabajar en instancias educativas en todas las escuelas de la regi\u00f3n\u201d.<\/p>\n\n\n\n<p>Mientras Camila Collante, profesora de ingl\u00e9s e interculturalidad de Tocopilla, se\u00f1al\u00f3 que se trata de \u201cun material audiovisual muy did\u00e1ctico y \u00fatil para promover y ense\u00f1ar sobre el pueblo Camanchaco que habit\u00f3 aqu\u00ed en la regi\u00f3n, considerando que en la asignatura que yo imparto no hay materiales, no hay recursos, entonces esto es muy pertinente para ense\u00f1ar desde los m\u00e1s peque\u00f1os hasta incluso nosotros los m\u00e1s adultos\u201d.<\/p>\n\n\n\n<p>En tanto Patricio Ch\u00e1vez, reconocido artista y educador tocopillano, se\u00f1al\u00f3 que este documental \u201ces un gran aporte tanto para la educaci\u00f3n, las escuelas, como para las comunidades que viven en la costa y tambi\u00e9n para toda la sociedad chilena, para conocer un poco m\u00e1s sobre el pueblo Camanchaco. Sirve para conocer m\u00e1s sobre sus vivencias y c\u00f3mo tratan de sobrevivir en el mundo actual\u201d.<\/p>\n\n\n\n<p>El documental educativo ser\u00e1 subido al canal de You Tube de Chepo Animaci\u00f3n y en el marzo se realizar\u00e1n instancias de mediaci\u00f3n en establecimientos educativos de Tocopilla, como tambi\u00e9n de Antofagasta. En el mismo canal se puede ver el primer cap\u00edtulo de la serie, dedicado a la Iglesia de Chiu-Chiu y su fabriquera.<\/p>\n","protected":false},"excerpt":{"rendered":"<p>En el Teatro Andr\u00e9s P\u00e9rez de Tocopilla se estren\u00f3 el documental \u2018La cultura Camanchaca a trav\u00e9s de Julio Ramos L\u00f3pez\u2019, segundo cap\u00edtulo de la serie patrimonial educativa \u2018Conozcamos nuestro patrimonio\u2019,&hellip;<\/p>\n","protected":false},"author":2,"featured_media":22265,"comment_status":"closed","ping_status":"closed","sticky":false,"template":"","format":"standard","meta":{"_monsterinsights_skip_tracking":false,"_monsterinsights_sitenote_active":false,"_monsterinsights_sitenote_note":"","_monsterinsights_sitenote_category":0,"footnotes":""},"categories":[123,2241],"tags":[783,614,481,193,47,3583],"class_list":["post-22264","post","type-post","status-publish","format-standard","has-post-thumbnail","hentry","category-cine-tv-y-teatro","category-tocopilla","tag-chango","tag-cultural","tag-documental","tag-patrimonio","tag-pueblo","tag-sobre"],"_links":{"self":[{"href":"https:\/\/antofapop.cl\/index.php\/wp-json\/wp\/v2\/posts\/22264"}],"collection":[{"href":"https:\/\/antofapop.cl\/index.php\/wp-json\/wp\/v2\/posts"}],"about":[{"href":"https:\/\/antofapop.cl\/index.php\/wp-json\/wp\/v2\/types\/post"}],"author":[{"embeddable":true,"href":"https:\/\/antofapop.cl\/index.php\/wp-json\/wp\/v2\/users\/2"}],"replies":[{"embeddable":true,"href":"https:\/\/antofapop.cl\/index.php\/wp-json\/wp\/v2\/comments?post=22264"}],"version-history":[{"count":1,"href":"https:\/\/antofapop.cl\/index.php\/wp-json\/wp\/v2\/posts\/22264\/revisions"}],"predecessor-version":[{"id":22266,"href":"https:\/\/antofapop.cl\/index.php\/wp-json\/wp\/v2\/posts\/22264\/revisions\/22266"}],"wp:featuredmedia":[{"embeddable":true,"href":"https:\/\/antofapop.cl\/index.php\/wp-json\/wp\/v2\/media\/22265"}],"wp:attachment":[{"href":"https:\/\/antofapop.cl\/index.php\/wp-json\/wp\/v2\/media?parent=22264"}],"wp:term":[{"taxonomy":"category","embeddable":true,"href":"https:\/\/antofapop.cl\/index.php\/wp-json\/wp\/v2\/categories?post=22264"},{"taxonomy":"post_tag","embeddable":true,"href":"https:\/\/antofapop.cl\/index.php\/wp-json\/wp\/v2\/tags?post=22264"}],"curies":[{"name":"wp","href":"https:\/\/api.w.org\/{rel}","templated":true}]}}