{"id":22267,"date":"2026-04-27T00:43:51","date_gmt":"2026-04-26T21:43:51","guid":{"rendered":"https:\/\/antofapop.cl\/?p=22267"},"modified":"2026-04-27T00:43:52","modified_gmt":"2026-04-26T21:43:52","slug":"hospital-enfrentara-campana-de-invierno-con-compra-de-servicios-y-llegada-de-urgenciologos","status":"publish","type":"post","link":"https:\/\/antofapop.cl\/index.php\/2026\/04\/27\/hospital-enfrentara-campana-de-invierno-con-compra-de-servicios-y-llegada-de-urgenciologos\/","title":{"rendered":"Hospital enfrentar\u00e1 campa\u00f1a de invierno con compra de servicios y llegada de Urgenci\u00f3logos"},"content":{"rendered":"<div class='booster-block booster-read-block'>\n                <div class=\"twp-read-time\">\n                \t<i class=\"booster-icon twp-clock\"><\/i> <span>Tiempo de Lectura:<\/span>4 Minutos, 0 Segundos                <\/div>\n\n            <\/div>\n<p><strong><em>Al llegar los recursos destinados para contingencia, se reforzar\u00e1n todas las \u00e1reas desde mayo a septiembre. El recinto reitera el llamado al autocuidado ante enfermedades respiratorias.<\/em><\/strong><\/p>\n\n\n\n<p>El Hospital de Calama Dr. Carlos Cisternas, le dio el vamos a la estrategia para enfrentar la Campa\u00f1a de Invierno 2026, articulando acciones para agilizar la atenci\u00f3n de todas sus \u00e1reas, pero principalmente de la Unidad de Urgencias. Para eso, se est\u00e1 haciendo la compra de servicios para cubrir prestaci\u00f3n como la de pediatr\u00eda y a eso se le suma la incorporaci\u00f3n de m\u00e9dicos urgenci\u00f3logos.<\/p>\n\n\n\n<p>&#8220;El \u00e1rea de Urgencias, es una Unidad cr\u00edtica, al ser la &#8220;ventana&#8221; del hospital. Por lo tanto, siempre estamos expuestos a bastantes presiones en ese \u00e1mbito. Nosotros hicimos una reingenier\u00eda de los procesos sanitarios en urgencias, con la incorporaci\u00f3n del m\u00e9dico urgenci\u00f3logo y hay que mencionar el escenario que ten\u00edamos en diciembre, en que hab\u00eda esperado, hasta 40 pacientes en la Unidad de Urgencia todos los d\u00edas por una cama en hospitalizaci\u00f3n, lo que hab\u00eda sobrecargado demasiado la atenci\u00f3n y adem\u00e1s bloqueaba la atenci\u00f3n hacia afuera, aumentando as\u00ed la demora. Eso ha disminuido sustancialmente. Hoy en d\u00eda, normalmente, tenemos en promedio de 4 a 5 pacientes diarios, por lo tanto, es bastante m\u00e1s manejable&#8221;, indic\u00f3 el director (s) del HCC, el m\u00e9dico Patricio Toro Erbetta.<\/p>\n\n\n\n<p>En cuanto a esta nueva estrategia, se destaca la compra de servicios como: de pediatr\u00eda y la llegada de m\u00e1s urgenci\u00f3logos, que tendr\u00e1n la labor de disminuir tiempos de espera y por supuesto, dar la atenci\u00f3n que requieren los pacientes. Toro a\u00f1adi\u00f3: &#8220;Hemos mejorado la gesti\u00f3n cl\u00ednica del servicio, por lo tanto, tambi\u00e9n eso mejora los tiempos, mejora la resoluci\u00f3n y la seguridad de los pacientes. Y vamos a incorporar especialistas en urgenciolog\u00eda y en pediatr\u00eda, para reforzar la unidad y seguir trayendo el mejor servicio a la comunidad&#8221;.<\/p>\n\n\n\n<p>El Hospital de Calama tiene autorizada 12 camas de Pacientes Cr\u00edticos (UPC) en el primer piso y 6 en el segundo piso. Las cuales se activar\u00e1n a su m\u00e1xima capacidad cuando ya estemos frente a la contingencia invernal. &#8220;En ese mismo espacio hay 5 camas m\u00e1s que nosotros las tenemos bloqueadas en forma permanente por falta de recursos humanos, pero en relaci\u00f3n con la Campa\u00f1a de Invierno que nos inyectan personal, nosotros aprovechamos de abrir esas camas como camas medias. Una vez agotados los recursos de campa\u00f1a de invierno, evidentemente esas camas ya no se pueden utilizar, por lo tanto, se dejan de utilizar hasta la nueva campa\u00f1a. No obstante, la comunidad tiene que estar tranquila, el hospital cuenta con los requerimientos que necesita la poblaci\u00f3n. Nosotros tambi\u00e9n tenemos que ir acomodando los recursos dependiendo de las necesidades que var\u00edan en invierno, por lo tanto, en invierno aumentamos las camas medias, no cr\u00edticas del hospital, y esas son las camas que podemos tener esa elasticidad e ir cambi\u00e1ndolas, abri\u00e9ndola o cerr\u00e1ndola&#8221;, agreg\u00f3 el m\u00e9dico.<\/p>\n\n\n\n<p>El director (s) adem\u00e1s se\u00f1al\u00f3 el trabajo que se mantiene activado desde hace semanas, tanto con la red de salud local y con el Servicio de Salud de la Regi\u00f3n de Antofagasta: &#8220;Todos los a\u00f1os se hace una campa\u00f1a invierno que, a nivel nacional, se inyecta recursos, para personal de salud b\u00e1sicamente, para las Unidades Cr\u00edticas, Laboratorios y Urgencias. Se inyecta cargos para contratar personal m\u00e9dico y param\u00e9dico para estos fines. Y esto ya viene de mayo a septiembre, son un par de meses que aprovechamos estos recursos. Y nosotros una vez que lleguen los recursos empezamos a distribuirlos en estas respectivas unidades&#8221;.<\/p>\n\n\n\n<p>Desde el recinto, hacen hincapi\u00e9 en el autocuidado de la comunidad, para evitar llegar con cuadros de gravedad y as\u00ed aumentar la aglomeraci\u00f3n de pacientes. Por lo mismo, se reitera el llamado de todos los a\u00f1os, lavarse las manos reiteradamente, ocupar mascarilla cuando haya s\u00edntomas de enfermedades respiratorias, aislarse de la poblaci\u00f3n vulnerable cuando est\u00e9n enfermos y sumarse a la vacunaci\u00f3n. Junto a eso, se vuelve a pedir el buen uso de la Unidad de Urgencias.<\/p>\n\n\n\n<p>&#8220;La Unidad de Urgencias del Hospital, son para tratar casos de mayor gravedad. Los pacientes que ingresan no se les rechazar\u00e1 a ninguno, pero los categorizan seg\u00fan su requerimiento en 5 niveles. Los categorizados en 3, 2 y 1, son los principales pacientes que deber\u00edan ser atendidos en el hospital y en ello debemos enfocar todo el esfuerzo. Por lo tanto, las personas que tengan patolog\u00edas de menor complejidad (4 y 5), de menor gravedad, deben atenderse en su consultorio, en la extensi\u00f3n horaria o en los SAPU respectivos, para no congestionar el HCC, ya que eso complejiza todo el sistema&#8221;, especific\u00f3 Toro.<\/p>\n\n\n\n<p>Con estas medidas el HCC, busca optimizar todos sus procesos, sobre todo en esta nueva contingencia invernal, para asegurar la atenci\u00f3n adecuada de los pacientes y mantener la capacidad de respuesta frente a una posible demanda de atenci\u00f3n.<\/p>\n","protected":false},"excerpt":{"rendered":"<p>Al llegar los recursos destinados para contingencia, se reforzar\u00e1n todas las \u00e1reas desde mayo a septiembre. El recinto reitera el llamado al autocuidado ante enfermedades respiratorias. El Hospital de Calama&hellip;<\/p>\n","protected":false},"author":2,"featured_media":22268,"comment_status":"closed","ping_status":"closed","sticky":false,"template":"","format":"standard","meta":{"_monsterinsights_skip_tracking":false,"_monsterinsights_sitenote_active":false,"_monsterinsights_sitenote_note":"","_monsterinsights_sitenote_category":0,"footnotes":""},"categories":[2221,6698],"tags":[223,5466,5626,150,1705,1561,10723],"class_list":["post-22267","post","type-post","status-publish","format-standard","has-post-thumbnail","hentry","category-calama","category-salud","tag-campana","tag-compra","tag-hospital","tag-invierno","tag-llegada","tag-servicios","tag-urgenciologos"],"_links":{"self":[{"href":"https:\/\/antofapop.cl\/index.php\/wp-json\/wp\/v2\/posts\/22267"}],"collection":[{"href":"https:\/\/antofapop.cl\/index.php\/wp-json\/wp\/v2\/posts"}],"about":[{"href":"https:\/\/antofapop.cl\/index.php\/wp-json\/wp\/v2\/types\/post"}],"author":[{"embeddable":true,"href":"https:\/\/antofapop.cl\/index.php\/wp-json\/wp\/v2\/users\/2"}],"replies":[{"embeddable":true,"href":"https:\/\/antofapop.cl\/index.php\/wp-json\/wp\/v2\/comments?post=22267"}],"version-history":[{"count":1,"href":"https:\/\/antofapop.cl\/index.php\/wp-json\/wp\/v2\/posts\/22267\/revisions"}],"predecessor-version":[{"id":22269,"href":"https:\/\/antofapop.cl\/index.php\/wp-json\/wp\/v2\/posts\/22267\/revisions\/22269"}],"wp:featuredmedia":[{"embeddable":true,"href":"https:\/\/antofapop.cl\/index.php\/wp-json\/wp\/v2\/media\/22268"}],"wp:attachment":[{"href":"https:\/\/antofapop.cl\/index.php\/wp-json\/wp\/v2\/media?parent=22267"}],"wp:term":[{"taxonomy":"category","embeddable":true,"href":"https:\/\/antofapop.cl\/index.php\/wp-json\/wp\/v2\/categories?post=22267"},{"taxonomy":"post_tag","embeddable":true,"href":"https:\/\/antofapop.cl\/index.php\/wp-json\/wp\/v2\/tags?post=22267"}],"curies":[{"name":"wp","href":"https:\/\/api.w.org\/{rel}","templated":true}]}}