{"id":22296,"date":"2026-04-29T03:11:04","date_gmt":"2026-04-29T00:11:04","guid":{"rendered":"https:\/\/antofapop.cl\/?p=22296"},"modified":"2026-04-29T03:11:39","modified_gmt":"2026-04-29T00:11:39","slug":"comienza-la-ix-version-de-la-semana-de-la-danza-que-realiza-la-escuela-de-ballet-de-la-corporacion-cultural","status":"publish","type":"post","link":"https:\/\/antofapop.cl\/index.php\/2026\/04\/29\/comienza-la-ix-version-de-la-semana-de-la-danza-que-realiza-la-escuela-de-ballet-de-la-corporacion-cultural\/","title":{"rendered":"Comienza la IX versi\u00f3n de la \u201cSemana de la Danza\u201d que realiza la Escuela de Ballet de la Corporaci\u00f3n Cultural"},"content":{"rendered":"<div class='booster-block booster-read-block'>\n                <div class=\"twp-read-time\">\n                \t<i class=\"booster-icon twp-clock\"><\/i> <span>Tiempo de Lectura:<\/span>2 Minutos, 18 Segundos                <\/div>\n\n            <\/div>\n<p><strong><em>Actividades consideran una muestra de compa\u00f1\u00edas locales y una gran gala de ballet<\/em><\/strong>.<\/p>\n\n\n\n<p>Con la participaci\u00f3n de compa\u00f1\u00eda locales y con una gran gala de ballet, la Escuela de Ballet de la Corporaci\u00f3n Cultural de Antofagasta, realizar\u00e1 la IX versi\u00f3n de la Semana de la Danza, la cual se enmarca en la conmemoraci\u00f3n del D\u00eda Internacional de la Danza que fue instaurado el a\u00f1o 1982 por la Unesco, en homenaje al natalicio de Jean-Georges Noverre, core\u00f3grafo franc\u00e9s considerado como el creador del ballet moderno.<\/p>\n\n\n\n<p>Es en ese contexto que cada a\u00f1o la Escuela de Ballet de la Corporaci\u00f3n Cultural de Antofagasta conmemora esta fecha con un programa de actividades abiertas a la comunidad y estudiantes, que tienen como objetivo difundir y motivar la participaci\u00f3n y formaci\u00f3n de la danza en Antofagasta y comunas de la regi\u00f3n.<\/p>\n\n\n\n<p>Al respecto, Carolyn Galarce, Directora de la Escuela de Ballet CCA, explic\u00f3 que \u201cel programa del \u201cD\u00eda Internacional de la Danza\u201d, comenzar\u00e1 este martes 28 de abril con una muestra de agrupaciones locales, entre las que destacan Kallpa Latinoam\u00e9rica, Danzarte, Danzama, Club de Cueca Norte Grande y Escuela Marcela Jara, las cuales presentar\u00e1n cuadros de baile en los que mostrar\u00e1n el trabajo que realizan\u201d.<\/p>\n\n\n\n<p>\u201cPosteriormente, el jueves 30 de mayo a partir de las 19:00 horas en el Teatro Municipal, las y los alumnos m\u00e1s avanzados, junto a los profesores de la Escuela de Ballet de nuestra Corporaci\u00f3n Cultural, presentar\u00e1n \u201cLa Fille Mal Gard\u00e9e\u201d, una de las obras m\u00e1s reconocidas del repertorio cl\u00e1sico del ballet, con la cual queremos poner en valor el trabajo art\u00edstico y t\u00e9cnico desarrollado en el proceso formativo que impulsamos como escuela. Es un montaje, que refleja el crecimiento esc\u00e9nico de sus int\u00e9rpretes y reafirma el compromiso de la Escuela con la formaci\u00f3n integral, la excelencia art\u00edstica y la vinculaci\u00f3n con la comunidad a trav\u00e9s del ballet\u201d, concluy\u00f3 la Directora de la Escuela de Ballet CCA.<\/p>\n\n\n\n<p>Las actividades de la \u201cSemana de la Danza 2026\u201d, consideran funciones abiertas a la comunidad y estudiantes, y tienen el prop\u00f3sito es promover y visibilizar el talento de las principales compa\u00f1\u00edas, academias y escuelas de danza de nuestra regi\u00f3n, fomentando la pr\u00e1ctica, ense\u00f1anza y difusi\u00f3n de los diversos estilos y expresiones de esta disciplina art\u00edstica.&nbsp;<\/p>\n\n\n\n<p>En ese sentido, desde la Escuela de Ballet CCA, realizaron una invitaci\u00f3n a la comunidad, estudiantes y apoderados para participen de las actividades programadas para el \u201cSemana de la Danza 2026\u201d, que se enmarcan en los lineamientos formativos de la Corporaci\u00f3n Cultural de Antofagasta orientados a impulsar el surgimiento de nuevos valores a trav\u00e9s de sus Escuelas de Ballet, M\u00fasica, y Academia de Teatro, junto con fomentar el arte y la cultura en la ciudad a trav\u00e9s de la ense\u00f1anza y difusi\u00f3n de esta disciplina art\u00edstica.<\/p>\n","protected":false},"excerpt":{"rendered":"<p>Actividades consideran una muestra de compa\u00f1\u00edas locales y una gran gala de ballet. Con la participaci\u00f3n de compa\u00f1\u00eda locales y con una gran gala de ballet, la Escuela de Ballet&hellip;<\/p>\n","protected":false},"author":2,"featured_media":22297,"comment_status":"closed","ping_status":"closed","sticky":false,"template":"","format":"standard","meta":{"_monsterinsights_skip_tracking":false,"_monsterinsights_sitenote_active":false,"_monsterinsights_sitenote_note":"","_monsterinsights_sitenote_category":0,"footnotes":""},"categories":[2,219],"tags":[1506,190,614,557,963,308,565],"class_list":["post-22296","post","type-post","status-publish","format-standard","has-post-thumbnail","hentry","category-antofagasta","category-cartelera","tag-ballet","tag-corporacion","tag-cultural","tag-danza","tag-escuela","tag-semana","tag-version"],"_links":{"self":[{"href":"https:\/\/antofapop.cl\/index.php\/wp-json\/wp\/v2\/posts\/22296"}],"collection":[{"href":"https:\/\/antofapop.cl\/index.php\/wp-json\/wp\/v2\/posts"}],"about":[{"href":"https:\/\/antofapop.cl\/index.php\/wp-json\/wp\/v2\/types\/post"}],"author":[{"embeddable":true,"href":"https:\/\/antofapop.cl\/index.php\/wp-json\/wp\/v2\/users\/2"}],"replies":[{"embeddable":true,"href":"https:\/\/antofapop.cl\/index.php\/wp-json\/wp\/v2\/comments?post=22296"}],"version-history":[{"count":1,"href":"https:\/\/antofapop.cl\/index.php\/wp-json\/wp\/v2\/posts\/22296\/revisions"}],"predecessor-version":[{"id":22298,"href":"https:\/\/antofapop.cl\/index.php\/wp-json\/wp\/v2\/posts\/22296\/revisions\/22298"}],"wp:featuredmedia":[{"embeddable":true,"href":"https:\/\/antofapop.cl\/index.php\/wp-json\/wp\/v2\/media\/22297"}],"wp:attachment":[{"href":"https:\/\/antofapop.cl\/index.php\/wp-json\/wp\/v2\/media?parent=22296"}],"wp:term":[{"taxonomy":"category","embeddable":true,"href":"https:\/\/antofapop.cl\/index.php\/wp-json\/wp\/v2\/categories?post=22296"},{"taxonomy":"post_tag","embeddable":true,"href":"https:\/\/antofapop.cl\/index.php\/wp-json\/wp\/v2\/tags?post=22296"}],"curies":[{"name":"wp","href":"https:\/\/api.w.org\/{rel}","templated":true}]}}