{"id":22299,"date":"2026-04-29T03:14:53","date_gmt":"2026-04-29T00:14:53","guid":{"rendered":"https:\/\/antofapop.cl\/?p=22299"},"modified":"2026-04-29T03:16:16","modified_gmt":"2026-04-29T00:16:16","slug":"disfruta-el-dia-internacional-del-jazz-en-el-museo","status":"publish","type":"post","link":"https:\/\/antofapop.cl\/index.php\/2026\/04\/29\/disfruta-el-dia-internacional-del-jazz-en-el-museo\/","title":{"rendered":"Disfruta el D\u00eda Internacional del Jazz en el Museo"},"content":{"rendered":"<div class='booster-block booster-read-block'>\n                <div class=\"twp-read-time\">\n                \t<i class=\"booster-icon twp-clock\"><\/i> <span>Tiempo de Lectura:<\/span>5 Minutos, 12 Segundos                <\/div>\n\n            <\/div>\n<p>El D\u00eda Internacional del Jazz, proclamado en 2011 por la UNESCO y celebrado cada 30 de abril, tiene como objetivo destacar el papel del jazz como herramienta para promover la paz, el di\u00e1logo intercultural y el respeto por la diversidad. Esta fecha re\u00fane a m\u00fasicos y p\u00fablicos de todo el mundo a trav\u00e9s de conciertos, festivales y actividades educativas.<\/p>\n\n\n\n<p>Este jueves, desde las 18:00 horas, se presentan gratis, en la plaza Osvaldo Ventura L\u00f3pez, tres bandas locales cultoras de este g\u00e9nero musical: &#8220;Mano de Piedra y Jazz al Palo&#8221;, &#8220;GatoJazz Tr\u00edo&#8221; y &#8220;Mary &amp; Los Sustitutos&#8221;.<\/p>\n\n\n\n<p>El jazz, nacido en comunidades afroamericanas a finales del siglo XIX, se ha convertido en un g\u00e9nero global caracterizado por la improvisaci\u00f3n, la creatividad y la fusi\u00f3n de estilos como el blues, el gospel y el swing. Estas cualidades lo convierten en un lenguaje universal capaz de superar barreras culturales y ling\u00fc\u00edsticas.<\/p>\n\n\n\n<p>A lo largo de la historia, el jazz tambi\u00e9n ha sido un medio de expresi\u00f3n social y pol\u00edtica. Artistas como Louis Armstrong, Nina Simone y John Coltrane utilizaron su m\u00fasica para reflejar luchas por la igualdad y la justicia. Adem\u00e1s, el jazz ha servido como puente cultural, fomentando la colaboraci\u00f3n entre m\u00fasicos de diferentes pa\u00edses y tradiciones.<\/p>\n\n\n\n<p>En este contexto, organizaciones como la Fundaci\u00f3n AntofaJazz y la Corporaci\u00f3n Amigos del Jazz Negro Ortega trabajan activamente para promover la multiculturalidad, la m\u00fasica y el respeto a trav\u00e9s de sus actividades, contribuyendo al desarrollo cultural y al fortalecimiento de la comunidad.<\/p>\n\n\n\n<p>Finalmente, esta celebraci\u00f3n resalta la importancia de la educaci\u00f3n musical y la transmisi\u00f3n del jazz a nuevas generaciones. En conjunto, el jazz no solo es un g\u00e9nero musical, sino una forma de expresi\u00f3n art\u00edstica que impulsa la creatividad, la comprensi\u00f3n mutua y la convivencia entre culturas.<\/p>\n\n\n\n<p><strong>Mano de Piedra y Jazz al Palo<\/strong><\/p>\n\n\n\n<p>Mano de Piedra y Jazz al Palo es un colectivo musical antofagastino formado en 2024, dedicado a la exploraci\u00f3n, estudio y difusi\u00f3n del jazz. Bajo la direcci\u00f3n del m\u00fasico Rodrigo Carmona, el proyecto propone una identidad sonora que transita entre el jazz est\u00e1ndar y la fusi\u00f3n con ritmos del norte de Chile, como el huayno y la cumbia andina.<\/p>\n\n\n\n<p>Su propuesta art\u00edstica se construye a partir de arreglos de obras del cancionero nacional, junto a composiciones originales, generando un lenguaje propio que busca conectar la tradici\u00f3n del jazz con las ra\u00edces culturales del territorio.<\/p>\n\n\n\n<p>La agrupaci\u00f3n est\u00e1 integrada esta vez por Macarena Marinkovich en viol\u00edn, Felipe Angulo en guitarra el\u00e9ctrica, Pablo Llorente en bajo y Rodrigo Carmona en bater\u00eda.<\/p>\n\n\n\n<p>Desde su creaci\u00f3n, el colectivo ha participado en diversos escenarios de la ciudad de Antofagasta, destacando su presencia en la conmemoraci\u00f3n del D\u00eda Internacional del Jazz en la Universidad Cat\u00f3lica del Norte (UCN), adem\u00e1s de presentaciones en espacios como Club de Yates, Steakhouse y Espacio Kamanchacos.<\/p>\n\n\n\n<p>Mano de Piedra y Jazz al Palo se posiciona como una propuesta emergente dentro de la escena local, destacando por su enfoque creativo, su identidad territorial y su b\u00fasqueda constante de nuevas sonoridades dentro del jazz contempor\u00e1neo.<\/p>\n\n\n\n<p><strong>GatoJazz Tr\u00edo<\/strong><strong><\/strong><\/p>\n\n\n\n<p>Se form\u00f3 en el a\u00f1o 2006 bajo la direcci\u00f3n del baterista Leonardo Grand\u00f3n, con el objetivo de participar en el primer Festival de Jazz en el Loa, realizado en febrero de 2007. Desde entonces, la agrupaci\u00f3n ha sido parte activa de diversas ediciones del festival, incluyendo los a\u00f1os 2008 y 2009, y ha seguido desarrollando una s\u00f3lida trayectoria en la escena del jazz nacional.<\/p>\n\n\n\n<p>El tr\u00edo se caracteriza por su interpretaci\u00f3n de jazz est\u00e1ndar y contempor\u00e1neo, manteni\u00e9ndose en constante evoluci\u00f3n y abierto a nuevas corrientes y sonoridades dentro del g\u00e9nero.<\/p>\n\n\n\n<p>A lo largo de los a\u00f1os, Gatojazz ha sido liderado por Leonardo Grand\u00f3n en bater\u00eda, acompa\u00f1ado por \u00c1lvaro Far\u00edas en guitarra y Andr\u00e9s Carvajal en bajo el\u00e9ctrico, formando una base musical s\u00f3lida, vers\u00e1til y expresiva que conecta tanto con los amantes del jazz tradicional como con quienes disfrutan de sus variantes modernas.<\/p>\n\n\n\n<p>En sus presentaciones, la banda ha contado con la valiosa colaboraci\u00f3n de reconocidos m\u00fasicos nacionales, como el organista Hengo Coo Ortega y el bajista Nelson Arriagada y la cantante Nena Ovando, lo que ha enriquecido a\u00fan m\u00e1s su propuesta art\u00edstica, abriendo espacio para la improvisaci\u00f3n, el di\u00e1logo musical y la fusi\u00f3n de estilos.<\/p>\n\n\n\n<p><strong>Mary &amp; Los Sustitutos<\/strong><\/p>\n\n\n\n<p>Los Sustitutos surgieron de la inquietud compartida de dos amigos por adentrarse en la riqueza y la diversidad de la m\u00fasica afroamericana, guiados por la curiosidad y el deseo de experimentar con nuevas sonoridades. Lo que naci\u00f3 como un peque\u00f1o grupo de estudio, con ensayos \u00edntimos y momentos de descubrimiento, fue transform\u00e1ndose con el tiempo en un proyecto musical s\u00f3lido, capaz de conquistar los espacios m\u00e1s acogedores de la ciudad y de acercar su m\u00fasica a un p\u00fablico cada vez m\u00e1s diverso y atento.<\/p>\n\n\n\n<p>A medida que la banda crec\u00eda, se sumaron nuevos integrantes, aportando sus propias sensibilidades y matices, y as\u00ed naci\u00f3 Mary y Los Sustitutos, adoptando el nombre de su vocalista como s\u00edmbolo de identidad, cohesi\u00f3n y fuerza creativa. La propuesta musical del grupo se caracteriza por la fusi\u00f3n armoniosa de m\u00faltiples influencias y estilos, que van desde los ritmos afroamericanos hasta matices contempor\u00e1neos, construyendo un sonido \u00fanico que evoluciona constantemente, abierto a la experimentaci\u00f3n y a la exploraci\u00f3n de nuevas formas de expresi\u00f3n.<\/p>\n\n\n\n<p>M\u00e1s all\u00e1 de la t\u00e9cnica o la ejecuci\u00f3n, la m\u00fasica de Mary y Los Sustitutos busca crear experiencias aut\u00e9nticas y cercanas, generando un di\u00e1logo sutil con quienes los escuchan, invitando a sentir, imaginar y conectarse con cada nota. Entre sus presentaciones m\u00e1s memorables destaca un concierto \u00edntimo para la comunidad en el Centro Cultural Fot\u00f3grafo de Cerros, un espacio donde pudieron compartir su arte de manera directa y cercana, estrechando la relaci\u00f3n con su audiencia y reafirmando su compromiso con la m\u00fasica como veh\u00edculo de encuentro, emoci\u00f3n y expresi\u00f3n cultural.<\/p>\n\n\n\n<p>Cada interpretaci\u00f3n de la banda refleja no solo su talento, sino tambi\u00e9n su curiosidad, su pasi\u00f3n y su constante b\u00fasqueda de nuevas sonoridades, consolidando a Mary y Los Sustitutos como un proyecto vivo, en permanente expansi\u00f3n y con la mirada puesta en horizontes musicales a\u00fan por descubrir.<\/p>\n\n\n\n<p>Cantante Mary Cerda \u2013 Bater\u00eda Benjam\u00edn Ardiles \u2013 Bajo Gonzalo Tello \u2013 Guitarra Sebasti\u00e1n Contreras \u2013 Piano Nicol\u00e1s Navarro \u2013 Luis Tapia Saxof\u00f3n &amp; Clarinete.<\/p>\n\n\n\n<figure class=\"wp-block-embed is-type-video is-provider-youtube wp-block-embed-youtube wp-embed-aspect-16-9 wp-has-aspect-ratio\"><div class=\"wp-block-embed__wrapper\">\n<iframe loading=\"lazy\" title=\"Gato Jazz Tr\u00edo en Noche de Museos 2024\" width=\"500\" height=\"281\" src=\"https:\/\/www.youtube.com\/embed\/HsX19-9Ghxo?feature=oembed\" frameborder=\"0\" allow=\"accelerometer; autoplay; clipboard-write; encrypted-media; gyroscope; picture-in-picture; web-share\" referrerpolicy=\"strict-origin-when-cross-origin\" allowfullscreen><\/iframe>\n<\/div><\/figure>\n\n\n\n<figure class=\"wp-block-embed is-type-video is-provider-youtube wp-block-embed-youtube wp-embed-aspect-16-9 wp-has-aspect-ratio\"><div class=\"wp-block-embed__wrapper\">\n<iframe loading=\"lazy\" title=\"New Orleans Band en ciclo de conciertos de Antofajazz\" width=\"500\" height=\"281\" src=\"https:\/\/www.youtube.com\/embed\/Si4wxtLx8SA?feature=oembed\" frameborder=\"0\" allow=\"accelerometer; autoplay; clipboard-write; encrypted-media; gyroscope; picture-in-picture; web-share\" referrerpolicy=\"strict-origin-when-cross-origin\" allowfullscreen><\/iframe>\n<\/div><\/figure>\n\n\n\n<h1 class=\"wp-block-heading\"><\/h1>\n","protected":false},"excerpt":{"rendered":"<p>El D\u00eda Internacional del Jazz, proclamado en 2011 por la UNESCO y celebrado cada 30 de abril, tiene como objetivo destacar el papel del jazz como herramienta para promover la&hellip;<\/p>\n","protected":false},"author":2,"featured_media":22300,"comment_status":"closed","ping_status":"closed","sticky":false,"template":"","format":"standard","meta":{"_monsterinsights_skip_tracking":false,"_monsterinsights_sitenote_active":false,"_monsterinsights_sitenote_note":"","_monsterinsights_sitenote_category":0,"footnotes":""},"categories":[2,219],"tags":[489,490,558,2819],"class_list":["post-22299","post","type-post","status-publish","format-standard","has-post-thumbnail","hentry","category-antofagasta","category-cartelera","tag-dia","tag-internacional","tag-jazz","tag-museo"],"_links":{"self":[{"href":"https:\/\/antofapop.cl\/index.php\/wp-json\/wp\/v2\/posts\/22299"}],"collection":[{"href":"https:\/\/antofapop.cl\/index.php\/wp-json\/wp\/v2\/posts"}],"about":[{"href":"https:\/\/antofapop.cl\/index.php\/wp-json\/wp\/v2\/types\/post"}],"author":[{"embeddable":true,"href":"https:\/\/antofapop.cl\/index.php\/wp-json\/wp\/v2\/users\/2"}],"replies":[{"embeddable":true,"href":"https:\/\/antofapop.cl\/index.php\/wp-json\/wp\/v2\/comments?post=22299"}],"version-history":[{"count":2,"href":"https:\/\/antofapop.cl\/index.php\/wp-json\/wp\/v2\/posts\/22299\/revisions"}],"predecessor-version":[{"id":22302,"href":"https:\/\/antofapop.cl\/index.php\/wp-json\/wp\/v2\/posts\/22299\/revisions\/22302"}],"wp:featuredmedia":[{"embeddable":true,"href":"https:\/\/antofapop.cl\/index.php\/wp-json\/wp\/v2\/media\/22300"}],"wp:attachment":[{"href":"https:\/\/antofapop.cl\/index.php\/wp-json\/wp\/v2\/media?parent=22299"}],"wp:term":[{"taxonomy":"category","embeddable":true,"href":"https:\/\/antofapop.cl\/index.php\/wp-json\/wp\/v2\/categories?post=22299"},{"taxonomy":"post_tag","embeddable":true,"href":"https:\/\/antofapop.cl\/index.php\/wp-json\/wp\/v2\/tags?post=22299"}],"curies":[{"name":"wp","href":"https:\/\/api.w.org\/{rel}","templated":true}]}}