{"id":22303,"date":"2026-04-29T15:13:09","date_gmt":"2026-04-29T12:13:09","guid":{"rendered":"https:\/\/antofapop.cl\/?p=22303"},"modified":"2026-04-29T15:13:38","modified_gmt":"2026-04-29T12:13:38","slug":"gran-fiesta-del-deporte-de-combate-vivira-su-primera-version-en-cancha-ohiggins","status":"publish","type":"post","link":"https:\/\/antofapop.cl\/index.php\/2026\/04\/29\/gran-fiesta-del-deporte-de-combate-vivira-su-primera-version-en-cancha-ohiggins\/","title":{"rendered":"Gran Fiesta del Deporte de Combate vivir\u00e1 su primera versi\u00f3n en cancha O\u2019Higgins\u00a0"},"content":{"rendered":"<div class='booster-block booster-read-block'>\n                <div class=\"twp-read-time\">\n                \t<i class=\"booster-icon twp-clock\"><\/i> <span>Tiempo de Lectura:<\/span>1 Minutos, 35 Segundos                <\/div>\n\n            <\/div>\n<p>Este&nbsp;<strong>viernes 2 de mayo<\/strong>, la ciudad ser\u00e1 escenario de un evento deportivo sin precedentes con la realizaci\u00f3n de la&nbsp;<strong>primera versi\u00f3n de la \u201cGran Fiesta del Deporte de Combate\u201d<\/strong>, una jornada que reunir\u00e1 distintas disciplinas en un solo lugar y que promete espect\u00e1culo, emoci\u00f3n y alto nivel competitivo.&nbsp;<\/p>\n\n\n\n<p>La actividad se realizar\u00e1 en la&nbsp;<strong>cancha O\u2019Higgins<\/strong>, ubicada en&nbsp;<strong>V\u00edctor Jara esquina Oviedo Cavada<\/strong>, y se desarrollar\u00e1 entre las&nbsp;<strong>14:00 y las 22:00 horas<\/strong>, con un total de&nbsp;<strong>50 combates distribuidos en dos&nbsp;rings&nbsp;de manera simult\u00e1nea<\/strong>, lo que convierte a este evento en uno de los m\u00e1s grandes del a\u00f1o a nivel local.&nbsp;<\/p>\n\n\n\n<p>El programa contempla&nbsp;<strong>25 peleas de boxeo&nbsp;amateur<\/strong>&nbsp;y&nbsp;<strong>25 combates de MMA, Kickboxing, Muay Thai y K<\/strong>\u2011<strong>1<\/strong>, con la participaci\u00f3n de deportistas provenientes de distintos clubes y academias, muchos de ellos en pleno proceso de formaci\u00f3n y proyecci\u00f3n competitiva.&nbsp;<\/p>\n\n\n\n<p>La pelea estelar de la jornada ser\u00e1 la&nbsp;<strong>disputa del t\u00edtulo nacional profesional de Muay Thai<\/strong>, avalado por la&nbsp;<strong>WBC(World&nbsp;Boxing&nbsp;Council\u202f)<\/strong>, entregando un car\u00e1cter especial y de alto est\u00e1ndar deportivo al evento.&nbsp;&nbsp;<\/p>\n\n\n\n<p>El evento es organizado por las promotoras&nbsp;<strong>Olmos&nbsp;Promotions<\/strong>&nbsp;y&nbsp;<strong>Collision&nbsp;Series<\/strong>, bajo la gesti\u00f3n de&nbsp;<strong>Diego Olmos&nbsp;Pfeng<\/strong>,&nbsp;manager&nbsp;y promotor de Olmos&nbsp;Promotions. En el \u00e1mbito del boxeo&nbsp;amateur, la jornada cuenta con el&nbsp;<strong>aval de la Federaci\u00f3n de Boxeo&nbsp;Amateur&nbsp;y de la Asociaci\u00f3n Nacional de Boxeo&nbsp;Amateur<\/strong>, garantizando el cumplimiento de las normativas t\u00e9cnicas y reglamentarias.&nbsp;<\/p>\n\n\n\n<p>Las\u00a0<strong>entradas tienen un valor de $10.000<\/strong>\u00a0y se encuentran disponibles mediante contacto directo al\u00a0<strong>n\u00famero telef\u00f3nico informado por la organizaci\u00f3n<\/strong>.\u00a0<\/p>\n\n\n\n<p>M\u00e1s informaci\u00f3n sobre horarios, cartelera y novedades se puede encontrar en el Instagram oficial\u00a0<strong>@olmospromotions<\/strong>.<\/p>\n","protected":false},"excerpt":{"rendered":"<p>Este&nbsp;viernes 2 de mayo, la ciudad ser\u00e1 escenario de un evento deportivo sin precedentes con la realizaci\u00f3n de la&nbsp;primera versi\u00f3n de la \u201cGran Fiesta del Deporte de Combate\u201d, una jornada&hellip;<\/p>\n","protected":false},"author":2,"featured_media":22304,"comment_status":"closed","ping_status":"closed","sticky":false,"template":"","format":"standard","meta":{"_monsterinsights_skip_tracking":false,"_monsterinsights_sitenote_active":false,"_monsterinsights_sitenote_note":"","_monsterinsights_sitenote_category":0,"footnotes":""},"categories":[2,278],"tags":[1236,7754,960,1998,926,10726,585,565],"class_list":["post-22303","post","type-post","status-publish","format-standard","has-post-thumbnail","hentry","category-antofagasta","category-deporte-y-recreacion","tag-cancha","tag-combate","tag-deporte","tag-fiesta","tag-gran","tag-ohiggins","tag-primera","tag-version"],"_links":{"self":[{"href":"https:\/\/antofapop.cl\/index.php\/wp-json\/wp\/v2\/posts\/22303"}],"collection":[{"href":"https:\/\/antofapop.cl\/index.php\/wp-json\/wp\/v2\/posts"}],"about":[{"href":"https:\/\/antofapop.cl\/index.php\/wp-json\/wp\/v2\/types\/post"}],"author":[{"embeddable":true,"href":"https:\/\/antofapop.cl\/index.php\/wp-json\/wp\/v2\/users\/2"}],"replies":[{"embeddable":true,"href":"https:\/\/antofapop.cl\/index.php\/wp-json\/wp\/v2\/comments?post=22303"}],"version-history":[{"count":1,"href":"https:\/\/antofapop.cl\/index.php\/wp-json\/wp\/v2\/posts\/22303\/revisions"}],"predecessor-version":[{"id":22305,"href":"https:\/\/antofapop.cl\/index.php\/wp-json\/wp\/v2\/posts\/22303\/revisions\/22305"}],"wp:featuredmedia":[{"embeddable":true,"href":"https:\/\/antofapop.cl\/index.php\/wp-json\/wp\/v2\/media\/22304"}],"wp:attachment":[{"href":"https:\/\/antofapop.cl\/index.php\/wp-json\/wp\/v2\/media?parent=22303"}],"wp:term":[{"taxonomy":"category","embeddable":true,"href":"https:\/\/antofapop.cl\/index.php\/wp-json\/wp\/v2\/categories?post=22303"},{"taxonomy":"post_tag","embeddable":true,"href":"https:\/\/antofapop.cl\/index.php\/wp-json\/wp\/v2\/tags?post=22303"}],"curies":[{"name":"wp","href":"https:\/\/api.w.org\/{rel}","templated":true}]}}