{"id":22319,"date":"2026-05-01T15:48:11","date_gmt":"2026-05-01T12:48:11","guid":{"rendered":"https:\/\/antofapop.cl\/?p=22319"},"modified":"2026-05-01T15:49:02","modified_gmt":"2026-05-01T12:49:02","slug":"con-exito-concluyo-la-ix-version-de-la-semana-de-la-danza","status":"publish","type":"post","link":"https:\/\/antofapop.cl\/index.php\/2026\/05\/01\/con-exito-concluyo-la-ix-version-de-la-semana-de-la-danza\/","title":{"rendered":"Con \u00e9xito concluy\u00f3 la IX versi\u00f3n de la \u201cSemana de la Danza\u201d"},"content":{"rendered":"<div class='booster-block booster-read-block'>\n                <div class=\"twp-read-time\">\n                \t<i class=\"booster-icon twp-clock\"><\/i> <span>Tiempo de Lectura:<\/span>1 Minutos, 50 Segundos                <\/div>\n\n            <\/div>\n<p>Con total \u00e9xito concluy\u00f3 la novena versi\u00f3n de la \u201cSemana de la Danza\u201d, que todos los a\u00f1os organiza la Escuela de Ballet de la Corporaci\u00f3n Cultural de Antofagasta, con motivo de la conmemoraci\u00f3n del D\u00eda Internacional de la Danza, el cual se celebra en todo el mundo el 29 de abril, en homenaje al natalicio de Jean-Georges Noverre, core\u00f3grafo franc\u00e9s considerado como el creador del ballet moderno.<\/p>\n\n\n\n<p>De acuerdo a lo se\u00f1alado por Carolyn Galarce, Directora de la Escuela de Ballet CCA, \u201cpara este 2026 el programa de actividades comenz\u00f3 el martes 28 de abril en el Teatro Municipal, con una gran muestra del trabajo que realizan distintas compa\u00f1\u00edas y agrupaciones locales, las cuales presentaron diferentes cuadros de baile en distintas l\u00edneas danc\u00edsticas. El objetivo, fue el de promover y visibilizar el talento de las principales compa\u00f1\u00edas, academias y escuelas de danza de nuestra regi\u00f3n, fomentando la pr\u00e1ctica, ense\u00f1anza y difusi\u00f3n de los diversos estilos y expresiones de esta disciplina art\u00edstica\u201d.<\/p>\n\n\n\n<p>\u201cLas agrupaciones participantes fueron: Kallpa Latinoam\u00e9rica, Danzarte, Danzama, Club de Cueca Norte Grande, Estudio de Danza MIDS, Escuela de Danza Oriental y Folclore \u00c1rabe, y Ballet de C\u00e1mara CCA, las cuales presentar\u00e1n cuadros de baile en los que mostrar\u00e1n el trabajo que realizan\u201d, precis\u00f3.<\/p>\n\n\n\n<p>\u201cLa \u201cSemana de la Danza 2026\u201d, concluy\u00f3 el jueves 30 de abril con una gran Gala de Ballet, realizada en el Teatro Municipal, donde&nbsp; las y los alumnos m\u00e1s avanzados, junto a los profesores de la Escuela de Ballet de nuestra Corporaci\u00f3n Cultural, presentar\u00e1n \u201cLa Fille Mal Gard\u00e9e\u201d, una de las obras m\u00e1s reconocidas del repertorio cl\u00e1sico del ballet, con la cual queremos poner en valor el trabajo art\u00edstico y t\u00e9cnico desarrollado en el proceso formativo que impulsamos como escuela\u201d, explic\u00f3 Carolyn Galarce.<\/p>\n\n\n\n<p>Todos los a\u00f1os, la Escuela de Ballet de la Corporaci\u00f3n Cultural de Antofagasta conmemora esta fecha con un programa de actividades abiertas a la comunidad y estudiantes, que tienen como objetivo difundir y motivar la participaci\u00f3n y formaci\u00f3n de la danza en Antofagasta y comunas de la regi\u00f3n, reafirmando el compromiso con la formaci\u00f3n integral, la excelencia art\u00edstica y la vinculaci\u00f3n con la comunidad a trav\u00e9s del ballet\u201d, concluy\u00f3 la Directora de la Escuela de Ballet CCA.<\/p>\n","protected":false},"excerpt":{"rendered":"<p>Con total \u00e9xito concluy\u00f3 la novena versi\u00f3n de la \u201cSemana de la Danza\u201d, que todos los a\u00f1os organiza la Escuela de Ballet de la Corporaci\u00f3n Cultural de Antofagasta, con motivo&hellip;<\/p>\n","protected":false},"author":2,"featured_media":22320,"comment_status":"closed","ping_status":"closed","sticky":false,"template":"","format":"standard","meta":{"_monsterinsights_skip_tracking":false,"_monsterinsights_sitenote_active":false,"_monsterinsights_sitenote_note":"","_monsterinsights_sitenote_category":0,"footnotes":""},"categories":[2,178],"tags":[557,456,308,565],"class_list":["post-22319","post","type-post","status-publish","format-standard","has-post-thumbnail","hentry","category-antofagasta","category-arte-cultura","tag-danza","tag-exito","tag-semana","tag-version"],"_links":{"self":[{"href":"https:\/\/antofapop.cl\/index.php\/wp-json\/wp\/v2\/posts\/22319"}],"collection":[{"href":"https:\/\/antofapop.cl\/index.php\/wp-json\/wp\/v2\/posts"}],"about":[{"href":"https:\/\/antofapop.cl\/index.php\/wp-json\/wp\/v2\/types\/post"}],"author":[{"embeddable":true,"href":"https:\/\/antofapop.cl\/index.php\/wp-json\/wp\/v2\/users\/2"}],"replies":[{"embeddable":true,"href":"https:\/\/antofapop.cl\/index.php\/wp-json\/wp\/v2\/comments?post=22319"}],"version-history":[{"count":1,"href":"https:\/\/antofapop.cl\/index.php\/wp-json\/wp\/v2\/posts\/22319\/revisions"}],"predecessor-version":[{"id":22321,"href":"https:\/\/antofapop.cl\/index.php\/wp-json\/wp\/v2\/posts\/22319\/revisions\/22321"}],"wp:featuredmedia":[{"embeddable":true,"href":"https:\/\/antofapop.cl\/index.php\/wp-json\/wp\/v2\/media\/22320"}],"wp:attachment":[{"href":"https:\/\/antofapop.cl\/index.php\/wp-json\/wp\/v2\/media?parent=22319"}],"wp:term":[{"taxonomy":"category","embeddable":true,"href":"https:\/\/antofapop.cl\/index.php\/wp-json\/wp\/v2\/categories?post=22319"},{"taxonomy":"post_tag","embeddable":true,"href":"https:\/\/antofapop.cl\/index.php\/wp-json\/wp\/v2\/tags?post=22319"}],"curies":[{"name":"wp","href":"https:\/\/api.w.org\/{rel}","templated":true}]}}