{"id":22324,"date":"2026-05-01T16:05:51","date_gmt":"2026-05-01T13:05:51","guid":{"rendered":"https:\/\/antofapop.cl\/?p=22324"},"modified":"2026-05-01T16:05:53","modified_gmt":"2026-05-01T13:05:53","slug":"diferentes-actividades-daran-vida-a-la-agenda-cultural-de-mayo","status":"publish","type":"post","link":"https:\/\/antofapop.cl\/index.php\/2026\/05\/01\/diferentes-actividades-daran-vida-a-la-agenda-cultural-de-mayo\/","title":{"rendered":"Diferentes actividades dar\u00e1n vida a la agenda cultural de mayo"},"content":{"rendered":"<div class='booster-block booster-read-block'>\n                <div class=\"twp-read-time\">\n                \t<i class=\"booster-icon twp-clock\"><\/i> <span>Tiempo de Lectura:<\/span>2 Minutos, 35 Segundos                <\/div>\n\n            <\/div>\n<p><em><strong>Las actividades organizadas por la Ilustre Municipalidad de Calama a trav\u00e9s de la Corporaci\u00f3n de Cultura y Turismo se realizar\u00e1n en distintos espacios culturales de la comuna.<\/strong><\/em><\/p>\n\n\n\n<p>Diferentes son las actividades que dar\u00e1n vida a la cartelera cultural de mayo de la Corporaci\u00f3n de Cultura y Turismo de Calama. Patrimonio, teatro y turismo se tomar\u00e1n esta nueva agenda que estar\u00e1 disponible a la comunidad de manera totalmente gratuita.<\/p>\n\n\n\n<p>Dentro de las actividades que destacan para el Mes del Patrimonio, est\u00e1 &#8220;Chuquicamata, memoria de colores&#8221;, una actividad organizada por la Agrupaci\u00f3n Hijos y Amigos de Chuquicamata y que cuenta con el apoyo de la entidad cultural. Esta iniciativa tendr\u00e1 lugar en el Teatro Municipal el 5 de mayo a las 18:00 horas.<\/p>\n\n\n\n<p>Como ya es tradici\u00f3n en este mes tambi\u00e9n se celebrar\u00e1 el D\u00eda Nacional del Teatro, instancia en que la Escuela de Teatro El Ojo presentar\u00e1 el montaje &#8220;Qui\u00e9n dijo qu\u00e9&#8221; el d\u00eda 13 de mayo en el Teatro Municipal a las 18:00 horas.<\/p>\n\n\n\n<p>Adem\u00e1s se program\u00f3 dentro de esta cartelera la conmemoraci\u00f3n del D\u00eda internacional contra la homofobia, la transfobia y bifobia, instancia que se har\u00e1 junto a la Agrupaci\u00f3n Cinthia Gonz\u00e1lez en el Parque de la Cultura Jos\u00e9 Saavedra el d\u00eda 25 de mayo desde las 19:00 horas.<\/p>\n\n\n\n<p>Otra de las iniciativas relevantes ser\u00e1 el D\u00eda del Patrimonio, actividad que este a\u00f1o tendr\u00e1 una innovaci\u00f3n y se realizar\u00e1 en el casco hist\u00f3rico de la comuna e incluir\u00e1 a diferentes instituciones que abrir\u00e1n sus puertas a la comunidad con la finalidad de que conozcan edificios insignes de Calama.<\/p>\n\n\n\n<p>Maikel Olivares Vicentelo, Director Ejecutivo (I) de la Corporaci\u00f3n de Cultura y Turismo entreg\u00f3 detalles de esta cartelera y coment\u00f3. &#8220;Comenzamos una nueva cartelera cultural y en este mes de mayo nuestra agenda se nutre con actividades que relevan el patrimonio de nuestra comuna. Por ello iniciaremos este per\u00edodo con la realizaci\u00f3n de la Feria de la Biodiversidad, espacio que re\u00fane a los artesanos, orfebres y agricultores de Calama en un espacio que permite la promoci\u00f3n de productos cosechados y creados en la zona. Este mes, adem\u00e1s traer\u00e1 actividades relacionadas con el aniversario de Chuquicamata, iniciativas realizadas por las \u00e1reas de Gesti\u00f3n y Proyecci\u00f3n Cultural, Turismo y Museos y Patrimonio. Tambi\u00e9n celebraremos el D\u00eda del Teatro Chileno junto a la Escuela de Teatro El Ojo; y finalmente disfrutaremos del D\u00eda del Patrimonio el s\u00e1bado 30 de mayo en una actividad que se realizar\u00e1 en el casco hist\u00f3rico de la comuna y que contar\u00e1 con la participaci\u00f3n de distintas instituciones quienes nos mostrar\u00e1n su patrimonio cultural&#8221;.<\/p>\n\n\n\n<p>Bibliotecas, cultura y m\u00e1s.<\/p>\n\n\n\n<p>Paralelo a estas iniciativas, la entidad cultural tiene agendadas m\u00e1s de 50 actividades para este mes, iniciativas que son parte del trabajo permanente que realizan las diferentes \u00e1reas de la corporaci\u00f3n.<\/p>\n\n\n\n<p>En este contexto, este mes se contin\u00faa con las iniciativas de fomento lector como la maleta viajera, las tertulias literarias y cuentacuentos. Tambi\u00e9n se realizar\u00e1n circuitos tur\u00edsticos a lugares como el Parque El Loa y el Estadio Zorros del Desiertos. Ambos abiertos al p\u00fablico general como tambi\u00e9n a establecimientos educacionales de la comuna.<\/p>\n","protected":false},"excerpt":{"rendered":"<p>Las actividades organizadas por la Ilustre Municipalidad de Calama a trav\u00e9s de la Corporaci\u00f3n de Cultura y Turismo se realizar\u00e1n en distintos espacios culturales de la comuna. Diferentes son las&hellip;<\/p>\n","protected":false},"author":2,"featured_media":22325,"comment_status":"closed","ping_status":"closed","sticky":false,"template":"","format":"standard","meta":{"_monsterinsights_skip_tracking":false,"_monsterinsights_sitenote_active":false,"_monsterinsights_sitenote_note":"","_monsterinsights_sitenote_category":0,"footnotes":""},"categories":[2221,219],"tags":[795,825,2222,614,1138,930,379],"class_list":["post-22324","post","type-post","status-publish","format-standard","has-post-thumbnail","hentry","category-calama","category-cartelera","tag-actividades","tag-agenda","tag-calama","tag-cultural","tag-diferentes","tag-mayo","tag-vida"],"_links":{"self":[{"href":"https:\/\/antofapop.cl\/index.php\/wp-json\/wp\/v2\/posts\/22324"}],"collection":[{"href":"https:\/\/antofapop.cl\/index.php\/wp-json\/wp\/v2\/posts"}],"about":[{"href":"https:\/\/antofapop.cl\/index.php\/wp-json\/wp\/v2\/types\/post"}],"author":[{"embeddable":true,"href":"https:\/\/antofapop.cl\/index.php\/wp-json\/wp\/v2\/users\/2"}],"replies":[{"embeddable":true,"href":"https:\/\/antofapop.cl\/index.php\/wp-json\/wp\/v2\/comments?post=22324"}],"version-history":[{"count":1,"href":"https:\/\/antofapop.cl\/index.php\/wp-json\/wp\/v2\/posts\/22324\/revisions"}],"predecessor-version":[{"id":22326,"href":"https:\/\/antofapop.cl\/index.php\/wp-json\/wp\/v2\/posts\/22324\/revisions\/22326"}],"wp:featuredmedia":[{"embeddable":true,"href":"https:\/\/antofapop.cl\/index.php\/wp-json\/wp\/v2\/media\/22325"}],"wp:attachment":[{"href":"https:\/\/antofapop.cl\/index.php\/wp-json\/wp\/v2\/media?parent=22324"}],"wp:term":[{"taxonomy":"category","embeddable":true,"href":"https:\/\/antofapop.cl\/index.php\/wp-json\/wp\/v2\/categories?post=22324"},{"taxonomy":"post_tag","embeddable":true,"href":"https:\/\/antofapop.cl\/index.php\/wp-json\/wp\/v2\/tags?post=22324"}],"curies":[{"name":"wp","href":"https:\/\/api.w.org\/{rel}","templated":true}]}}