{"id":22874,"date":"2026-08-31T15:07:39","date_gmt":"2026-08-31T12:07:39","guid":{"rendered":"https:\/\/antofapop.cl\/?p=22874"},"modified":"2026-08-31T15:08:25","modified_gmt":"2026-08-31T12:08:25","slug":"a-teatro-lleno-la-osa-se-presento-en-el-historico-municipal-de-iquique","status":"publish","type":"post","link":"https:\/\/antofapop.cl\/index.php\/2026\/08\/31\/a-teatro-lleno-la-osa-se-presento-en-el-historico-municipal-de-iquique\/","title":{"rendered":"A teatro lleno la OSA se present\u00f3 en el hist\u00f3rico Municipal de Iquique"},"content":{"rendered":"<div class='booster-block booster-read-block'>\n                <div class=\"twp-read-time\">\n                \t<i class=\"booster-icon twp-clock\"><\/i> <span>Tiempo de Lectura:<\/span>2 Minutos, 25 Segundos                <\/div>\n\n            <\/div>\n<p><strong><em>Agrupaci\u00f3n antofagastina tuvo un emotivo reencuentro con la comunidad iquique\u00f1a a trav\u00e9s de la m\u00fasica.<\/em><\/strong><\/p>\n\n\n\n<p>Un hist\u00f3rico concierto realiz\u00f3 la Orquesta Sinf\u00f3nica de Antofagasta, en el Teatro Municipal de Iquique, en lo que fue una noche que estuvo marcada por la emoci\u00f3n y calidez con la que el p\u00fablico iquique\u00f1o recibi\u00f3 y ovacion\u00f3 a la agrupaci\u00f3n antofagastina.<\/p>\n\n\n\n<p>El concierto interregional denominado \u201cGala Sinf\u00f3nica: Del Desierto a la Tradici\u00f3n Rusa\u201d, tuvo lugar como parte de la \u201cTemporada Oficial de Conciertos 2026 de la Orquesta Sinf\u00f3nica de Antofagasta, la cual cuenta con financiamiento del Ministerio de las Culturas, las Artes y el Patrimonio.<\/p>\n\n\n\n<p>Al respecto, Marcos Celed\u00f3n Gamboa, Director Ejecutivo de la Corporaci\u00f3n Cultural de Antofagasta, se\u00f1al\u00f3 \u201cha sido una noche m\u00e1gica, cargada de la identidad propia de dos ciudades fundamentales en el desarrollo del Norte de nuestro pa\u00eds, ya que tuvimos como escenario el hist\u00f3rico y remozado Teatro Municipal de Iquique, que es una joya arquitect\u00f3nica caracter\u00edstica de la ciudad, junto a toda la calidad interpretativa de nuestra Orquesta Sinf\u00f3nica, la cual este 2026 est\u00e1 cumpliendo 64 a\u00f1os de trayectoria, constituy\u00e9ndose en un verdadero patrimonio vivo de Antofagasta\u201d.<\/p>\n\n\n\n<p>\u201cPara nosotros como Corporaci\u00f3n Cultural de Antofagasta es de vital importancia poder establecer lazos, no s\u00f3lo con las ciudades de nuestra regi\u00f3n, sino tambi\u00e9n con otras ciudades del Norte de Chile, ya que de esta manera podemos ir construyendo en conjunto una red colaborativa en el \u00e1mbito del arte y la cultura que brinde oportunidades de desarrollo a los artistas del Norte Grande, por lo que agradecemos enormemente la acogida del municipio iquique\u00f1o y de la comunidad iquique\u00f1a que asisti\u00f3 al concierto y replet\u00f3 el Teatro\u201d, indic\u00f3 el Director Ejecutivo de la CCA.<\/p>\n\n\n\n<p>Por su parte, Christian Baeza Gonz\u00e1lez, Director Titular de la Orquesta Sinf\u00f3nica de Antofagasta, manifest\u00f3 los agradecimientos de parte de los m\u00fasicos indicando que \u201cha sido un reencuentro muy especial con el p\u00fablico iquique\u00f1o, que con sus aplausos nos demostr\u00f3 su cari\u00f1o y reconocimiento\u201d.<\/p>\n\n\n\n<p>\u201cEn lo musical, podemos decir que esta gala incluy\u00f3 piezas cl\u00e1sicas del repertorio universal y el estreno de obras de compositores nacionales, destacando el estreno absoluto de&nbsp; \u201cPoema Sinf\u00f3nico: Soles y Terrales\u201d, que es una obra comisionada al destacado trombonista y arreglador nacional Jorge Godoy, adem\u00e1s de otro estreno como \u201cCaminando el Desierto y el Mar, estampas nortinas\u201d, de la compositora residente de nuestra orquesta, la violonchelista chilena Camila Leal. A estas composiciones de m\u00fasicos chilenos se sumaron tres obras cl\u00e1sicas de la m\u00fasica como lo son: \u201cUna noche en el Monte Calvo\u201d de Modest Musorsgky; \u201cSelecci\u00f3n de la Suite Gadfly\u201d de Dmitri Shostakovich y la monumental \u201cObertura 1812\u201d de Piotr Ilich Tchaikovsky\u201d, concluy\u00f3.<\/p>\n\n\n\n<p>La \u201cGala Sinf\u00f3nica: Del Desierto a la Tradici\u00f3n Rusa\u201d\u201d, se realiz\u00f3 la noche del s\u00e1bado 29 de agosto en el Teatro Municipal de Iquique, el cual data del a\u00f1o 1889 y es un \u00edcono de la arquitectura nortina construido en pleno auge del salitre.<\/p>\n","protected":false},"excerpt":{"rendered":"<p>Agrupaci\u00f3n antofagastina tuvo un emotivo reencuentro con la comunidad iquique\u00f1a a trav\u00e9s de la m\u00fasica. Un hist\u00f3rico concierto realiz\u00f3 la Orquesta Sinf\u00f3nica de Antofagasta, en el Teatro Municipal de Iquique,&hellip;<\/p>\n","protected":false},"author":2,"featured_media":22875,"comment_status":"closed","ping_status":"closed","sticky":false,"template":"","format":"standard","meta":{"_monsterinsights_skip_tracking":false,"footnotes":""},"categories":[2,178],"tags":[36,1043,7331,4819,815,443,442,444,125],"class_list":["post-22874","post","type-post","status-publish","format-standard","has-post-thumbnail","hentry","category-antofagasta","category-arte-cultura","tag-antofagasta","tag-historico","tag-iquique","tag-lleno","tag-municipal","tag-orquesta","tag-osa","tag-sinfonica","tag-teatro"],"_links":{"self":[{"href":"https:\/\/antofapop.cl\/index.php\/wp-json\/wp\/v2\/posts\/22874"}],"collection":[{"href":"https:\/\/antofapop.cl\/index.php\/wp-json\/wp\/v2\/posts"}],"about":[{"href":"https:\/\/antofapop.cl\/index.php\/wp-json\/wp\/v2\/types\/post"}],"author":[{"embeddable":true,"href":"https:\/\/antofapop.cl\/index.php\/wp-json\/wp\/v2\/users\/2"}],"replies":[{"embeddable":true,"href":"https:\/\/antofapop.cl\/index.php\/wp-json\/wp\/v2\/comments?post=22874"}],"version-history":[{"count":1,"href":"https:\/\/antofapop.cl\/index.php\/wp-json\/wp\/v2\/posts\/22874\/revisions"}],"predecessor-version":[{"id":22876,"href":"https:\/\/antofapop.cl\/index.php\/wp-json\/wp\/v2\/posts\/22874\/revisions\/22876"}],"wp:featuredmedia":[{"embeddable":true,"href":"https:\/\/antofapop.cl\/index.php\/wp-json\/wp\/v2\/media\/22875"}],"wp:attachment":[{"href":"https:\/\/antofapop.cl\/index.php\/wp-json\/wp\/v2\/media?parent=22874"}],"wp:term":[{"taxonomy":"category","embeddable":true,"href":"https:\/\/antofapop.cl\/index.php\/wp-json\/wp\/v2\/categories?post=22874"},{"taxonomy":"post_tag","embeddable":true,"href":"https:\/\/antofapop.cl\/index.php\/wp-json\/wp\/v2\/tags?post=22874"}],"curies":[{"name":"wp","href":"https:\/\/api.w.org\/{rel}","templated":true}]}}