{"id":22880,"date":"2026-08-31T16:07:41","date_gmt":"2026-08-31T13:07:41","guid":{"rendered":"https:\/\/antofapop.cl\/?p=22880"},"modified":"2026-08-31T16:07:42","modified_gmt":"2026-08-31T13:07:42","slug":"mi-primer-libro-de-redes-sociales-la-lectura-fundamental-para-los-emprendedores","status":"publish","type":"post","link":"https:\/\/antofapop.cl\/index.php\/2026\/08\/31\/mi-primer-libro-de-redes-sociales-la-lectura-fundamental-para-los-emprendedores\/","title":{"rendered":"&#8220;Mi primer libro de redes sociales&#8221;: La lectura fundamental para los emprendedores"},"content":{"rendered":"<div class='booster-block booster-read-block'>\n                <div class=\"twp-read-time\">\n                \t<i class=\"booster-icon twp-clock\"><\/i> <span>Tiempo de Lectura:<\/span>1 Minutos, 50 Segundos                <\/div>\n\n            <\/div>\n<p><strong><em>El libro entrega estrategias para el nuevo lenguaje en internet, formas de postear, recursos y una correcta gesti\u00f3n de prensa para aparecer en medios, televisi\u00f3n y\u00a0radios.\u00a0<\/em><\/strong><\/p>\n\n\n\n<p>Muchas personas sienten que el mundo digital es complejo o inaccesible, &#8220;Mi primer libro de redes sociales&#8221;, te demuestra exactamente lo contrario: Comunicar, Conectar y Crecer en internet puede ser simple cuando se entiende c\u00f3mo funciona cada plataforma y cu\u00e1l es el verdadero valor de una comunidad.&nbsp;<\/p>\n\n\n\n<p>El libro entrega las claves para crear contenido atractivo, fortalecer marcas, generar interacci\u00f3n aut\u00e9ntica y desarrollar una presencia digital con credibilidad y prop\u00f3sito. Desde Facebook e Instagram hasta TikTok, LinkedIn y la gesti\u00f3n de prensa, esta obra gu\u00eda paso a paso a quienes desean aprovechar el potencial de los medios digitales sin perder su identidad.&nbsp;<\/p>\n\n\n\n<p><strong><em>&#8220;Mi primer libro de redes sociales&#8221;<\/em><\/strong><strong>&nbsp;est\u00e1 escrito por el Periodista y Creador de Contenido, Juan \u00c1ngel Torres Escalera<\/strong>, y agrupa la experiencia comunicacional llevada a cabo en el norte, centro y sur de Chile.&nbsp;<\/p>\n\n\n\n<p>&#8220;Es el libro ideal para las y los emprendedores que buscan impulsar su negocio en redes sociales a trav\u00e9s de la construcci\u00f3n de una potente credibilidad que te entrega el correcto lenguaje comunicacional. Todos son capaces y puedo ayudarlos en ese proceso&#8221;, asegur\u00f3.&nbsp;<\/p>\n\n\n\n<p>Consultado sobre la aparici\u00f3n en prensa, el aludido respondi\u00f3 que &#8220;en el libro tambi\u00e9n encontrar\u00e1n t\u00e9cnicas y formas para una gesti\u00f3n de prensa efectiva, que recursos enviar y de qu\u00e9 forma entrar en contacto con periodistas de televisi\u00f3n o radio&#8221;.&nbsp;<\/p>\n\n\n\n<p>&#8220;El libro es sin duda un compa\u00f1ero fiel para trabajar en equipo para potenciar la imagen en redes sociales, una identidad virtual y elevar las ventas, todo es un camino y esto puede ser el punto de partida&#8221;, agreg\u00f3 el periodista.&nbsp;&nbsp;<\/p>\n\n\n\n<p>El libro puede ser adquirido por diversas plataformas y por redes sociales @miprimer.libro&nbsp;<\/p>\n\n\n\n<p>Mercado Libre&nbsp;<a href=\"https:\/\/www.mercadolibre.cl\/mi-primer-libro-de-redes-sociales\/up\/MLCU4838532880\" target=\"_blank\" rel=\"noreferrer noopener\">https:\/\/www.mercadolibre.cl\/mi-primer-libro-de-redes-sociales\/up\/MLCU4838532880<\/a>&nbsp;<\/p>\n\n\n\n<p>Busca Libre -&gt;&nbsp;<a href=\"https:\/\/www.buscalibre.cl\/libro-mi-primer-libro-de-redes-sociales\/9789564242040\/p\/68517535?srsltid=AfmBOopzUhg1IoPj-mXy9GovmbYMIqTdhwT7eGSmx854b60d8YcKm6lM\" target=\"_blank\" rel=\"noreferrer noopener\">https:\/\/www.buscalibre.cl\/libro-mi-primer-libro-de-redes-sociales\/9789564242040\/p\/68517535?srsltid=AfmBOopzUhg1IoPj-mXy9GovmbYMIqTdhwT7eGSmx854b60d8YcKm6lM<\/a>&nbsp;<\/p>\n\n\n\n<p>Amazon -&gt;&nbsp;<a href=\"https:\/\/www.amazon.com\/-\/es\/Juan-%C3%81ngel-Torres-ebook\/dp\/B0HCDRRRY8\" target=\"_blank\" rel=\"noreferrer noopener\">https:\/\/www.amazon.com\/-\/es\/Juan-%C3%81ngel-Torres-ebook\/dp\/B0HCDRRRY8<\/a>&nbsp;<\/p>\n","protected":false},"excerpt":{"rendered":"<p>El libro entrega estrategias para el nuevo lenguaje en internet, formas de postear, recursos y una correcta gesti\u00f3n de prensa para aparecer en medios, televisi\u00f3n y\u00a0radios.\u00a0 Muchas personas sienten que&hellip;<\/p>\n","protected":false},"author":2,"featured_media":22881,"comment_status":"closed","ping_status":"closed","sticky":false,"template":"","format":"standard","meta":{"_monsterinsights_skip_tracking":false,"footnotes":""},"categories":[197,2405],"tags":[142,5746,494,319,522,569,570],"class_list":["post-22880","post","type-post","status-publish","format-standard","has-post-thumbnail","hentry","category-libros","category-region","tag-emprendedores","tag-fundamental","tag-lectura","tag-libro","tag-primer","tag-redes","tag-sociales"],"_links":{"self":[{"href":"https:\/\/antofapop.cl\/index.php\/wp-json\/wp\/v2\/posts\/22880"}],"collection":[{"href":"https:\/\/antofapop.cl\/index.php\/wp-json\/wp\/v2\/posts"}],"about":[{"href":"https:\/\/antofapop.cl\/index.php\/wp-json\/wp\/v2\/types\/post"}],"author":[{"embeddable":true,"href":"https:\/\/antofapop.cl\/index.php\/wp-json\/wp\/v2\/users\/2"}],"replies":[{"embeddable":true,"href":"https:\/\/antofapop.cl\/index.php\/wp-json\/wp\/v2\/comments?post=22880"}],"version-history":[{"count":1,"href":"https:\/\/antofapop.cl\/index.php\/wp-json\/wp\/v2\/posts\/22880\/revisions"}],"predecessor-version":[{"id":22882,"href":"https:\/\/antofapop.cl\/index.php\/wp-json\/wp\/v2\/posts\/22880\/revisions\/22882"}],"wp:featuredmedia":[{"embeddable":true,"href":"https:\/\/antofapop.cl\/index.php\/wp-json\/wp\/v2\/media\/22881"}],"wp:attachment":[{"href":"https:\/\/antofapop.cl\/index.php\/wp-json\/wp\/v2\/media?parent=22880"}],"wp:term":[{"taxonomy":"category","embeddable":true,"href":"https:\/\/antofapop.cl\/index.php\/wp-json\/wp\/v2\/categories?post=22880"},{"taxonomy":"post_tag","embeddable":true,"href":"https:\/\/antofapop.cl\/index.php\/wp-json\/wp\/v2\/tags?post=22880"}],"curies":[{"name":"wp","href":"https:\/\/api.w.org\/{rel}","templated":true}]}}