{"id":22883,"date":"2026-08-31T17:00:39","date_gmt":"2026-08-31T14:00:39","guid":{"rendered":"https:\/\/antofapop.cl\/?p=22883"},"modified":"2026-08-31T17:00:40","modified_gmt":"2026-08-31T14:00:40","slug":"mas-de-500-ofertas-laborales-para-personas-con-discapacidad-se-esperan-en-festidei","status":"publish","type":"post","link":"https:\/\/antofapop.cl\/index.php\/2026\/08\/31\/mas-de-500-ofertas-laborales-para-personas-con-discapacidad-se-esperan-en-festidei\/","title":{"rendered":"M\u00e1s de 500 ofertas laborales para personas con\u00a0discapacidad se esperan en FESTIDEI"},"content":{"rendered":"<div class='booster-block booster-read-block'>\n                <div class=\"twp-read-time\">\n                \t<i class=\"booster-icon twp-clock\"><\/i> <span>Tiempo de Lectura:<\/span>1 Minutos, 39 Segundos                <\/div>\n\n            <\/div>\n<p>Este <strong>viernes 4 de septiembre<\/strong>, Antofagasta ser\u00e1 sede de <strong>FestiDEI 2026<\/strong>, un gran encuentro ciudadano que reunir\u00e1 <strong>m\u00e1s de 500 ofertas laborales para personas con discapacidad<\/strong>, junto a empresas, instituciones p\u00fablicas y organizaciones sociales comprometidas con la inclusi\u00f3n.<\/p>\n\n\n\n<p>Esta actividad se realizar\u00e1 en el <strong>Complejo Deportivo Angamos<\/strong>, desde las <strong>09:00 horas<\/strong>, y contar\u00e1 con una feria laboral, recepci\u00f3n de curr\u00edculums, orientaci\u00f3n para la b\u00fasqueda de empleo, charlas y contacto directo con empresas que desean incorporar talento diverso; entre las empresas participantes en este encuentro por la inclusi\u00f3n estar\u00e1n presentes: Escondida | BHP, Novandino, Antofagasta Minerals, Acciona, CODELCO, E+Mineras, Miradas Compartidas, Mis Talentos, Minera Meridian, SOFAB, Glencore\/Altonorte, Kyklos, Macady Neurodesarrollo Integral, Servicios LYG, EI Montajes-Echeverr\u00eda Izquierdo, MPM , HMC Minera, Puerto Antofagasta, AIEP, Veltis , WIM Chile y UTEM,&nbsp; entre otras organizaciones<\/p>\n\n\n\n<p>\u201c<em>Queremos que las personas con discapacidad accedan a oportunidades, puedan conversar directamente con empresas y participen en charlas laborales durante toda la jornada. FestiDEI es una puerta concreta hacia el empleo y una mayor inclusi\u00f3n en la Regi\u00f3n de Antofagasta<\/em>\u201d, destac\u00f3 Paola Ortega, directora ejecutiva de FestiDEI y Expo Inclusi\u00f3n.<\/p>\n\n\n\n<p>Desde las <strong>17:00 horas<\/strong>, la jornada continuar\u00e1 con un gran festival inclusivo sin costo&nbsp; que contar\u00e1 con la cantante <strong>Mar\u00eda<\/strong> <strong>Jimena Pereyra;<\/strong> el standapero <strong>Se\u00f1or Kampos<\/strong>, \u00e9xito del afamado programa Coliseo; el comediante antofagastino <strong>Juan Pablo Ramos- JPez,<\/strong> y la baladista local <strong>Milagros<\/strong> <strong>Ordo\u00f1ez<\/strong>.<\/p>\n\n\n\n<p>La apertura estar\u00e1 a cargo del grupo de baile folcl\u00f3rico nortino<strong> Tobas Mayaqui<\/strong>, integrado tambi\u00e9n por personas con discapacidad, en una presentaci\u00f3n que celebrar\u00e1 el talento, la identidad regional y la inclusi\u00f3n.<\/p>\n\n\n\n<p><strong>El acceso a FestiDEI es completamente gratuito.<\/strong> Las personas pueden llegar directamente al recinto o preinscribirse en <a href=\"https:\/\/www.festidei.cl\">www.festidei.cl<\/a> y en la misma p\u00e1gina podr\u00e1n obtener, sin costo, las entradas para el festival.<\/p>\n\n\n\n<p><strong>FestiDEI Antofagasta<\/strong><\/p>\n\n\n\n<p>\ud83d\udcc5 Viernes 4 de septiembre.<br>\ud83d\udd58 Feria laboral y actividades desde las 09:00 horas.<br>\ud83c\udfa4 Festival inclusivo desde las 17:00 horas.<br>\ud83d\udccd Complejo Deportivo Angamos, Antofagasta.<br>\ud83c\udf9f\ufe0f Acceso y entradas gratuitas en <a href=\"https:\/\/www.festidei.cl\">www.festidei.cl<\/a><\/p>\n","protected":false},"excerpt":{"rendered":"<p>Este viernes 4 de septiembre, Antofagasta ser\u00e1 sede de FestiDEI 2026, un gran encuentro ciudadano que reunir\u00e1 m\u00e1s de 500 ofertas laborales para personas con discapacidad, junto a empresas, instituciones&hellip;<\/p>\n","protected":false},"author":2,"featured_media":22884,"comment_status":"closed","ping_status":"closed","sticky":false,"template":"","format":"standard","meta":{"_monsterinsights_skip_tracking":false,"footnotes":""},"categories":[2,9263],"tags":[785,10773,9740,1245,398],"class_list":["post-22883","post","type-post","status-publish","format-standard","has-post-thumbnail","hentry","category-antofagasta","category-sociedad","tag-discapacidad","tag-festidei","tag-laborales","tag-ofertas","tag-personas"],"_links":{"self":[{"href":"https:\/\/antofapop.cl\/index.php\/wp-json\/wp\/v2\/posts\/22883"}],"collection":[{"href":"https:\/\/antofapop.cl\/index.php\/wp-json\/wp\/v2\/posts"}],"about":[{"href":"https:\/\/antofapop.cl\/index.php\/wp-json\/wp\/v2\/types\/post"}],"author":[{"embeddable":true,"href":"https:\/\/antofapop.cl\/index.php\/wp-json\/wp\/v2\/users\/2"}],"replies":[{"embeddable":true,"href":"https:\/\/antofapop.cl\/index.php\/wp-json\/wp\/v2\/comments?post=22883"}],"version-history":[{"count":1,"href":"https:\/\/antofapop.cl\/index.php\/wp-json\/wp\/v2\/posts\/22883\/revisions"}],"predecessor-version":[{"id":22885,"href":"https:\/\/antofapop.cl\/index.php\/wp-json\/wp\/v2\/posts\/22883\/revisions\/22885"}],"wp:featuredmedia":[{"embeddable":true,"href":"https:\/\/antofapop.cl\/index.php\/wp-json\/wp\/v2\/media\/22884"}],"wp:attachment":[{"href":"https:\/\/antofapop.cl\/index.php\/wp-json\/wp\/v2\/media?parent=22883"}],"wp:term":[{"taxonomy":"category","embeddable":true,"href":"https:\/\/antofapop.cl\/index.php\/wp-json\/wp\/v2\/categories?post=22883"},{"taxonomy":"post_tag","embeddable":true,"href":"https:\/\/antofapop.cl\/index.php\/wp-json\/wp\/v2\/tags?post=22883"}],"curies":[{"name":"wp","href":"https:\/\/api.w.org\/{rel}","templated":true}]}}