{"id":22895,"date":"2026-09-02T15:01:19","date_gmt":"2026-09-02T12:01:19","guid":{"rendered":"https:\/\/antofapop.cl\/?p=22895"},"modified":"2026-09-02T15:01:19","modified_gmt":"2026-09-02T12:01:19","slug":"documental-rescata-la-memoria-de-chacabuco-y-lleva-su-historia-a-las-nuevas-generaciones","status":"publish","type":"post","link":"https:\/\/antofapop.cl\/index.php\/2026\/09\/02\/documental-rescata-la-memoria-de-chacabuco-y-lleva-su-historia-a-las-nuevas-generaciones\/","title":{"rendered":"Documental rescata la memoria de Chacabuco y lleva su historia a las nuevas generaciones"},"content":{"rendered":"<div class='booster-block booster-read-block'>\n                <div class=\"twp-read-time\">\n                \t<i class=\"booster-icon twp-clock\"><\/i> <span>Tiempo de Lectura:<\/span>3 Minutos, 37 Segundos                <\/div>\n\n            <\/div>\n<p><em><strong>El documental ya puede verse gratuitamente en <a href=\"http:\/\/www.documentalchacabuco.cl\/\" target=\"_blank\" rel=\"noreferrer noopener\">www.documentalchacabuco.cl<\/a> y desde septiembre ser\u00e1 exhibido a nivel nacional por U. de Chile TV.<\/strong><\/em><\/p>\n\n\n\n<p>Las historias de quienes habitaron Chacabuco, la vida que alguna vez llen\u00f3 sus calles en medio de la pampa y uno de los cap\u00edtulos m\u00e1s complejos de la historia reciente del pa\u00eds son parte de <strong>\u201cRecuperando la memoria, el documental de la Oficina Salitrera Chacabuco\u201d<\/strong>, producci\u00f3n audiovisual estrenada oficialmente en el Sal\u00f3n Horacio Mel\u00e9ndez de la Universidad de Antofagasta.<\/p>\n\n\n\n<p>Durante poco m\u00e1s de 40 minutos, testimonios, registros en terreno y material de archivo reconstruyen las distintas dimensiones de Chacabuco y permiten recorrer su transformaci\u00f3n a trav\u00e9s del tiempo: desde su origen como uno de los principales enclaves de la industria salitrera del norte de Chile, pasando por su utilizaci\u00f3n como campo de prisioneros pol\u00edticos despu\u00e9s del Golpe de Estado de 1973, hasta su actual condici\u00f3n de Monumento Hist\u00f3rico y Sitio de Memoria.<\/p>\n\n\n\n<p>Entre las voces que construyen este relato se encuentra <strong>Sergio Guim Araya, una de las \u00faltimas personas nacidas en Chacabuco<\/strong>, quien vuelve sobre sus recuerdos y experiencias de vida en la oficina. Su testimonio se complementa con la mirada de historiadores de la regi\u00f3n e integrantes de la Corporaci\u00f3n Museo del Salitre Chacabuco, dando forma a una narraci\u00f3n que busca preservar no solo edificios y fotograf\u00edas, sino tambi\u00e9n las experiencias humanas que permanecen vinculadas a este lugar.<\/p>\n\n\n\n<p>La producci\u00f3n incorpora adem\u00e1s herramientas de <strong>inteligencia artificial para animar antiguas fotograf\u00edas<\/strong>, generando una aproximaci\u00f3n visual diferente a escenas y protagonistas de la \u00e9poca. A ello se suma una versi\u00f3n adaptada en <strong>lengua de se\u00f1as chilena<\/strong>, ampliando el acceso al contenido y a la historia patrimonial que aborda el proyecto.<\/p>\n\n\n\n<p><strong>PATRIMONIO<\/strong><\/p>\n\n\n\n<p>El estreno reuni\u00f3 a representantes del Gobierno Regional de Antofagasta, la Corporaci\u00f3n Museo del Salitre Chacabuco y la Universidad de Antofagasta. El proyecto fue financiado por el Gobierno Regional de Antofagasta, a trav\u00e9s del Fondo Nacional de Desarrollo Regional (FNDR) 8% Cultura 2025, recursos aprobados por el Consejo Regional de Antofagasta.<\/p>\n\n\n\n<p>El jefe de la Divisi\u00f3n de Desarrollo Social y Humano del Gobierno Regional, <strong>\u00c1ngel Gonz\u00e1lez<\/strong>, destac\u00f3 que la iniciativa permite abordar las distintas dimensiones que conviven en Chacabuco.<\/p>\n\n\n\n<p>\u201cLa ex Oficina Salitrera Chacabuco es parte importante de nuestro patrimonio y de la historia de familias que vivieron y nacieron all\u00ed, con una historia arraigada a la pampa nacional, pero tambi\u00e9n con una parte oscura de nuestro pa\u00eds, como fue el ex campo de prisioneros pol\u00edticos\u201d, expres\u00f3.<\/p>\n\n\n\n<p>Construida a partir de 1922, Chacabuco lleg\u00f3 a albergar a cerca de cinco mil habitantes y fue concebida pr\u00e1cticamente como una ciudad en medio del desierto, con escuela, pulper\u00eda, hospital, iglesia, mercado, espacios deportivos y un emblem\u00e1tico teatro.<\/p>\n\n\n\n<p>Su etapa como campamento salitrero se extendi\u00f3 por 14 a\u00f1os, hasta su cierre en 1940. En 1971 fue declarada Monumento Hist\u00f3rico y, despu\u00e9s del golpe de Estado de 1973, parte de sus antiguas viviendas fueron utilizadas como campo de prisioneros pol\u00edticos. D\u00e9cadas m\u00e1s tarde, en 2018, fue reconocida adem\u00e1s como Sitio de Memoria.<\/p>\n\n\n\n<p>Para <strong>Jorge Molina, presidente de la Corporaci\u00f3n Museo del Salitre Chacabuco<\/strong>, el estreno representa un nuevo paso en el trabajo desarrollado para preservar y difundir este patrimonio.<\/p>\n\n\n\n<p>\u201cChacabuco es un Patrimonio Regional y nuestro Directorio tiene como prop\u00f3sito postular el Monumento Hist\u00f3rico y Sitio de Memoria a ser declarado Patrimonio de la Humanidad. Hoy este documental proyecta los valores y principios que representa Chacabuco producto de sus alegr\u00edas y dolores, lo que permite transmitir a nuevas generaciones lo que ocurri\u00f3 tras sus muros y c\u00f3mo en pleno desierto se forj\u00f3 la identidad de los hombres y mujeres que habitamos el desierto del Norte Grande de Chile\u201d.&nbsp;<\/p>\n\n\n\n<p><strong>MEMORIA<\/strong><\/p>\n\n\n\n<p>Mientras que el rector de la Universidad de Antofagasta, <strong>Pablo Camus Galleguillos<\/strong>, relev\u00f3 precisamente la importancia de que esta memoria pueda ser conocida por quienes no alcanzaron a vivir esos procesos hist\u00f3ricos.<\/p>\n\n\n\n<p>\u201cLa memoria de Chacabuco representa un patrimonio regional y nacional. Esta oficina es un monumento hist\u00f3rico y un sitio de memoria que debemos proteger y proyectar. Debemos comprender que la memoria no significa pasado, sino que tambi\u00e9n significa futuro\u201d, se\u00f1al\u00f3.<\/p>\n\n\n\n<p>\u201cRecuperando la memoria\u201d ya se encuentra disponible gratuitamente en <a href=\"http:\/\/www.documentalchacabuco.cl\/\" target=\"_blank\" rel=\"noreferrer noopener\">www.documentalchacabuco.cl<\/a> y, a partir de septiembre, ampliar\u00e1 su alcance con su exhibici\u00f3n a nivel nacional a trav\u00e9s de U. de Chile TV.<\/p>\n\n\n\n<p>Documental:\u00a0<a href=\"https:\/\/www.youtube.com\/watch?v=wZQhx5Y8lIc\" target=\"_blank\" rel=\"noreferrer noopener\">https:\/\/www.youtube.com\/watch?v=wZQhx5Y8lIc<\/a><\/p>\n\n\n\n<p><\/p>\n","protected":false},"excerpt":{"rendered":"<p>El documental ya puede verse gratuitamente en www.documentalchacabuco.cl y desde septiembre ser\u00e1 exhibido a nivel nacional por U. de Chile TV. Las historias de quienes habitaron Chacabuco, la vida que&hellip;<\/p>\n","protected":false},"author":2,"featured_media":22896,"comment_status":"closed","ping_status":"closed","sticky":false,"template":"","format":"standard","meta":{"_monsterinsights_skip_tracking":false,"footnotes":""},"categories":[123,2405],"tags":[4874,481,4431,479,1844,1698],"class_list":["post-22895","post","type-post","status-publish","format-standard","has-post-thumbnail","hentry","category-cine-tv-y-teatro","category-region","tag-chacabuco","tag-documental","tag-generaciones","tag-historia","tag-memoria","tag-nuevas"],"_links":{"self":[{"href":"https:\/\/antofapop.cl\/index.php\/wp-json\/wp\/v2\/posts\/22895"}],"collection":[{"href":"https:\/\/antofapop.cl\/index.php\/wp-json\/wp\/v2\/posts"}],"about":[{"href":"https:\/\/antofapop.cl\/index.php\/wp-json\/wp\/v2\/types\/post"}],"author":[{"embeddable":true,"href":"https:\/\/antofapop.cl\/index.php\/wp-json\/wp\/v2\/users\/2"}],"replies":[{"embeddable":true,"href":"https:\/\/antofapop.cl\/index.php\/wp-json\/wp\/v2\/comments?post=22895"}],"version-history":[{"count":1,"href":"https:\/\/antofapop.cl\/index.php\/wp-json\/wp\/v2\/posts\/22895\/revisions"}],"predecessor-version":[{"id":22897,"href":"https:\/\/antofapop.cl\/index.php\/wp-json\/wp\/v2\/posts\/22895\/revisions\/22897"}],"wp:featuredmedia":[{"embeddable":true,"href":"https:\/\/antofapop.cl\/index.php\/wp-json\/wp\/v2\/media\/22896"}],"wp:attachment":[{"href":"https:\/\/antofapop.cl\/index.php\/wp-json\/wp\/v2\/media?parent=22895"}],"wp:term":[{"taxonomy":"category","embeddable":true,"href":"https:\/\/antofapop.cl\/index.php\/wp-json\/wp\/v2\/categories?post=22895"},{"taxonomy":"post_tag","embeddable":true,"href":"https:\/\/antofapop.cl\/index.php\/wp-json\/wp\/v2\/tags?post=22895"}],"curies":[{"name":"wp","href":"https:\/\/api.w.org\/{rel}","templated":true}]}}