{"id":22898,"date":"2026-09-02T17:05:10","date_gmt":"2026-09-02T14:05:10","guid":{"rendered":"https:\/\/antofapop.cl\/?p=22898"},"modified":"2026-09-02T17:05:41","modified_gmt":"2026-09-02T14:05:41","slug":"reconocen-aporte-de-medios-de-comunicacion-y-organizaciones-sociales-con-entrega-de-recursos-ffmcs-y-ffoip","status":"publish","type":"post","link":"https:\/\/antofapop.cl\/index.php\/2026\/09\/02\/reconocen-aporte-de-medios-de-comunicacion-y-organizaciones-sociales-con-entrega-de-recursos-ffmcs-y-ffoip\/","title":{"rendered":"Reconocen aporte de medios de comunicaci\u00f3n y organizaciones sociales con entrega de recursos FFMCS y FFOIP"},"content":{"rendered":"<div class='booster-block booster-read-block'>\n                <div class=\"twp-read-time\">\n                \t<i class=\"booster-icon twp-clock\"><\/i> <span>Tiempo de Lectura:<\/span>2 Minutos, 49 Segundos                <\/div>\n\n            <\/div>\n<p><strong><em>Los fondos entregaron m\u00e1s de $213 millones para financiar 62 iniciativas de medios de comunicaci\u00f3n y organizaciones de inter\u00e9s p\u00fablico de la Regi\u00f3n de Antofagasta.<\/em><\/strong><\/p>\n\n\n\n<p>Con el objetivo de reconocer el compromiso de los medios de comunicaci\u00f3n y las organizaciones de la sociedad civil con el desarrollo de las comunidades, se realiz\u00f3 la ceremonia de premiaci\u00f3n de los fondos&nbsp;Fondo de Medios de Comunicaci\u00f3n Social (FFMCS)&nbsp;y&nbsp;Fondo de Fortalecimiento de las Organizaciones de Inter\u00e9s P\u00fablico (FFOIP) 2026, iniciativa que este a\u00f1o contempla recursos por m\u00e1s de&nbsp;$213 millones para 62 proyectos ganadores en la Regi\u00f3n de Antofagasta.&nbsp;<\/p>\n\n\n\n<p>La ceremonia estuvo encabezada por el&nbsp;Subsecretario de Gobierno, Jos\u00e9 Francisco Lagos, y cont\u00f3 con la participaci\u00f3n del&nbsp;Gobernador Regional, Ricardo D\u00edaz; la Delegada Presidencial Regional, Katherine L\u00f3pez; el Delegado Presidencial de El Loa, Cristian Ram\u00edrez; y la Seremi de Gobierno, Catalina Gonz\u00e1lez, adem\u00e1s de representantes de los medios de comunicaci\u00f3n y organizaciones sociales que resultaron beneficiados con estos fondos.&nbsp;<\/p>\n\n\n\n<p>En el caso del&nbsp;Fondo de Medios de Comunicaci\u00f3n Social (FFMCS), durante 2026 se destinaron&nbsp;$149.116.627, beneficiando a&nbsp;36 medios de comunicaci\u00f3n&nbsp;de la regi\u00f3n, entre ellos radios, canales de televisi\u00f3n, medios online y otros proyectos comunicacionales. El fondo tiene como prop\u00f3sito apoyar iniciativas que contribuyan al pluralismo informativo, la difusi\u00f3n de contenidos de inter\u00e9s local y el acceso de las comunidades a informaci\u00f3n relevante.&nbsp;<\/p>\n\n\n\n<p>Por su parte, el&nbsp;Fondo de Fortalecimiento de las Organizaciones de Inter\u00e9s P\u00fablico (FFOIP)&nbsp;contempl\u00f3 una transferencia de&nbsp;$64.370.779 para 26 organizaciones ganadoras&nbsp;de la Regi\u00f3n de Antofagasta. Estos recursos est\u00e1n destinados a respaldar proyectos que fortalezcan a las organizaciones de la sociedad civil, promoviendo su participaci\u00f3n, desarrollo y capacidad de contribuir al bienestar de sus comunidades.&nbsp;<\/p>\n\n\n\n<p>Durante la ceremonia, el&nbsp;Subsecretario de Gobierno, Jos\u00e9 Francisco Lagos, destac\u00f3 la importancia de respaldar tanto a quienes generan informaci\u00f3n desde los territorios como a las organizaciones que trabajan directamente con las comunidades.&nbsp;<\/p>\n\n\n\n<p>\u201cEstos fondos reflejan el compromiso del Gobierno con una ciudadan\u00eda informada y participativa. Los medios locales cumplen una funci\u00f3n fundamental al acercar informaci\u00f3n a las comunidades, mientras que las organizaciones sociales son protagonistas del desarrollo de sus propios territorios. Hoy reconocemos ese trabajo y entregamos herramientas concretas para que puedan seguir aportando\u201d, precis\u00f3.&nbsp;<\/p>\n\n\n\n<p>La&nbsp;Seremi de Gobierno, Catalina Gonz\u00e1lez,&nbsp;por su parte,&nbsp;relev\u00f3 el impacto que tienen ambas l\u00edneas de financiamiento en el trabajo cotidiano que realizan medios y organizaciones sociales.&nbsp;<\/p>\n\n\n\n<p>\u201cDetr\u00e1s de cada proyecto hay personas comprometidas con sus comunidades. Desde el Gobierno queremos reconocer ese esfuerzo y entregar apoyo concreto para que los medios sigan informando desde los territorios y las organizaciones sociales contin\u00faen desarrollando iniciativas que mejoran la vida de sus vecinos.\u201d, manifest\u00f3.&nbsp;<\/p>\n\n\n\n<p>En tanto, el Gobernador Regional, Ricardo D\u00edaz, valor\u00f3 el trabajo conjunto que desarrollan los medios y las organizaciones sociales en beneficio de la regi\u00f3n, recalcando que una regi\u00f3n se fortalece cuando sus comunidades tienen voz, cuando existen organizaciones activas y cuando se cuenta con medios capaces de informar sobre lo que ocurre en nuestros territorios.&nbsp;<\/p>\n\n\n\n<p>La ceremonia de premiaci\u00f3n constituye as\u00ed un reconocimiento al aporte que realizan&nbsp;medios de comunicaci\u00f3n y organizaciones de inter\u00e9s p\u00fablico, fortaleciendo el pluralismo, la participaci\u00f3n ciudadana y el v\u00ednculo entre las comunidades y sus territorios.&nbsp;<\/p>\n\n\n\n<p><\/p>\n","protected":false},"excerpt":{"rendered":"<p>Los fondos entregaron m\u00e1s de $213 millones para financiar 62 iniciativas de medios de comunicaci\u00f3n y organizaciones de inter\u00e9s p\u00fablico de la Regi\u00f3n de Antofagasta. Con el objetivo de reconocer&hellip;<\/p>\n","protected":false},"author":2,"featured_media":22899,"comment_status":"closed","ping_status":"closed","sticky":false,"template":"","format":"standard","meta":{"_monsterinsights_skip_tracking":false,"footnotes":""},"categories":[2405,9263],"tags":[5487,4785,2737,7482,10817,1937,2374,1235,570],"class_list":["post-22898","post","type-post","status-publish","format-standard","has-post-thumbnail","hentry","category-region","category-sociedad","tag-aporte","tag-comunicacion","tag-entrega","tag-ffmcs","tag-ffoip","tag-medios","tag-organizaciones","tag-recursos","tag-sociales"],"_links":{"self":[{"href":"https:\/\/antofapop.cl\/index.php\/wp-json\/wp\/v2\/posts\/22898"}],"collection":[{"href":"https:\/\/antofapop.cl\/index.php\/wp-json\/wp\/v2\/posts"}],"about":[{"href":"https:\/\/antofapop.cl\/index.php\/wp-json\/wp\/v2\/types\/post"}],"author":[{"embeddable":true,"href":"https:\/\/antofapop.cl\/index.php\/wp-json\/wp\/v2\/users\/2"}],"replies":[{"embeddable":true,"href":"https:\/\/antofapop.cl\/index.php\/wp-json\/wp\/v2\/comments?post=22898"}],"version-history":[{"count":1,"href":"https:\/\/antofapop.cl\/index.php\/wp-json\/wp\/v2\/posts\/22898\/revisions"}],"predecessor-version":[{"id":22900,"href":"https:\/\/antofapop.cl\/index.php\/wp-json\/wp\/v2\/posts\/22898\/revisions\/22900"}],"wp:featuredmedia":[{"embeddable":true,"href":"https:\/\/antofapop.cl\/index.php\/wp-json\/wp\/v2\/media\/22899"}],"wp:attachment":[{"href":"https:\/\/antofapop.cl\/index.php\/wp-json\/wp\/v2\/media?parent=22898"}],"wp:term":[{"taxonomy":"category","embeddable":true,"href":"https:\/\/antofapop.cl\/index.php\/wp-json\/wp\/v2\/categories?post=22898"},{"taxonomy":"post_tag","embeddable":true,"href":"https:\/\/antofapop.cl\/index.php\/wp-json\/wp\/v2\/tags?post=22898"}],"curies":[{"name":"wp","href":"https:\/\/api.w.org\/{rel}","templated":true}]}}