{"id":22904,"date":"2026-09-03T15:52:57","date_gmt":"2026-09-03T12:52:57","guid":{"rendered":"https:\/\/antofapop.cl\/?p=22904"},"modified":"2026-09-03T15:52:57","modified_gmt":"2026-09-03T12:52:57","slug":"presentan-agenda-acot-a-dirigentes-sociales-y-aborda-estrategia-contra-el-crimen-organizado","status":"publish","type":"post","link":"https:\/\/antofapop.cl\/index.php\/2026\/09\/03\/presentan-agenda-acot-a-dirigentes-sociales-y-aborda-estrategia-contra-el-crimen-organizado\/","title":{"rendered":"Presentan Agenda ACOT a dirigentes sociales y aborda estrategia contra el crimen organizado"},"content":{"rendered":"<div class='booster-block booster-read-block'>\n                <div class=\"twp-read-time\">\n                \t<i class=\"booster-icon twp-clock\"><\/i> <span>Tiempo de Lectura:<\/span>2 Minutos, 12 Segundos                <\/div>\n\n            <\/div>\n<p><strong><em>Subsecretario General de Gobierno, Jos\u00e9 Francisco Lagos encabez\u00f3 un di\u00e1logo ciudadano junto a la Seremi de Gobierno, Catalina Gonz\u00e1lez, integrantes del gabinete regional y representantes de organizaciones vecinales, quienes plantearon sus principales preocupaciones en materia de seguridad y convivencia en los barrios.\u00a0<\/em><\/strong><\/p>\n\n\n\n<p>Con una amplia participaci\u00f3n de dirigentes vecinales, l\u00edderes sociales y presidentes de juntas de vecinos de distintos sectores de Antofagasta, se desarroll\u00f3 un di\u00e1logo ciudadano participativo encabezado por el&nbsp;Subsecretario General de Gobierno, Jos\u00e9 Francisco Lagos, junto a la&nbsp;Seremi de Gobierno, Catalina Gonz\u00e1lez, y representantes del gabinete regional, instancia que tuvo como principal objetivo presentar la&nbsp;Agenda ACOT&nbsp;(contra el crimen organizado y terrorismo)&nbsp;y&nbsp;recoger las inquietudes de las comunidades&nbsp;&nbsp;<\/p>\n\n\n\n<p>Durante el encuentro, los dirigentes pudieron plantear directamente sus preocupaciones y experiencias respecto de las situaciones que afectan a sus barrios, especialmente aquellas vinculadas con delincuencia, incivilidades, recuperaci\u00f3n de espacios p\u00fablicos y la presencia de organizaciones criminales. El di\u00e1logo permiti\u00f3 conocer de primera fuente las principales demandas de los vecinos y fortalecer el v\u00ednculo entre las autoridades regionales y las comunidades.&nbsp;<\/p>\n\n\n\n<p>El&nbsp;Subsecretario General de Gobierno, Jos\u00e9 Francisco Lagos, destac\u00f3 la importancia de escuchar directamente a los dirigentes sociales como parte de la estrategia del Gobierno&nbsp;del&nbsp;Presidente&nbsp;Jos\u00e9 Antonio&nbsp;Kast&nbsp;para enfrentar el fen\u00f3meno delictual y recuperar la seguridad de los barrios.&nbsp;<\/p>\n\n\n\n<p>\u201cLa seguridad no se construye solamente desde las instituciones, tambi\u00e9n se construye escuchando a los vecinos que conocen lo que ocurre en sus barrios. La Agenda ACOT representa una ruta concreta para enfrentar el crimen organizado y recuperar el control de nuestros territorios, y para eso necesitamos trabajar junto a las comunidades. El Gobierno del&nbsp;Presidente&nbsp;Jos\u00e9 Antonio&nbsp;Kast&nbsp;tiene un compromiso claro: que las familias puedan vivir tranquilas y que los delincuentes sepan que el Estado va a estar presente.\u201d&nbsp;<\/p>\n\n\n\n<p>Por su parte, la&nbsp;Seremi de Gobierno, Catalina Gonz\u00e1lez, valor\u00f3 la participaci\u00f3n de los dirigentes y se\u00f1al\u00f3 que&nbsp;\u201ceste tipo de instancias&nbsp;nos permite escuchar a quienes viven diariamente las distintas realidades de sus barrios. Como Gobierno queremos que los vecinos sepan que sus preocupaciones son escuchadas y que estamos trabajando para recuperar la seguridad, fortalecer la presencia del Estado y entregar respuestas concretas frente al avance del crimen organizado.\u201d&nbsp;<\/p>\n\n\n\n<p>La&nbsp;Agenda ACOT&nbsp;forma parte de la estrategia del Gobierno para enfrentar el crimen organizado y avanzar hacia comunidades m\u00e1s seguras, poniendo especial \u00e9nfasis en la acci\u00f3n coordinada del Estado, el fortalecimiento de las capacidades institucionales y la recuperaci\u00f3n de los territorios para las familias.&nbsp;<\/p>\n","protected":false},"excerpt":{"rendered":"<p>Subsecretario General de Gobierno, Jos\u00e9 Francisco Lagos encabez\u00f3 un di\u00e1logo ciudadano junto a la Seremi de Gobierno, Catalina Gonz\u00e1lez, integrantes del gabinete regional y representantes de organizaciones vecinales, quienes plantearon&hellip;<\/p>\n","protected":false},"author":2,"featured_media":22905,"comment_status":"closed","ping_status":"closed","sticky":false,"template":"","format":"standard","meta":{"_monsterinsights_skip_tracking":false,"footnotes":""},"categories":[2,9263],"tags":[10818,825,10819,9489,1129,6443,570],"class_list":["post-22904","post","type-post","status-publish","format-standard","has-post-thumbnail","hentry","category-antofagasta","category-sociedad","tag-acot","tag-agenda","tag-crimen","tag-dirigentes","tag-estrategia","tag-organizado","tag-sociales"],"_links":{"self":[{"href":"https:\/\/antofapop.cl\/index.php\/wp-json\/wp\/v2\/posts\/22904"}],"collection":[{"href":"https:\/\/antofapop.cl\/index.php\/wp-json\/wp\/v2\/posts"}],"about":[{"href":"https:\/\/antofapop.cl\/index.php\/wp-json\/wp\/v2\/types\/post"}],"author":[{"embeddable":true,"href":"https:\/\/antofapop.cl\/index.php\/wp-json\/wp\/v2\/users\/2"}],"replies":[{"embeddable":true,"href":"https:\/\/antofapop.cl\/index.php\/wp-json\/wp\/v2\/comments?post=22904"}],"version-history":[{"count":1,"href":"https:\/\/antofapop.cl\/index.php\/wp-json\/wp\/v2\/posts\/22904\/revisions"}],"predecessor-version":[{"id":22906,"href":"https:\/\/antofapop.cl\/index.php\/wp-json\/wp\/v2\/posts\/22904\/revisions\/22906"}],"wp:featuredmedia":[{"embeddable":true,"href":"https:\/\/antofapop.cl\/index.php\/wp-json\/wp\/v2\/media\/22905"}],"wp:attachment":[{"href":"https:\/\/antofapop.cl\/index.php\/wp-json\/wp\/v2\/media?parent=22904"}],"wp:term":[{"taxonomy":"category","embeddable":true,"href":"https:\/\/antofapop.cl\/index.php\/wp-json\/wp\/v2\/categories?post=22904"},{"taxonomy":"post_tag","embeddable":true,"href":"https:\/\/antofapop.cl\/index.php\/wp-json\/wp\/v2\/tags?post=22904"}],"curies":[{"name":"wp","href":"https:\/\/api.w.org\/{rel}","templated":true}]}}