{"id":22912,"date":"2026-09-03T17:17:23","date_gmt":"2026-09-03T14:17:23","guid":{"rendered":"https:\/\/antofapop.cl\/?p=22912"},"modified":"2026-09-03T17:17:23","modified_gmt":"2026-09-03T14:17:23","slug":"los-voladores-de-papantla-inauguraran-identidades-festival-2026","status":"publish","type":"post","link":"https:\/\/antofapop.cl\/index.php\/2026\/09\/03\/los-voladores-de-papantla-inauguraran-identidades-festival-2026\/","title":{"rendered":"&#8220;Los Voladores de Papantla&#8221; inaugurar\u00e1n Identidades Festival 2026"},"content":{"rendered":"<div class='booster-block booster-read-block'>\n                <div class=\"twp-read-time\">\n                \t<i class=\"booster-icon twp-clock\"><\/i> <span>Tiempo de Lectura:<\/span>4 Minutos, 24 Segundos                <\/div>\n\n            <\/div>\n<p><strong><em>El festival de artes esc\u00e9nicas, presentado por Escondida | BHP, se realizar\u00e1 entre el 5 y el 12 de octubre en el Anfiteatro de las Ruinas de Huanchaca, reuniendo expresiones culturales de M\u00e9xico, Rapa Nui y Chile en una programaci\u00f3n gratuita que celebra el patrimonio, la memoria y las identidades de los territorios.<\/em><\/strong><\/p>\n\n\n\n<p>Con la presencia de los Voladores de Papantla, ceremonia ancestral mexicana reconocida por la UNESCO como Patrimonio Cultural Inmaterial de la Humanidad, comenzar\u00e1 una nueva edici\u00f3n de Identidades Festival Internacional de Artes Esc\u00e9nicas en el Desierto de Atacama, evento que entre el 5 y el 12 de octubre volver\u00e1 a convertir a las Ruinas de Huanchaca en uno de los principales escenarios culturales del norte de Chile.<\/p>\n\n\n\n<p>Presentado por Escondida | BHP, en el marco de su Plan de Cultura y Patrimonio, el festival reunir\u00e1 una especial programaci\u00f3n que incluir\u00e1 espect\u00e1culos nacionales e internacionales. As\u00ed como tambi\u00e9n seminarios de formaci\u00f3n, charlas magistrales y los tradicionales trueques culturales, espacios de encuentro e intercambio de saberes entre artistas, comunidades y organizaciones del territorio.<\/p>\n\n\n\n<p>Este a\u00f1o, bajo la l\u00ednea curatorial <strong>Creadores de Ra\u00edz<\/strong>, el festival revitalizar\u00e1 la memoria, la trayectoria y el legado de grandes creadores, reconociendo a quienes han construido m\u00e9todos, lenguajes y expresiones art\u00edsticas vinculadas a sus territorios y comunidades.<\/p>\n\n\n\n<p>\u201cDurante doce a\u00f1os, Identidades Festival ha construido un espacio para el encuentro entre las artes, las comunidades y los territorios. Creemos que el acceso a la cultura es fundamental para el desarrollo de las personas y la construcci\u00f3n de sociedades m\u00e1s diversas y conectadas\u201d, se\u00f1al\u00f3 Alejandra Rojas Pinto, directora de Identidades Festival y de la Corporaci\u00f3n Cultural La Huella Teatro.<\/p>\n\n\n\n<p>Este a\u00f1o queremos destacar la experiencia y el conocimiento que se transmite entre generaciones, valorando a creadores que han dejado una huella profunda en sus comunidades y cuyo legado sigue vivo, a trav\u00e9s de nuevas formas de creaci\u00f3n y aprendizaje\u201d, agreg\u00f3.<\/p>\n\n\n\n<p>\u201cJunto a La Huella Teatro, hemos acompa\u00f1ado el crecimiento de Identidades Festival durante sus doce a\u00f1os de historia, compartiendo el prop\u00f3sito de acercar la cultura a las personas y fortalecer la identidad de los territorios. M\u00e1s de 100 mil personas han sido parte de este encuentro, consolid\u00e1ndose como una de las iniciativas culturales m\u00e1s importantes del norte de Chile y un espacio que promueve el di\u00e1logo entre culturas y pone en valor la riqueza patrimonial de la regi\u00f3n\u201d, destac\u00f3 Pablo Pisani, vicepresidente de Asuntos Corporativos y Comunicaciones de Escondida | BHP.<\/p>\n\n\n\n<p>A su vez, Ricardo D\u00edaz Cort\u00e9s, gobernador regional de Antofagasta recalc\u00f3 que \u201cpara el Gobierno Regional, es de prioridad contribuir al fortalecimiento de la cultura local y sus artistas. En esta oportunidad, el GORE est\u00e1 financiando, v\u00eda asignaci\u00f3n directa, casi 50 millones de pesos (FNDR) para Identidades, un festival de artes esc\u00e9nicas muy reconocido en la regi\u00f3n, que aporta al desarrollo comunitario y al potenciamiento de las expresiones culturales propias de nuestro territorio\u201d.<\/p>\n\n\n\n<p><strong>Programaci\u00f3n<\/strong><\/p>\n\n\n\n<p>La programaci\u00f3n 2026 reunir\u00e1 expresiones art\u00edsticas y culturales provenientes de distintos territorios y tradiciones. Entre sus principales propuestas destacan los <strong>Voladores de Papantla<\/strong>, ceremonia ritual prehisp\u00e1nica originaria de Veracruz, adem\u00e1s del concierto de <strong>Topatangi<\/strong>, agrupaci\u00f3n emblem\u00e1tica de Rapa Nui que fusiona el folclore de la isla con sonidos polin\u00e9sicos, country y pop-rock.<\/p>\n\n\n\n<p>Tambi\u00e9n, se presentar\u00e1n las obras <strong>Escuela de Payasos<\/strong>, de Teatro Klon; <strong>C\u00e1pac \u00d1an. El camino del Inca,<\/strong> de Tryo Teatro Banda; y <strong>Lo crudo, lo cocido, lo podrido<\/strong>, emblem\u00e1tica creaci\u00f3n de Marco Antonio de la Parra, dirigida e interpretada por Teatro Imagen.<\/p>\n\n\n\n<p>Sacha Razmilic, alcalde de Antofagasta, se refiri\u00f3 a esta nueva edici\u00f3n destacando que, \u201ces una muy buena noticia para la ciudad y la regi\u00f3n, dado que es una vitrina con una mirada cultural y territorial, adem\u00e1s de un espacio de participaci\u00f3n e identidad para los vecinos de Antofagasta. Esta instancia es m\u00e1s que un espect\u00e1culo, es un lugar de encuentro\u201d.<\/p>\n\n\n\n<p>En tanto, la Seremi de las Culturas, las Artes y el Patrimonio en Antofagasta, Paula Rodr\u00edguez, destac\u00f3 que \u201cvaloramos y apoyamos el importante aporte que Identidades Festival ha realizado a lo largo de los a\u00f1os, fomentando el acceso a las artes y contribuyendo a la formaci\u00f3n de audiencias en nuestra regi\u00f3n. Este respaldo se traduce en el financiamiento, a trav\u00e9s del Fondo de Artes Esc\u00e9nicas, y con especial orgullo en el reconocimiento de La Huella Teatro como Compa\u00f1\u00eda de Trayectoria de las Artes Esc\u00e9nicas por parte de nuestro Ministerio&#8221;.<\/p>\n\n\n\n<p>El escenario principal ser\u00e1 nuevamente el Anfiteatro de las Ruinas de Huanchaca, Monumento Hist\u00f3rico Nacional que recibir\u00e1 una programaci\u00f3n art\u00edstica y cultural de primer nivel, abierta a toda la comunidad.<\/p>\n\n\n\n<p>Identidades es un proyecto de la Corporaci\u00f3n Cultural La Huella Teatro, presentado por Escondida | BHP, financiado por el Gobierno Regional de Antofagasta con recursos del FNDR 8% Asignaci\u00f3n Directa 2026 ($49.999.994) aprobados por el Consejo Regional de Antofagasta. Adem\u00e1s, cuenta con el apoyo del Fondo Nacional de Fomento y Desarrollo de las Artes Esc\u00e9nicas del Ministerio de las Culturas, las Artes y el Patrimonio. El festival se enmarca en el Decenio Internacional de las Lenguas Ind\u00edgenas de la UNESCO.<\/p>\n\n\n\n<p>Todas las actividades son gratuitas, con retiro previo de entradas. El retiro f\u00edsico comenzar\u00e1 el 29 de septiembre, en el frontis del Teatro Municipal de Antofagasta, mientras que las entradas digitales y las inscripciones para seminarios y charlas, estar\u00e1n disponibles desde el 14 de septiembre en <a href=\"http:\/\/www.carpaidentidades.cl\/\" target=\"_blank\" rel=\"noreferrer noopener\">http:\/\/www.carpaidentidades.cl<\/a><\/p>\n","protected":false},"excerpt":{"rendered":"<p>El festival de artes esc\u00e9nicas, presentado por Escondida | BHP, se realizar\u00e1 entre el 5 y el 12 de octubre en el Anfiteatro de las Ruinas de Huanchaca, reuniendo expresiones&hellip;<\/p>\n","protected":false},"author":2,"featured_media":22913,"comment_status":"closed","ping_status":"closed","sticky":false,"template":"","format":"standard","meta":{"_monsterinsights_skip_tracking":false,"footnotes":""},"categories":[178,2405],"tags":[138,2166,10821,10820],"class_list":["post-22912","post","type-post","status-publish","format-standard","has-post-thumbnail","hentry","category-arte-cultura","category-region","tag-festival","tag-identidades","tag-papantla","tag-voladores"],"_links":{"self":[{"href":"https:\/\/antofapop.cl\/index.php\/wp-json\/wp\/v2\/posts\/22912"}],"collection":[{"href":"https:\/\/antofapop.cl\/index.php\/wp-json\/wp\/v2\/posts"}],"about":[{"href":"https:\/\/antofapop.cl\/index.php\/wp-json\/wp\/v2\/types\/post"}],"author":[{"embeddable":true,"href":"https:\/\/antofapop.cl\/index.php\/wp-json\/wp\/v2\/users\/2"}],"replies":[{"embeddable":true,"href":"https:\/\/antofapop.cl\/index.php\/wp-json\/wp\/v2\/comments?post=22912"}],"version-history":[{"count":1,"href":"https:\/\/antofapop.cl\/index.php\/wp-json\/wp\/v2\/posts\/22912\/revisions"}],"predecessor-version":[{"id":22914,"href":"https:\/\/antofapop.cl\/index.php\/wp-json\/wp\/v2\/posts\/22912\/revisions\/22914"}],"wp:featuredmedia":[{"embeddable":true,"href":"https:\/\/antofapop.cl\/index.php\/wp-json\/wp\/v2\/media\/22913"}],"wp:attachment":[{"href":"https:\/\/antofapop.cl\/index.php\/wp-json\/wp\/v2\/media?parent=22912"}],"wp:term":[{"taxonomy":"category","embeddable":true,"href":"https:\/\/antofapop.cl\/index.php\/wp-json\/wp\/v2\/categories?post=22912"},{"taxonomy":"post_tag","embeddable":true,"href":"https:\/\/antofapop.cl\/index.php\/wp-json\/wp\/v2\/tags?post=22912"}],"curies":[{"name":"wp","href":"https:\/\/api.w.org\/{rel}","templated":true}]}}