{"id":22915,"date":"2026-09-04T15:06:50","date_gmt":"2026-09-04T12:06:50","guid":{"rendered":"https:\/\/antofapop.cl\/?p=22915"},"modified":"2026-09-04T15:06:50","modified_gmt":"2026-09-04T12:06:50","slug":"11-paises-daran-vida-a-festival-de-colectividades-extranjeras","status":"publish","type":"post","link":"https:\/\/antofapop.cl\/index.php\/2026\/09\/04\/11-paises-daran-vida-a-festival-de-colectividades-extranjeras\/","title":{"rendered":"11 pa\u00edses dar\u00e1n vida a Festival de Colectividades Extranjeras"},"content":{"rendered":"<div class='booster-block booster-read-block'>\n                <div class=\"twp-read-time\">\n                \t<i class=\"booster-icon twp-clock\"><\/i> <span>Tiempo de Lectura:<\/span>2 Minutos, 5 Segundos                <\/div>\n\n            <\/div>\n<p>9 a\u00f1os pasaron para que una tradici\u00f3n como es el Festival de Colectividades Extranjeras volvieran a la ciudad, gracias al acci\u00f3n mancomunada de la Municipalidad de Antofagasta y Gobierno Regional que financiaron este evento que tendr\u00e1 lugar entre el 13 y 15 de noviembre en la explanada del Estadio Calvo y Bascu\u00f1\u00e1n.<\/p>\n\n\n\n<p>Este evento organizado por la Corporaci\u00f3n Cultural de Antofagasta (CCA) considera un aporte de $153.239.000 de la Municipalidad de Antofagasta, aprobado por el Concejo Municipal y un aporte de $96.922.023 del Gobierno Regional, recursos que fueron asignados mediante la nueva modalidad de Grandes Eventos del F.N.D.R. 8%.<\/p>\n\n\n\n<p>Esta tradicional fiesta antofagastina es realizada junto a la Corporaci\u00f3n de Colectividades Extranjeras con la participaci\u00f3n de 11 pa\u00edses, entre los que se cuentan Croacia, Italia, Grecia, China, Espa\u00f1a, Uni\u00f3n \u00c1rabe, Argentina, Per\u00fa, Bolivia, Ecuador y Colombia, los cuales mostrar\u00e1n a la comunidad lo mejor de su gastronom\u00eda, costumbres y bailes t\u00edpicos.<\/p>\n\n\n\n<p>El gobernador regional, Ricardo D\u00edaz, se\u00f1al\u00f3 que \u201ceste festival era parte de la identidad de Antofagasta, y ahora estamos recuperando esa identidad. Antofagasta se form\u00f3 con la fuerza, con el apoyo de muchos migrantes que vinieron ac\u00e1, que descubrieron un lugar en donde pueden hacer riqueza, donde pod\u00edan crecer y se fueron generando tradiciones, familias, encuentros y eso es lo que estamos recuperando ac\u00e1. Agradecer al Consejo Regional que ha aprobado recursos que en conjunto con los recursos del municipio nos permite levantar este festival\u201d.<\/p>\n\n\n\n<p>Mientras que el alcalde y presidente del directorio de la (CCA), Sacha Razmilic, valor\u00f3 \u201cla realizaci\u00f3n de una nueva edici\u00f3n de este festival que&nbsp; naci\u00f3 en 1983 con el objetivo de rescatar el aporte de las comunidades extranjeras al desarrollo social, econ\u00f3mico y cultural de Antofagasta, lo cual es una particularidad de nuestra ciudad que queremos poner en valor y proyectar a todo el pa\u00eds y el mundo\u201d.<\/p>\n\n\n\n<p>La presidenta de la Corporaci\u00f3n de Colectividades Extranjeras, Ver\u00f3nica Bravo, manifest\u00f3 su alegr\u00eda por el retorno del festival ya que \u201cesta ser\u00e1 la versi\u00f3n n\u00famero 33 del Festival, que para nosotros es una fiesta que nos hace vibrar, por lo que estamos felices de poder recuperar una tradici\u00f3n que tiene un fuerte arraigo en la comunidad local\u201d.<\/p>\n\n\n\n<p>Finalmente, el director ejecutivo de la CCA, Marcos Celed\u00f3n, valor\u00f3 que \u201cvolveremos a vivir una fiesta que es de todos los antofagastinos y nuestro compromiso como Corporaci\u00f3n Cultural es poner en valor el invaluable legado gastron\u00f3mico, arquitect\u00f3nico y aporte social de las comunidades de pa\u00edses residentes\u201d.<\/p>\n","protected":false},"excerpt":{"rendered":"<p>9 a\u00f1os pasaron para que una tradici\u00f3n como es el Festival de Colectividades Extranjeras volvieran a la ciudad, gracias al acci\u00f3n mancomunada de la Municipalidad de Antofagasta y Gobierno Regional&hellip;<\/p>\n","protected":false},"author":2,"featured_media":22916,"comment_status":"closed","ping_status":"closed","sticky":false,"template":"","format":"standard","meta":{"_monsterinsights_skip_tracking":false,"footnotes":""},"categories":[2,178],"tags":[10811,10812,138,1244,379],"class_list":["post-22915","post","type-post","status-publish","format-standard","has-post-thumbnail","hentry","category-antofagasta","category-arte-cultura","tag-colectividades","tag-extranjeras","tag-festival","tag-paises","tag-vida"],"_links":{"self":[{"href":"https:\/\/antofapop.cl\/index.php\/wp-json\/wp\/v2\/posts\/22915"}],"collection":[{"href":"https:\/\/antofapop.cl\/index.php\/wp-json\/wp\/v2\/posts"}],"about":[{"href":"https:\/\/antofapop.cl\/index.php\/wp-json\/wp\/v2\/types\/post"}],"author":[{"embeddable":true,"href":"https:\/\/antofapop.cl\/index.php\/wp-json\/wp\/v2\/users\/2"}],"replies":[{"embeddable":true,"href":"https:\/\/antofapop.cl\/index.php\/wp-json\/wp\/v2\/comments?post=22915"}],"version-history":[{"count":1,"href":"https:\/\/antofapop.cl\/index.php\/wp-json\/wp\/v2\/posts\/22915\/revisions"}],"predecessor-version":[{"id":22917,"href":"https:\/\/antofapop.cl\/index.php\/wp-json\/wp\/v2\/posts\/22915\/revisions\/22917"}],"wp:featuredmedia":[{"embeddable":true,"href":"https:\/\/antofapop.cl\/index.php\/wp-json\/wp\/v2\/media\/22916"}],"wp:attachment":[{"href":"https:\/\/antofapop.cl\/index.php\/wp-json\/wp\/v2\/media?parent=22915"}],"wp:term":[{"taxonomy":"category","embeddable":true,"href":"https:\/\/antofapop.cl\/index.php\/wp-json\/wp\/v2\/categories?post=22915"},{"taxonomy":"post_tag","embeddable":true,"href":"https:\/\/antofapop.cl\/index.php\/wp-json\/wp\/v2\/tags?post=22915"}],"curies":[{"name":"wp","href":"https:\/\/api.w.org\/{rel}","templated":true}]}}