{"id":9142,"date":"2022-10-06T18:46:12","date_gmt":"2022-10-06T15:46:12","guid":{"rendered":"https:\/\/antofapop.cl\/?p=9142"},"modified":"2022-10-06T18:46:13","modified_gmt":"2022-10-06T15:46:13","slug":"fiesta-de-la-primavera-en-campamento-y-reinicio-del-tour-a-chuquicamata","status":"publish","type":"post","link":"https:\/\/antofapop.cl\/index.php\/2022\/10\/06\/fiesta-de-la-primavera-en-campamento-y-reinicio-del-tour-a-chuquicamata\/","title":{"rendered":"Fiesta de la primavera en campamento y reinicio del tour a Chuquicamata"},"content":{"rendered":"<div class='booster-block booster-read-block'>\n                <div class=\"twp-read-time\">\n                \t<i class=\"booster-icon twp-clock\"><\/i> <span>Tiempo de Lectura:<\/span>1 Minutos, 41 Segundos                <\/div>\n\n            <\/div>\n<p><em><strong>El pr\u00f3ximo 22 y 23 de octubre se desarrollar\u00e1 esta actividad que permitir\u00e1 rememorar los festejos que se realizaban en el campamento<\/strong>.<\/em><\/p>\n\n\n\n<p>Codelco Distrito Norte informa a la comunidad que debido a que la apertura del campamento Chuquicamata anunciada para septiembre y que no pudo realizarse por coyunturas administrativas, otras actividades agendadas en la zona y el feriado largo, se ha propuesto a las organizaciones reprogramar el calendario de septiembre, realizando actividades en octubre.<\/p>\n\n\n\n<p>En este contexto, hemos acordado con las agrupaciones y corporaciones que colaboran en el desarrollo patrimonial de Chuquicamata, desarrollar una programaci\u00f3n de celebraci\u00f3n y apertura del campamento entre el 22 y 23 de octubre, bajo el concepto de la \u201cFiesta de la Primavera\u201d, para rememorar las actividades que anta\u00f1o se realizaban en el mineral.&nbsp;<\/p>\n\n\n\n<p>El programa se dar\u00e1 a conocer la semana del 3 de octubre e invitamos a la comunidad a estar atenta para participar en las distintas actividades, a las que se sumar\u00e1n las iniciativas de conmemoraci\u00f3n del D\u00eda de Todos los Santos en noviembre y la fiesta de Navidad en diciembre.<\/p>\n\n\n\n<p><strong>Tour a Chuquicamata<\/strong><\/p>\n\n\n\n<p>Continuando con la puesta en valor patrimonial de Chuquicamata y considerando la modificaci\u00f3n de las medidas preventivas del Covid 19, informamos a la comunidad que a partir de la semana del 17 de octubre se pondr\u00e1 nuevamente en funcionamiento el tradicional tour a Chuquicamata, que contempla un recorrido por el campamento minero y el rajo.&nbsp;<\/p>\n\n\n\n<p>Como Codelco, aprovechamos esta instancia para destacar que el trabajo patrimonial del resguardo del campamento y de todas las singularidades que correspondan a la protecci\u00f3n del patrimonio chuquicamatino, no s\u00f3lo forma parte de los compromisos contra\u00eddos por Codelco, sino que es la herencia de todas y todos quienes conformamos esta larga historia y es parte sustancial de la identidad lo\u00edna.<\/p>\n\n\n\n<p>Es por ello que, hemos avanzado en conjunto con el Consejo de Monumentos Nacionales, con las Agrupaciones que participan de las Mesas del Patrimonio en establecer lineamientos y elementos concretos que la comunidad pueda apreciar respecto del ex campamento.<\/p>\n","protected":false},"excerpt":{"rendered":"<p>El pr\u00f3ximo 22 y 23 de octubre se desarrollar\u00e1 esta actividad que permitir\u00e1 rememorar los festejos que se realizaban en el campamento. Codelco Distrito Norte informa a la comunidad que&hellip;<\/p>\n","protected":false},"author":1,"featured_media":0,"comment_status":"closed","ping_status":"closed","sticky":false,"template":"","format":"standard","meta":{"_monsterinsights_skip_tracking":false,"_monsterinsights_sitenote_active":false,"_monsterinsights_sitenote_note":"","_monsterinsights_sitenote_category":0,"footnotes":""},"categories":[2221,188],"tags":[2576,4179,1998,2137,1707],"class_list":["post-9142","post","type-post","status-publish","format-standard","hentry","category-calama","category-patrimonio","tag-campamento","tag-chuquicamata","tag-fiesta","tag-primavera","tag-tour"],"_links":{"self":[{"href":"https:\/\/antofapop.cl\/index.php\/wp-json\/wp\/v2\/posts\/9142"}],"collection":[{"href":"https:\/\/antofapop.cl\/index.php\/wp-json\/wp\/v2\/posts"}],"about":[{"href":"https:\/\/antofapop.cl\/index.php\/wp-json\/wp\/v2\/types\/post"}],"author":[{"embeddable":true,"href":"https:\/\/antofapop.cl\/index.php\/wp-json\/wp\/v2\/users\/1"}],"replies":[{"embeddable":true,"href":"https:\/\/antofapop.cl\/index.php\/wp-json\/wp\/v2\/comments?post=9142"}],"version-history":[{"count":1,"href":"https:\/\/antofapop.cl\/index.php\/wp-json\/wp\/v2\/posts\/9142\/revisions"}],"predecessor-version":[{"id":9144,"href":"https:\/\/antofapop.cl\/index.php\/wp-json\/wp\/v2\/posts\/9142\/revisions\/9144"}],"wp:attachment":[{"href":"https:\/\/antofapop.cl\/index.php\/wp-json\/wp\/v2\/media?parent=9142"}],"wp:term":[{"taxonomy":"category","embeddable":true,"href":"https:\/\/antofapop.cl\/index.php\/wp-json\/wp\/v2\/categories?post=9142"},{"taxonomy":"post_tag","embeddable":true,"href":"https:\/\/antofapop.cl\/index.php\/wp-json\/wp\/v2\/tags?post=9142"}],"curies":[{"name":"wp","href":"https:\/\/api.w.org\/{rel}","templated":true}]}}