{"id":9145,"date":"2022-10-06T18:58:46","date_gmt":"2022-10-06T15:58:46","guid":{"rendered":"https:\/\/antofapop.cl\/?p=9145"},"modified":"2022-10-06T18:58:46","modified_gmt":"2022-10-06T15:58:46","slug":"diverso-calendario-de-actividades-se-realizara-en-la-region-por-mes-de-la-memoria","status":"publish","type":"post","link":"https:\/\/antofapop.cl\/index.php\/2022\/10\/06\/diverso-calendario-de-actividades-se-realizara-en-la-region-por-mes-de-la-memoria\/","title":{"rendered":"Diverso calendario de actividades se realizar\u00e1 en la regi\u00f3n por Mes de la Memoria"},"content":{"rendered":"<div class='booster-block booster-read-block'>\n                <div class=\"twp-read-time\">\n                \t<i class=\"booster-icon twp-clock\"><\/i> <span>Tiempo de Lectura:<\/span>6 Minutos, 18 Segundos                <\/div>\n\n            <\/div>\n<p><strong><em>Comunidad de Antofagasta, Calama y Tocopilla podr\u00e1 ser parte de las iniciativas que se llevar\u00e1n a cabo desde el 5 al 26 de octubre.<\/em><\/strong><\/p>\n\n\n\n<p>Exhibiciones de obras art\u00edsticas en Sitios de Memoria, actos culturales, conversatorios y misas, son parte de la variada programaci\u00f3n que realizar\u00e1n diversas agrupaciones de Memoria, Derechos Humanos y Sitios de Memoria. As\u00ed lo dieron a conocer los Seremis de las Culturas, las Artes y el Patrimonio, Claudio Lagos Guti\u00e9rrez y Justicia y Derechos Humanos, Crist\u00f3bal Orellana Osorio junto a&nbsp; representantes de agrupaciones y sitios de memoria involucradas en las actividades que se realizar\u00e1n en el marco del Mes de la Memoria en conmemoraci\u00f3n del paso de la Caravana de la Muerte.<\/p>\n\n\n\n<p>Seg\u00fan explic\u00f3 el seremi de las Culturas, las Artes y el Patrimonio, Claudio Lagos Guti\u00e9rrez, \u201cen nuestra regi\u00f3n uno de los hechos m\u00e1s significativos y que marcan claramente este per\u00edodo tan duro de la dictadura c\u00edvico militar, es precisamente el paso de la Caravana de la Muerte, que se gener\u00f3 durante el mes de octubre en esta regi\u00f3n y donde tenemos una serie de agrupaciones que conmemoran de manera importante esta fecha. Hay un calendario de actividades que desde la mesa de Cultura, Memoria y Derechos Humanos de la Seremi de las Culturas, las Artes y el Patrimonio en conjunto con la Seremi de Justicia y Derechos Humanos, hemos desarrollado con el objetivo de generar memoria, reconocimiento a nuestros ejecutados y detenidos desaparecidos, pero por sobre todo generar conciencia y garant\u00edas de no repetici\u00f3n de este tipo de hechos en nuestro pa\u00eds\u201d.<\/p>\n\n\n\n<p>En tanto, el seremi de Justicia y Derechos Humanos, Crist\u00f3bal Orellana Osorio, destac\u00f3 el hecho que con esta conmemoraci\u00f3n comienzan tambi\u00e9n las actividades con miras a los 50 a\u00f1os del Golpe de Estado. \u201cNos encontramos con el seremi de las Culturas, las Artes y el Patrimonio y agrupaciones de Derechos Humanos ya coordinando lo que ser\u00e1 la conmemoraci\u00f3n de los 50 a\u00f1os del Golpe de Estado y en nuestra regi\u00f3n de Antofagasta hay episodios terribles de la Caravana de la Muerte, por lo que buscamos con esta agenda&nbsp; poder conmemorar a nuestras v\u00edctimas, buscar verdad, justicia, reparaci\u00f3n y medidas de no repetici\u00f3n coordinadamente con las agrupaciones poniendo al centro a las personas, que es un mandato que nos hiciera el presidente Gabriel Boric y en nuestro caso, tambi\u00e9n la Ministra de Justicia y Derechos Humanos, Marcela R\u00edos\u201d.<\/p>\n\n\n\n<p>Por su parte, las agrupaciones de Memoria y Derechos Humanos valoraron la instancia de conmemoraci\u00f3n, tal como lo indic\u00f3 la presidenta de la Agrupaci\u00f3n de Familiares y Ejecutados Pol\u00edticos y Detenidos Desaparecidos de Antofagasta, M\u00f3nica D\u00edaz Garc\u00eda. \u201cLa verdad que a 49 a\u00f1os de este horror que vivimos y que seguimos viviendo los familiares, para nosotros reviste mucha importancia que ad portas de cumplir 50 a\u00f1os se tome este tema en forma relevante, por lo que tenemos variadas actividades que realizaremos de manera conjunta con la agrupaci\u00f3n Providencia\u201d.<\/p>\n\n\n\n<p>A los anuncios y manifestaciones de la importancia que tiene conmemorar y recordar el paso de la Caravana de la Muerte y Golpe de Estado, se sum\u00f3 secretaria de la Agrupaci\u00f3n Familiares y Amigos de Ejecutados Pol\u00edticos y Detenidos Desaparecidos por la Memoria Hist\u00f3rica de Antofagasta, Afaeda, Luc\u00eda Rojas Silva \u201cNosotros en esta oportunidad nos sumaremos con actividades junto a las otras agrupaciones de Memoria Hist\u00f3rica de Antofagasta para recordar a quienes fueron horrorosamente ejecutados y los que a\u00fan se encuentran detenidos,&nbsp; puesto que mientras est\u00e9n detenidos y desaparecidos van a ser tema y debemos recordarlos. Es por eso que nosotros siempre queremos que haya verdad, justicia, reparaci\u00f3n y memoria\u201d.<\/p>\n\n\n\n<p><strong>Calendario de Actividades<\/strong><\/p>\n\n\n\n<p>El calendario de conmemoraci\u00f3n comenzar\u00e1 el mi\u00e9rcoles 5 de octubre, a las 19:00 horas, con el ciclo de cine que efectuar\u00e1 la Biblioteca Regional de Antofagasta mediante la plataforma Ondamedia y que se repetir\u00e1n en el mismo horario el 12,19 y 26 de octubre.<\/p>\n\n\n\n<p>El programa continuar\u00e1 el jueves 6 de octubre, a las 10:00 horas, en la comuna de Calama, con el conversatorio sobre Derechos Humanos y Derechos Morales que realizar\u00e1 la Agrupaci\u00f3n de Familiares de Ejecutados y Detenidos Desaparecidos Pol\u00edticos de Calama, Affedep, en los liceos Bicentenario y B-9.<\/p>\n\n\n\n<p>El s\u00e1bado 8 de octubre, a las 18:00 horas, en el pique minero \u201cLa Veleidosa\u201d de la comuna de Tocopilla, tendr\u00e1 lugar la inauguraci\u00f3n del proyecto \u201cMemoria Entretejida: Recuerdos permanentes\u201d, a cargo de la artista Soledad Mu\u00f1oz y co producida en conjunto a la agrupaci\u00f3n por la Memoria Hist\u00f3rica Providencia, que est\u00e1 siendo organizada por el Consejo de Artes Canad\u00e1, la Comisi\u00f3n Independiente DDHH. Tocopilla y Seremi de las Culturas, las Artes y el Patrimonio de&nbsp; Antofagasta, mientras que el domingo 9 de octubre, a las 10:00 horas, en el mismo lugar se realizar\u00e1 una visita guiada.<\/p>\n\n\n\n<p>Las actividades seguir\u00e1n con la iniciativa de fomento lector \u201cCuento: Especial de Derechos Humanos\u201d que realizar\u00e1 el 14 y 28 de octubre, a las 15 horas, la Biblioteca Regional de Antofagasta en su \u00e1rea infantil.<\/p>\n\n\n\n<p>El 17 y 18 de octubre, de 10 a 18 horas, en plaza 23 de marzo de la comuna de Calama, se presentar\u00e1 la exposici\u00f3n \u201cSi Estoy en tu Memoria, soy Parte de la Historia\u201d, para seguir el 19 de octubre, a las 19:00 horas, con acto conmemorativo en Parque para la Conservaci\u00f3n de la Memoria Hist\u00f3rica, ubicado en la Ruta 23 a 13 kil\u00f3metros de Calama, mientras que para el 20 de octubre, a las 19:00 horas, est\u00e1 contemplada Misa en la catedral San Juan Bautista para culminar a las 20 horas con una Velat\u00f3n en la plaza 23 de marzo. Todas las actividades ser\u00e1n impulsadas por la Agrupaci\u00f3n de Familiares y Ejecutados y Detenidos Desaparecidos de Calama, Afeddep.<\/p>\n\n\n\n<p>La comuna de Antofagasta tambi\u00e9n seguir\u00e1 con actividades a cargo de la Agrupaci\u00f3n de Familiares de Ejecutados Pol\u00edticos y Detenidos Desaparecidos de Antofagasta, Afep. Es as\u00ed, que el 18 de octubre, a las 11 horas, en Hall de Biblioteca Regional de Antofagasta se realizar\u00e1 el Baile \u201cCueca Sola\u201d y a las 11:30 horas en las mismas dependencias, pero en Sala de la Memoria se presentar\u00e1 \u201cRostros de la Memoria\u201d, para continuar a las 12:00 horas en auditorio, con el conversatorio \u201cProvidencia: Un Sitio de Memoria para Antofagasta\u201d.<\/p>\n\n\n\n<p>Para el 19 de octubre, a las 11:30 horas, en la ex c\u00e1rcel de hombres, la Agrupaci\u00f3n por la Memoria Hist\u00f3rica Providencia y&nbsp; la Afep, realizar\u00e1n con apoyo de la Biblioteca Regional de Antofagasta una intervenci\u00f3n de Memoria y a las 20:00 horas, la Afep llevar\u00e1 a cabo una misa en la iglesia Catedral de Antofagasta.<\/p>\n\n\n\n<p>En tanto, el 20 de octubre, a las 15:00 horas, nuevamente la Biblioteca Regional de Antofagasta presentar\u00e1 Cuenta Cuentos: Reflexi\u00f3n y ejercicio de Memoria en torno a DDHH. abierto a todo p\u00fablico, mientras que el 21 de octubre, a las 9:00 y 11:00 horas en sitio de Memoria Providencia se exhibir\u00e1 la obra \u201cMemoria Entretejida\u201d, Caravana de la Muerte, para continuar el 22 a las 17:00 horas con acto central y finalizar a las 18:00 horas con la presentaci\u00f3n de la misma obra \u201cMemoria Entretejida\u201d para invitados y p\u00fablico general. Todas las actividades organizadas por la Agrupaci\u00f3n por la Memoria Hist\u00f3rica Providencia y la Afep.<\/p>\n\n\n\n<p>Cabe destacar que todas las agrupaciones de Memoria y Derechos Humanos y Sitios de Memoria organizadoras de las actividades, forman parte de la mesa de Cultura, Memoria y Derechos Humanos que coordina la Seremi de las Culturas, las Artes y el Patrimonio de Antofagasta junto a la seremi de Justicia y Derechos Humanos.<\/p>\n","protected":false},"excerpt":{"rendered":"<p>Comunidad de Antofagasta, Calama y Tocopilla podr\u00e1 ser parte de las iniciativas que se llevar\u00e1n a cabo desde el 5 al 26 de octubre. Exhibiciones de obras art\u00edsticas en Sitios&hellip;<\/p>\n","protected":false},"author":1,"featured_media":0,"comment_status":"closed","ping_status":"closed","sticky":false,"template":"","format":"standard","meta":{"_monsterinsights_skip_tracking":false,"_monsterinsights_sitenote_active":false,"_monsterinsights_sitenote_note":"","_monsterinsights_sitenote_category":0,"footnotes":""},"categories":[188,2405],"tags":[795,4553,5601,6673,5602,1844,1073,143],"class_list":["post-9145","post","type-post","status-publish","format-standard","hentry","category-patrimonio","category-region","tag-actividades","tag-calendario","tag-derechos","tag-diverso","tag-humanos","tag-memoria","tag-mes","tag-region"],"_links":{"self":[{"href":"https:\/\/antofapop.cl\/index.php\/wp-json\/wp\/v2\/posts\/9145"}],"collection":[{"href":"https:\/\/antofapop.cl\/index.php\/wp-json\/wp\/v2\/posts"}],"about":[{"href":"https:\/\/antofapop.cl\/index.php\/wp-json\/wp\/v2\/types\/post"}],"author":[{"embeddable":true,"href":"https:\/\/antofapop.cl\/index.php\/wp-json\/wp\/v2\/users\/1"}],"replies":[{"embeddable":true,"href":"https:\/\/antofapop.cl\/index.php\/wp-json\/wp\/v2\/comments?post=9145"}],"version-history":[{"count":1,"href":"https:\/\/antofapop.cl\/index.php\/wp-json\/wp\/v2\/posts\/9145\/revisions"}],"predecessor-version":[{"id":9147,"href":"https:\/\/antofapop.cl\/index.php\/wp-json\/wp\/v2\/posts\/9145\/revisions\/9147"}],"wp:attachment":[{"href":"https:\/\/antofapop.cl\/index.php\/wp-json\/wp\/v2\/media?parent=9145"}],"wp:term":[{"taxonomy":"category","embeddable":true,"href":"https:\/\/antofapop.cl\/index.php\/wp-json\/wp\/v2\/categories?post=9145"},{"taxonomy":"post_tag","embeddable":true,"href":"https:\/\/antofapop.cl\/index.php\/wp-json\/wp\/v2\/tags?post=9145"}],"curies":[{"name":"wp","href":"https:\/\/api.w.org\/{rel}","templated":true}]}}